{"id":399,"date":"2024-11-06T11:47:25","date_gmt":"2024-11-06T09:47:25","guid":{"rendered":"\/eixample2025\/?p=399"},"modified":"2024-12-04T13:03:09","modified_gmt":"2024-12-04T11:03:09","slug":"ahir-vam-fer-un-exercici-descalfament-i-a-continuacio-vam-posar-en-escena-idees-escrites-per-lalumnat-deformades-fins-al-limit-lobjectiu-era-expressar-amb-el-cos-aquestes-idees-deformades-estr","status":"publish","type":"post","link":"\/eixample2025\/ahir-vam-fer-un-exercici-descalfament-i-a-continuacio-vam-posar-en-escena-idees-escrites-per-lalumnat-deformades-fins-al-limit-lobjectiu-era-expressar-amb-el-cos-aquestes-idees-deformades-estr\/","title":{"rendered":"Idees estripades"},"content":{"rendered":"\n<p class=\"wp-block-paragraph\">Ahir vam fer un exercici d&#8217;escalfament i a continuaci\u00f3 vam posar en escena idees escrites per l&#8217;alumnat deformades fins al l\u00edmit. L&#8217;objectiu era expressar amb el cos aquestes idees deformades, estrafetes, estripades&#8230; Ho vam aconseguir?<\/p>\n\n\n\n<p class=\"wp-block-paragraph\"><a>Berta Canelles Dom\u00e8nech<\/a><\/p>\n\n\n\n<p class=\"wp-block-paragraph\">En la meva opini\u00f3 no gaire, \u00e9s a dir vam poder fer les accions per\u00f2 no vam poder expressar les emocions que requerien la situaci\u00f3 i per tant crec que encara hem de millorar aix\u00f2. Ja que ho sabem fer per\u00f2 no ho sabem representar correctament per fer que la gent ho vegi com el guionista.<\/p>\n\n\n\n<p class=\"wp-block-paragraph\"><img decoding=\"async\" alt=\"\" src=\"https:\/\/lh3.googleusercontent.com\/a-\/ALV-UjUKl_U8-yvhnXnQbJt6eenxblmh9GuB_pQ7s3F9Gcm6f17XgoyN=s40-c\"><\/p>\n\n\n\n<p class=\"wp-block-paragraph\"><a>Emma C\u00e1rdenas Albadalejo<\/a><\/p>\n\n\n\n<p class=\"wp-block-paragraph\">Va ser un exercici molt divertit en el que vam poder expressarnos a la nostra manera i em va agradar el fet de descriure una escena sense saber que pasara despr\u00e8s. Ho repetiria sens dubte perque va ser molt emocionant i sento que estic perdent bastant r\u00e0pid la vergonya.<\/p>\n\n\n\n<p class=\"wp-block-paragraph\">Lola Dur\u00e1ntez: <\/p>\n\n\n\n<p class=\"wp-block-paragraph\">L&#8217;exercici d&#8217;ahir em va semblar molt divertit i interessant, vam crear hist\u00f2ries del nostre mati fins arribar a punt de exagerar-ho tot, finalment vam acabar interpretant-ho i va ser molt divertit. Crec que no ens va sortir del tot b\u00e9 per\u00f2 perqu\u00e8 era improvisat ja que un anava llegint la hist\u00f2ria i l&#8217;altre l&#8217;anava interpretant sense saber res d&#8217;ella.<\/p>\n\n\n\n<p class=\"wp-block-paragraph\">Khulan Munkh: <\/p>\n\n\n\n<p class=\"wp-block-paragraph\">Per al qu\u00e8 vaig veure, quan f\u00e8iem les accions no vam poder expressar b\u00e9 les emocions, sobretot perqu\u00e8 com estem davant d&#8217;una audi\u00e8ncia de la nostra edat. Per\u00f2 va ser molt divertit en fer l&#8217;activitat en grup. En la meva opini\u00f3 necessitar\u00edem fer-ho m\u00e9s sovint.<\/p>\n\n\n\n<p class=\"wp-block-paragraph\"><a>Valentina Garc\u00eda Del Moral<\/a><\/p>\n\n\n\n<p class=\"wp-block-paragraph\">Va ser una activitat molt divertida, creativa i curiosa, i em va sorpendre que tothom tenia histories super diferents. Va ser molt divertida mentre la feies i mentre la veies ja que com era una interpretacio improvisada sortia tot molt m\u00e9s natural i amb facilitat que no si has d&#8217;estar pensant que vindra despr\u00e8s.<\/p>\n\n\n\n<figure class=\"wp-block-image size-large\"><img loading=\"lazy\" decoding=\"async\" width=\"1024\" height=\"768\" src=\"\/eixample2025\/wp-content\/uploads\/2024\/11\/IMG_20241105_091447-1024x768.jpg\" alt=\"\" class=\"wp-image-400\" srcset=\"\/eixample2025\/wp-content\/uploads\/2024\/11\/IMG_20241105_091447-1024x768.jpg 1024w, \/eixample2025\/wp-content\/uploads\/2024\/11\/IMG_20241105_091447-300x225.jpg 300w, \/eixample2025\/wp-content\/uploads\/2024\/11\/IMG_20241105_091447-768x576.jpg 768w, \/eixample2025\/wp-content\/uploads\/2024\/11\/IMG_20241105_091447-1536x1152.jpg 1536w, \/eixample2025\/wp-content\/uploads\/2024\/11\/IMG_20241105_091447-2048x1536.jpg 2048w\" sizes=\"auto, (max-width: 767px) 89vw, (max-width: 1000px) 54vw, (max-width: 1071px) 543px, 580px\" \/><\/figure>\n\n\n\n<figure class=\"wp-block-image size-large\"><img loading=\"lazy\" decoding=\"async\" width=\"1024\" height=\"549\" src=\"\/eixample2025\/wp-content\/uploads\/2024\/11\/20241105_103110_resized-1024x549.jpg\" alt=\"\" class=\"wp-image-401\" srcset=\"\/eixample2025\/wp-content\/uploads\/2024\/11\/20241105_103110_resized-1024x549.jpg 1024w, \/eixample2025\/wp-content\/uploads\/2024\/11\/20241105_103110_resized-300x161.jpg 300w, \/eixample2025\/wp-content\/uploads\/2024\/11\/20241105_103110_resized-768x412.jpg 768w, \/eixample2025\/wp-content\/uploads\/2024\/11\/20241105_103110_resized-1536x823.jpg 1536w, \/eixample2025\/wp-content\/uploads\/2024\/11\/20241105_103110_resized-2048x1098.jpg 2048w\" sizes=\"auto, (max-width: 767px) 89vw, (max-width: 1000px) 54vw, (max-width: 1071px) 543px, 580px\" \/><\/figure>\n","protected":false},"excerpt":{"rendered":"<p>Ahir vam fer un exercici d&#8217;escalfament i a continuaci\u00f3 vam posar en escena idees escrites per l&#8217;alumnat deformades fins al l\u00edmit. L&#8217;objectiu era expressar amb el cos aquestes idees deformades, estrafetes, estripades&#8230; Ho vam aconseguir? Berta Canelles Dom\u00e8nech En la meva opini\u00f3 no gaire, \u00e9s a dir vam poder fer les accions per\u00f2 no vam &hellip; <\/p>\n<p class=\"link-more\"><a href=\"\/eixample2025\/ahir-vam-fer-un-exercici-descalfament-i-a-continuacio-vam-posar-en-escena-idees-escrites-per-lalumnat-deformades-fins-al-limit-lobjectiu-era-expressar-amb-el-cos-aquestes-idees-deformades-estr\/\" class=\"more-link\">Continua llegint <span class=\"screen-reader-text\">\u00abIdees estripades\u00bb<\/span><\/a><\/p>\n","protected":false},"author":15,"featured_media":0,"comment_status":"open","ping_status":"open","sticky":false,"template":"","format":"standard","meta":{"footnotes":""},"categories":[1],"tags":[],"class_list":["post-399","post","type-post","status-publish","format-standard","hentry","category-general"],"_links":{"self":[{"href":"\/eixample2025\/wp-json\/wp\/v2\/posts\/399","targetHints":{"allow":["GET"]}}],"collection":[{"href":"\/eixample2025\/wp-json\/wp\/v2\/posts"}],"about":[{"href":"\/eixample2025\/wp-json\/wp\/v2\/types\/post"}],"author":[{"embeddable":true,"href":"\/eixample2025\/wp-json\/wp\/v2\/users\/15"}],"replies":[{"embeddable":true,"href":"\/eixample2025\/wp-json\/wp\/v2\/comments?post=399"}],"version-history":[{"count":2,"href":"\/eixample2025\/wp-json\/wp\/v2\/posts\/399\/revisions"}],"predecessor-version":[{"id":422,"href":"\/eixample2025\/wp-json\/wp\/v2\/posts\/399\/revisions\/422"}],"wp:attachment":[{"href":"\/eixample2025\/wp-json\/wp\/v2\/media?parent=399"}],"wp:term":[{"taxonomy":"category","embeddable":true,"href":"\/eixample2025\/wp-json\/wp\/v2\/categories?post=399"},{"taxonomy":"post_tag","embeddable":true,"href":"\/eixample2025\/wp-json\/wp\/v2\/tags?post=399"}],"curies":[{"name":"wp","href":"https:\/\/api.w.org\/{rel}","templated":true}]}}