{"id":405,"date":"2024-11-26T21:18:42","date_gmt":"2024-11-26T19:18:42","guid":{"rendered":"\/eixample2025\/?p=405"},"modified":"2024-11-26T21:18:42","modified_gmt":"2024-11-26T19:18:42","slug":"introduim-un-cercle-de-paraula","status":"publish","type":"post","link":"\/eixample2025\/introduim-un-cercle-de-paraula\/","title":{"rendered":"Introdu\u00efm un cercle de paraula."},"content":{"rendered":"\n<p class=\"wp-block-paragraph\">Per primera vegada vam fer un cercle de di\u00e0leg per debatre algunes idees sobre el teatre.<\/p>\n\n\n\n<p class=\"wp-block-paragraph\">19 de novembre de 2024<\/p>\n\n\n\n<p class=\"wp-block-paragraph\">El cercle de paraula va ser molt divertit, ja que pod\u00edem dir la nostra opini\u00f3.  Estem m\u00e9s tranquils i podem dir el que vulguem.<\/p>\n\n\n\n<p class=\"wp-block-paragraph\">Xin Yu Zhu<\/p>\n\n\n\n<p class=\"wp-block-paragraph\">Ahir em va agradar molt el cercle, tamb\u00e9 la manera que cadasc\u00fa tingui torn de paraula i poder reflexionar sobre les opinions dels altres i veure els diferents punts de vista com ara el teatre i m\u00e9s coses. I a l&#8217;hora de fer el cercle \u00e9s com m\u00e9s \u00edntim i penso que no hagu\u00e9ssim pensat.<\/p>\n\n\n\n<p class=\"wp-block-paragraph\">Ananiyas Vercammen<\/p>\n\n\n\n<p class=\"wp-block-paragraph\">Em va semblar una bona idea, per\u00f2 jo el faria cada dues setmanes i no cada sessi\u00f3 per parlar sobre l&#8217;assignatura i poder millorar l&#8217;ambient.<\/p>\n\n\n\n<p class=\"wp-block-paragraph\">Uriel \u00c1valos<\/p>\n\n\n\n<p class=\"wp-block-paragraph\">Em va semblar b\u00e9, per\u00f2 no ho faria seguit i cada sessi\u00f3 perqu\u00e8 si no seria una mica pesat i perdria emoci\u00f3. Per\u00f2 em va semblar una bona idea.<\/p>\n\n\n\n<p class=\"wp-block-paragraph\">Tonmoy Zahidul<\/p>\n\n\n\n<p class=\"wp-block-paragraph\">Em va semblar una activitat en qu\u00e8 tots i totes ens escolt\u00e0vem, ens van fer preguntes relacionades sobre el teatre i sobre el mateix cercle de paraula. Em sembla b\u00e9 fer-ho de tant en tant per poder parlar tots junts respectant un ordre i poder estar mirant-nos a la cara.<\/p>\n\n\n\n<p class=\"wp-block-paragraph\">Lola Dur\u00e1ntez<\/p>\n\n\n\n<figure class=\"wp-block-image size-large\"><img loading=\"lazy\" decoding=\"async\" width=\"1024\" height=\"768\" src=\"\/eixample2025\/wp-content\/uploads\/2024\/11\/IMG_20241119_105305-1024x768.jpg\" alt=\"\" class=\"wp-image-406\" srcset=\"\/eixample2025\/wp-content\/uploads\/2024\/11\/IMG_20241119_105305-1024x768.jpg 1024w, \/eixample2025\/wp-content\/uploads\/2024\/11\/IMG_20241119_105305-300x225.jpg 300w, \/eixample2025\/wp-content\/uploads\/2024\/11\/IMG_20241119_105305-768x576.jpg 768w, \/eixample2025\/wp-content\/uploads\/2024\/11\/IMG_20241119_105305-1536x1152.jpg 1536w, \/eixample2025\/wp-content\/uploads\/2024\/11\/IMG_20241119_105305-2048x1536.jpg 2048w\" sizes=\"auto, (max-width: 767px) 89vw, (max-width: 1000px) 54vw, (max-width: 1071px) 543px, 580px\" \/><figcaption class=\"wp-element-caption\"><br><\/figcaption><\/figure>\n","protected":false},"excerpt":{"rendered":"<p>Per primera vegada vam fer un cercle de di\u00e0leg per debatre algunes idees sobre el teatre. 19 de novembre de 2024 El cercle de paraula va ser molt divertit, ja que pod\u00edem dir la nostra opini\u00f3. Estem m\u00e9s tranquils i podem dir el que vulguem. Xin Yu Zhu Ahir em va agradar molt el cercle, &hellip; <\/p>\n<p class=\"link-more\"><a href=\"\/eixample2025\/introduim-un-cercle-de-paraula\/\" class=\"more-link\">Continua llegint <span class=\"screen-reader-text\">\u00abIntrodu\u00efm un cercle de paraula.\u00bb<\/span><\/a><\/p>\n","protected":false},"author":14,"featured_media":0,"comment_status":"open","ping_status":"open","sticky":false,"template":"","format":"standard","meta":{"footnotes":""},"categories":[1],"tags":[],"class_list":["post-405","post","type-post","status-publish","format-standard","hentry","category-general"],"_links":{"self":[{"href":"\/eixample2025\/wp-json\/wp\/v2\/posts\/405","targetHints":{"allow":["GET"]}}],"collection":[{"href":"\/eixample2025\/wp-json\/wp\/v2\/posts"}],"about":[{"href":"\/eixample2025\/wp-json\/wp\/v2\/types\/post"}],"author":[{"embeddable":true,"href":"\/eixample2025\/wp-json\/wp\/v2\/users\/14"}],"replies":[{"embeddable":true,"href":"\/eixample2025\/wp-json\/wp\/v2\/comments?post=405"}],"version-history":[{"count":2,"href":"\/eixample2025\/wp-json\/wp\/v2\/posts\/405\/revisions"}],"predecessor-version":[{"id":408,"href":"\/eixample2025\/wp-json\/wp\/v2\/posts\/405\/revisions\/408"}],"wp:attachment":[{"href":"\/eixample2025\/wp-json\/wp\/v2\/media?parent=405"}],"wp:term":[{"taxonomy":"category","embeddable":true,"href":"\/eixample2025\/wp-json\/wp\/v2\/categories?post=405"},{"taxonomy":"post_tag","embeddable":true,"href":"\/eixample2025\/wp-json\/wp\/v2\/tags?post=405"}],"curies":[{"name":"wp","href":"https:\/\/api.w.org\/{rel}","templated":true}]}}