{"id":409,"date":"2024-12-04T11:46:36","date_gmt":"2024-12-04T09:46:36","guid":{"rendered":"\/eixample2025\/?p=409"},"modified":"2024-12-04T11:46:36","modified_gmt":"2024-12-04T09:46:36","slug":"reflexions-sobre-la-violencia-espontania","status":"publish","type":"post","link":"\/eixample2025\/reflexions-sobre-la-violencia-espontania\/","title":{"rendered":"Reflexions sobre la viol\u00e8ncia espont\u00e0nia"},"content":{"rendered":"\n<p class=\"wp-block-paragraph\">3 de desembre de 2024<\/p>\n\n\n\n<p class=\"wp-block-paragraph\">A la sessi\u00f3 d&#8217;ahir, ens vam dividir en grups de 5, i vam crear una escena sobre un conflicte, despr\u00e9s vam anar a la sala d&#8217;actes i la vam representar. <br>En Roc va comentar la paraula \u00abviol\u00e8ncia espont\u00e0nia\u00bb que \u00e9s un tipus de viol\u00e8ncia que tracta de mantenir l&#8217;ordre pol\u00edtic establert i sovint s&#8217;utilitza per silenciar opositors, restringint drets i perpetuar privilegis de determinats grups socials.<br><br>Eric Tarri\u00f1o<br><br>La classe d&#8217;ahir em va agradar molt. Vam fer la classe a la sala d&#8217;actes i em va semblar molt diferent. L&#8217;espai era gran, i aix\u00f2 em va fer sentir m\u00e9s c\u00f2mode i segur. Em vaig poder concentrar millor, i vaig entendre la meva obra i avui tindre un altre cop l&#8217;oportunitat de fer l&#8217;obra. A m\u00e9s, poder estar all\u00e0, en un lloc tan gran, em va ajudar a sentir-me m\u00e9s actiu i m\u00e9s involucrat en el que estava passant. Va ser una experi\u00e8ncia molt positiva, i espero que puguem fer m\u00e9s classes a la sala d&#8217;actes en el futur.<br><br>Ananiyas Vercammen<br><br><br><\/p>\n\n\n\n<figure class=\"wp-block-image size-large\"><img loading=\"lazy\" decoding=\"async\" width=\"1024\" height=\"768\" src=\"\/eixample2025\/wp-content\/uploads\/2024\/12\/IMG_20241203_105947-1024x768.jpg\" alt=\"\" class=\"wp-image-416\" srcset=\"\/eixample2025\/wp-content\/uploads\/2024\/12\/IMG_20241203_105947-1024x768.jpg 1024w, \/eixample2025\/wp-content\/uploads\/2024\/12\/IMG_20241203_105947-300x225.jpg 300w, \/eixample2025\/wp-content\/uploads\/2024\/12\/IMG_20241203_105947-768x576.jpg 768w, \/eixample2025\/wp-content\/uploads\/2024\/12\/IMG_20241203_105947-1536x1152.jpg 1536w, \/eixample2025\/wp-content\/uploads\/2024\/12\/IMG_20241203_105947-2048x1536.jpg 2048w\" sizes=\"auto, (max-width: 767px) 89vw, (max-width: 1000px) 54vw, (max-width: 1071px) 543px, 580px\" \/><figcaption class=\"wp-element-caption\"><br><\/figcaption><\/figure>\n\n\n\n<p class=\"wp-block-paragraph\"><\/p>\n","protected":false},"excerpt":{"rendered":"<p>3 de desembre de 2024 A la sessi\u00f3 d&#8217;ahir, ens vam dividir en grups de 5, i vam crear una escena sobre un conflicte, despr\u00e9s vam anar a la sala d&#8217;actes i la vam representar. En Roc va comentar la paraula \u00abviol\u00e8ncia espont\u00e0nia\u00bb que \u00e9s un tipus de viol\u00e8ncia que tracta de mantenir l&#8217;ordre pol\u00edtic &hellip; <\/p>\n<p class=\"link-more\"><a href=\"\/eixample2025\/reflexions-sobre-la-violencia-espontania\/\" class=\"more-link\">Continua llegint <span class=\"screen-reader-text\">\u00abReflexions sobre la viol\u00e8ncia espont\u00e0nia\u00bb<\/span><\/a><\/p>\n","protected":false},"author":14,"featured_media":0,"comment_status":"open","ping_status":"open","sticky":false,"template":"","format":"standard","meta":{"footnotes":""},"categories":[1],"tags":[],"class_list":["post-409","post","type-post","status-publish","format-standard","hentry","category-general"],"_links":{"self":[{"href":"\/eixample2025\/wp-json\/wp\/v2\/posts\/409","targetHints":{"allow":["GET"]}}],"collection":[{"href":"\/eixample2025\/wp-json\/wp\/v2\/posts"}],"about":[{"href":"\/eixample2025\/wp-json\/wp\/v2\/types\/post"}],"author":[{"embeddable":true,"href":"\/eixample2025\/wp-json\/wp\/v2\/users\/14"}],"replies":[{"embeddable":true,"href":"\/eixample2025\/wp-json\/wp\/v2\/comments?post=409"}],"version-history":[{"count":2,"href":"\/eixample2025\/wp-json\/wp\/v2\/posts\/409\/revisions"}],"predecessor-version":[{"id":417,"href":"\/eixample2025\/wp-json\/wp\/v2\/posts\/409\/revisions\/417"}],"wp:attachment":[{"href":"\/eixample2025\/wp-json\/wp\/v2\/media?parent=409"}],"wp:term":[{"taxonomy":"category","embeddable":true,"href":"\/eixample2025\/wp-json\/wp\/v2\/categories?post=409"},{"taxonomy":"post_tag","embeddable":true,"href":"\/eixample2025\/wp-json\/wp\/v2\/tags?post=409"}],"curies":[{"name":"wp","href":"https:\/\/api.w.org\/{rel}","templated":true}]}}