{"id":426,"date":"2024-12-11T11:37:03","date_gmt":"2024-12-11T09:37:03","guid":{"rendered":"\/eixample2025\/?p=426"},"modified":"2024-12-11T11:37:03","modified_gmt":"2024-12-11T09:37:03","slug":"nou-repte-primers-guions-dautor","status":"publish","type":"post","link":"\/eixample2025\/nou-repte-primers-guions-dautor\/","title":{"rendered":"Nou repte, primers guions d&#8217;autor"},"content":{"rendered":"\n<p class=\"wp-block-paragraph\">Aquests dies hem parlat sobre quin rol voleu agafar a l&#8217;obra que esteu creant juntament amb el Roc. Ens agradaria que f\u00e9ssiu 4 l\u00ednies sobre quina \u00e9s la vostra motivaci\u00f3 cap a aquesta feina, ara que esteu provant d&#8217;interpretar i escriure. Us agrada que us facin el gui\u00f3? Preferiu fer-lo vosaltres? Com us ha anat amb el gui\u00f3 que us han fet, per\u00f2 que t\u00e9 molt a veure amb vosaltres?<\/p>\n\n\n\n<p class=\"wp-block-paragraph\"><a>Mar Benn\u00e0ssar Mart\u00edn<\/a><\/p>\n\n\n\n<p class=\"wp-block-paragraph\">M&#8217;agrada molt el teatre i m&#8217;agradaria fer un personatge principal a l&#8217;obra. Tamb\u00e9 m&#8217;agrada escriure per\u00f2 no m&#8217;importa interpretar coses que jo no he escrit. Ahir em va agradar molt el gui\u00f3 que vam fer i totes les propostes de millora que ens va donar el Roc i els companys de classe.<\/p>\n\n\n\n<p class=\"wp-block-paragraph\"><a>Lola Dur\u00e1ntez Arom\u00ed<\/a><\/p>\n\n\n\n<p class=\"wp-block-paragraph\">A mi m&#8217;agrada actuar, i puc memoritzar b\u00e9 la feina, per\u00f2 tamb\u00e9 m&#8217;agrada escriure el meu propi gui\u00f3, d&#8217;aquesta manera puc escriure com jo interpretaria a la vida real i aix\u00f2 tamb\u00e9 m&#8217;ajuda a aprendre&#8217;m millor el gui\u00f3. Tinc moltes ganes de veure com surt endavant la nostra pr\u00f2pia obra de teatre. Em fa molta il\u00b7lusi\u00f3.<\/p>\n\n\n\n<p class=\"wp-block-paragraph\"><a>Uma Albert\u00ed Mart\u00ednez<\/a><\/p>\n\n\n\n<p class=\"wp-block-paragraph\">M&#8217;agrada actuar, per\u00f2 no em podria memoritzar molt de text, no m&#8217;agradaria escriure el meu propi gui\u00f3, m&#8217;agrada m\u00e9s que m&#8217;escrigui l&#8217;altre gent el gui\u00f3. M&#8217;agrada bastant el gui\u00f3 que vaig fer ahir amb les meves companyes i em va tocar un personatge que em va agardar interpretar.<\/p>\n\n\n\n<p class=\"wp-block-paragraph\"><a>Eric Tarri\u00f1o Gallego<\/a><\/p>\n\n\n\n<p class=\"wp-block-paragraph\">Vull formar part de l&#8217;equip de vestuari o direccio.<br>Tamb\u00e8 em puc oferir com a voluntari per fer el cartell de l&#8217;obra.<\/p>\n\n\n\n<p class=\"wp-block-paragraph\"><img decoding=\"async\" alt=\"\" src=\"https:\/\/lh3.googleusercontent.com\/a-\/ALV-UjUKl_U8-yvhnXnQbJt6eenxblmh9GuB_pQ7s3F9Gcm6f17XgoyN=s40-c\"><\/p>\n\n\n\n<p class=\"wp-block-paragraph\"><a>Emma C\u00e1rdenas Albadalejo<\/a><\/p>\n\n\n\n<p class=\"wp-block-paragraph\">M&#8217;agada molt que em facin el gui\u00f3, ja no nom\u00e9s perqu\u00e8 a classe no dona temps de fer-ne un amb cara i ulls del tot sin\u00f3 perqu\u00e8 m&#8217;agrada veure la manera de crear als altres i veure com ideen coses que ni se m&#8217;haguessin passat pel cap i ho veig molt divertit. A la sessi\u00f3 anterior ja teniem un gui\u00f3 fet i em va tocar amb la Rhianna, ho vaig trobar molt entretingut ja que el di\u00e0leg era molt diferent al que haguessim fet nosaltres i m&#8217;ho vaig passar molt b\u00e9, crec que va sortir molt xulo i ho repetiria.<\/p>\n\n\n\n<p class=\"wp-block-paragraph\"><a>Emma Davila<\/a><\/p>\n\n\n\n<p class=\"wp-block-paragraph\">A mi m&#8217;agradaria ser actriu amb un paper mitj\u00e0 \u00e9s a dir que no vull ni ser protagonista per no haver de memoritzar-me ni haver d&#8217;actuar tant perqu\u00e8 m&#8217;agradaria sortir a la majoria d&#8217;escenes. El que no m&#8217;agradaria \u00e9s ser d&#8217;atrezzo o de llums perqu\u00e8 no se&#8217;m dona b\u00e9<\/p>\n\n\n\n<p class=\"wp-block-paragraph\"><a>Khulan Munkh<\/a><\/p>\n\n\n\n<p class=\"wp-block-paragraph\">M&#8217;agradaria molt actuar per\u00f2 per culpa de la vergonya, no em sento molt c\u00f2moda fent-ho devant del grup per\u00f2 tindre qu\u00e8 millorar per cara al segon trimestre. Sento qu\u00e8 si em f\u00e8cim el gui\u00f3 seria m\u00e9s f\u00e0cil de momoritzar. Per\u00f2 dep\u00e8n de cada paper. En fi m&#8217;agrada actuar. Em va agradar l&#8217;activitat per\u00f2 per culpa de la vergonya se m&#8217;ha posat dif\u00edcil.<\/p>\n\n\n\n<figure class=\"wp-block-image size-large\"><img loading=\"lazy\" decoding=\"async\" width=\"1024\" height=\"768\" src=\"\/eixample2025\/wp-content\/uploads\/2024\/12\/20241210_105631-1024x768.jpg\" alt=\"\" class=\"wp-image-427\" srcset=\"\/eixample2025\/wp-content\/uploads\/2024\/12\/20241210_105631-1024x768.jpg 1024w, \/eixample2025\/wp-content\/uploads\/2024\/12\/20241210_105631-300x225.jpg 300w, \/eixample2025\/wp-content\/uploads\/2024\/12\/20241210_105631-768x576.jpg 768w, \/eixample2025\/wp-content\/uploads\/2024\/12\/20241210_105631-1536x1152.jpg 1536w, \/eixample2025\/wp-content\/uploads\/2024\/12\/20241210_105631-2048x1536.jpg 2048w\" sizes=\"auto, (max-width: 767px) 89vw, (max-width: 1000px) 54vw, (max-width: 1071px) 543px, 580px\" \/><\/figure>\n\n\n\n<figure class=\"wp-block-image size-large\"><img loading=\"lazy\" decoding=\"async\" width=\"1024\" height=\"768\" src=\"\/eixample2025\/wp-content\/uploads\/2024\/12\/20241210_101434-1024x768.jpg\" alt=\"\" class=\"wp-image-428\" srcset=\"\/eixample2025\/wp-content\/uploads\/2024\/12\/20241210_101434-1024x768.jpg 1024w, \/eixample2025\/wp-content\/uploads\/2024\/12\/20241210_101434-300x225.jpg 300w, \/eixample2025\/wp-content\/uploads\/2024\/12\/20241210_101434-768x576.jpg 768w, \/eixample2025\/wp-content\/uploads\/2024\/12\/20241210_101434-1536x1152.jpg 1536w, \/eixample2025\/wp-content\/uploads\/2024\/12\/20241210_101434-2048x1536.jpg 2048w\" sizes=\"auto, (max-width: 767px) 89vw, (max-width: 1000px) 54vw, (max-width: 1071px) 543px, 580px\" \/><\/figure>\n","protected":false},"excerpt":{"rendered":"<p>Aquests dies hem parlat sobre quin rol voleu agafar a l&#8217;obra que esteu creant juntament amb el Roc. Ens agradaria que f\u00e9ssiu 4 l\u00ednies sobre quina \u00e9s la vostra motivaci\u00f3 cap a aquesta feina, ara que esteu provant d&#8217;interpretar i escriure. Us agrada que us facin el gui\u00f3? Preferiu fer-lo vosaltres? Com us ha anat &hellip; <\/p>\n<p class=\"link-more\"><a href=\"\/eixample2025\/nou-repte-primers-guions-dautor\/\" class=\"more-link\">Continua llegint <span class=\"screen-reader-text\">\u00abNou repte, primers guions d&#8217;autor\u00bb<\/span><\/a><\/p>\n","protected":false},"author":15,"featured_media":0,"comment_status":"open","ping_status":"open","sticky":false,"template":"","format":"standard","meta":{"footnotes":""},"categories":[1],"tags":[],"class_list":["post-426","post","type-post","status-publish","format-standard","hentry","category-general"],"_links":{"self":[{"href":"\/eixample2025\/wp-json\/wp\/v2\/posts\/426","targetHints":{"allow":["GET"]}}],"collection":[{"href":"\/eixample2025\/wp-json\/wp\/v2\/posts"}],"about":[{"href":"\/eixample2025\/wp-json\/wp\/v2\/types\/post"}],"author":[{"embeddable":true,"href":"\/eixample2025\/wp-json\/wp\/v2\/users\/15"}],"replies":[{"embeddable":true,"href":"\/eixample2025\/wp-json\/wp\/v2\/comments?post=426"}],"version-history":[{"count":1,"href":"\/eixample2025\/wp-json\/wp\/v2\/posts\/426\/revisions"}],"predecessor-version":[{"id":429,"href":"\/eixample2025\/wp-json\/wp\/v2\/posts\/426\/revisions\/429"}],"wp:attachment":[{"href":"\/eixample2025\/wp-json\/wp\/v2\/media?parent=426"}],"wp:term":[{"taxonomy":"category","embeddable":true,"href":"\/eixample2025\/wp-json\/wp\/v2\/categories?post=426"},{"taxonomy":"post_tag","embeddable":true,"href":"\/eixample2025\/wp-json\/wp\/v2\/tags?post=426"}],"curies":[{"name":"wp","href":"https:\/\/api.w.org\/{rel}","templated":true}]}}