{"id":443,"date":"2025-03-05T11:51:02","date_gmt":"2025-03-05T09:51:02","guid":{"rendered":"\/eixample2025\/?p=443"},"modified":"2025-03-05T11:51:02","modified_gmt":"2025-03-05T09:51:02","slug":"sessio-oberta","status":"publish","type":"post","link":"\/eixample2025\/sessio-oberta\/","title":{"rendered":"SESSI\u00d3 OBERTA"},"content":{"rendered":"\n<p class=\"wp-block-paragraph\">Ahir vam fer la primera trobada amb el p\u00fablic. El nostre grup va estrenar-se a la sala d&#8217;actes de l&#8217;Institut davant del claustre de professors. Al mat\u00ed van fer una pr\u00e8via davant dels companys de 3 d&#8217;ESO.<br><br>Comentaris de l&#8217;alumnat:<br><br>Uma Albert\u00ed <br>La sessi\u00f3 oberta d&#8217;ahir em va agradar molt, ja que vaig poder afrontar la meva vergonya d&#8217;actuar davant de gent i d&#8217;aquesta manera sento que el dia que fem l&#8217;obra no tindr\u00e9 vergonya i ho podr\u00e9 fer al 100%.<br><br>Eric Tarri\u00f1o Gallego<br>A la sessi\u00f3 d&#8217;ahir vam representar l&#8217;obra als nostres companys de classe<br>i a tot el professorat del centre. Va ser divertit representar l&#8217;obra amb p\u00fablic.<br><br>Sherlin Esmeralda <br>Al principi va ser una mica vergony\u00f3s, per\u00f2 despr\u00e9s en agafar confian\u00e7a amb el p\u00fablic em va fer sentir amb m\u00e9s confian\u00e7a per actuar al teatre, crec que tots ho vam fer b\u00e9 a l&#8217;obra i ens vam sentir superb\u00e9 actuant.<br><br>Valentina Garc\u00eda Del Moral<br>Ahir van venir els docents del centre a veure l&#8217;obra de teatre que estem preparant a creadors, era una petita mostra que no \u00e9s resultat final ni molt menys, per\u00f2 jo crec que a tots ens va servir per treballar la vergonya i que va ser una bona oportunitat. Em va agradar molt la sensaci\u00f3 i el treball en equip. Despr\u00e9s d&#8217;ahir crec que pot sortir un resultat final molt xulo.<br><br>Uriel Avalos Mart\u00ednez<br>Em va semblar una sessi\u00f3 molt divertida perqu\u00e8 van venir tot el professorat de l&#8217;institut, i vam poder sentir com era actuar amb p\u00fablic i ens va ajudar molt per a saber com se sentia.<br><br>Xin Yyu Zhu<br>A mi la sessi\u00f3 oberta d&#8217;ahir era com una interpretaci\u00f3 de la nostra futura obra i em va par\u00e8ixer una mica un pas m\u00e9s per la nostra obra del futur perqu\u00e8 perdem la nostra vergonya davant del p\u00fablic i aix\u00f2 ens ajuda molt.<br><br>Lola Dur\u00e1ntez Arom\u00ed <br>Ahir vam fer el nostre primer assaig amb p\u00fablic, va ser bastant emocionant. Al principi va haver-hi molts nervis, per\u00f2 a mesura que anava avan\u00e7ant l&#8217;obra ens an\u00e0vem relaxant. Va ser una experi\u00e8ncia molt guai i em va agradar molt. Crec que ens va sortir prou b\u00e9 i crec que acabar\u00e0 sortint molt b\u00e9. Tinc moltes ganes de veure el resultat final.<br><br>Rhiana Mae Bi\u00f1an<br>Yesterday i felt really  nervous because i have a catalan line so its kinda hard for me to read. I think my performance yesterday is good, and the teacher yesterday while watching they look so interested.<br><br>Ananiyas Vercamen<br>Ahir vam fer el primer assaig amb p\u00fablic i al principi est\u00e0vem nerviosos, per\u00f2 ens vam anar relaxant. Ens va ajudar a perdre la vergonya i a acostumar-nos a actuar davant de gent. Crec que el resultat final ser\u00e0 incre\u00efble i tinc moltes ganes de veure\u2019l.<br><br>Mar Benn\u00e0ssar Mart\u00edn <br>Ahir vam fer la sessi\u00f3 oberta de cara al claustre del centre. Va ser una gran experi\u00e8ncia i un possible escenari (amb p\u00fablic, nervis&#8230;). Crec que ens va sortir for\u00e7a b\u00e9, per\u00f2, encara ens falta molt per aprendre i millorar, i espero poder fer-ho amb els mesos que ens queden d&#8217;assaig. Va ser un moment molt maco de grup, i m&#8217;ho vaig passar molt b\u00e9!<br><br>Tonmoy Zahidul Akthar <br>Ahir vam fer el nostre primer assaig amb p\u00fablic i al principi est\u00e0vem molt nerviosos, per\u00f2 despr\u00e9s ens vam relaxar i vam gaudir-ho m\u00e9s. Va ser una experi\u00e8ncia molt \u00fatil per perdre la vergonya i acostumar-nos a actuar davant de gent. Crec que ens va sortir b\u00e9 i tinc moltes ganes de veure el resultat final.<br><\/p>\n\n\n\n<figure class=\"wp-block-gallery has-nested-images columns-default is-cropped wp-block-gallery-1 is-layout-flex wp-block-gallery-is-layout-flex\">\n<figure class=\"wp-block-image size-large\"><img loading=\"lazy\" decoding=\"async\" width=\"1024\" height=\"768\" data-id=\"449\" src=\"\/eixample2025\/wp-content\/uploads\/2025\/03\/20250304_134744-1024x768.jpg\" alt=\"\" class=\"wp-image-449\" srcset=\"\/eixample2025\/wp-content\/uploads\/2025\/03\/20250304_134744-1024x768.jpg 1024w, \/eixample2025\/wp-content\/uploads\/2025\/03\/20250304_134744-300x225.jpg 300w, \/eixample2025\/wp-content\/uploads\/2025\/03\/20250304_134744-768x576.jpg 768w, \/eixample2025\/wp-content\/uploads\/2025\/03\/20250304_134744-1536x1152.jpg 1536w, \/eixample2025\/wp-content\/uploads\/2025\/03\/20250304_134744-2048x1536.jpg 2048w\" sizes=\"auto, (max-width: 767px) 89vw, (max-width: 1000px) 54vw, (max-width: 1071px) 543px, 580px\" \/><\/figure>\n<\/figure>\n\n\n\n<figure class=\"wp-block-gallery has-nested-images columns-default is-cropped wp-block-gallery-2 is-layout-flex wp-block-gallery-is-layout-flex\">\n<figure class=\"wp-block-image size-large\"><img loading=\"lazy\" decoding=\"async\" width=\"1024\" height=\"768\" data-id=\"450\" src=\"\/eixample2025\/wp-content\/uploads\/2025\/03\/20250219_102111-1024x768.jpg\" alt=\"\" class=\"wp-image-450\" srcset=\"\/eixample2025\/wp-content\/uploads\/2025\/03\/20250219_102111-1024x768.jpg 1024w, \/eixample2025\/wp-content\/uploads\/2025\/03\/20250219_102111-300x225.jpg 300w, \/eixample2025\/wp-content\/uploads\/2025\/03\/20250219_102111-768x576.jpg 768w, \/eixample2025\/wp-content\/uploads\/2025\/03\/20250219_102111-1536x1152.jpg 1536w, \/eixample2025\/wp-content\/uploads\/2025\/03\/20250219_102111-2048x1536.jpg 2048w\" sizes=\"auto, (max-width: 767px) 89vw, (max-width: 1000px) 54vw, (max-width: 1071px) 543px, 580px\" \/><\/figure>\n<\/figure>\n\n\n\n<figure class=\"wp-block-gallery has-nested-images columns-default is-cropped wp-block-gallery-3 is-layout-flex wp-block-gallery-is-layout-flex\">\n<figure class=\"wp-block-image size-large\"><img loading=\"lazy\" decoding=\"async\" width=\"1024\" height=\"512\" data-id=\"447\" src=\"\/eixample2025\/wp-content\/uploads\/2025\/03\/20250304_100302_resized-1024x512.jpg\" alt=\"\" class=\"wp-image-447\" srcset=\"\/eixample2025\/wp-content\/uploads\/2025\/03\/20250304_100302_resized-1024x512.jpg 1024w, \/eixample2025\/wp-content\/uploads\/2025\/03\/20250304_100302_resized-300x150.jpg 300w, \/eixample2025\/wp-content\/uploads\/2025\/03\/20250304_100302_resized-768x384.jpg 768w, \/eixample2025\/wp-content\/uploads\/2025\/03\/20250304_100302_resized-1536x768.jpg 1536w, \/eixample2025\/wp-content\/uploads\/2025\/03\/20250304_100302_resized-2048x1024.jpg 2048w\" sizes=\"auto, (max-width: 767px) 89vw, (max-width: 1000px) 54vw, (max-width: 1071px) 543px, 580px\" \/><\/figure>\n\n\n\n<figure class=\"wp-block-image size-large\"><img loading=\"lazy\" decoding=\"async\" width=\"1024\" height=\"768\" data-id=\"448\" src=\"\/eixample2025\/wp-content\/uploads\/2025\/03\/20250304_105759-1024x768.jpg\" alt=\"\" class=\"wp-image-448\" srcset=\"\/eixample2025\/wp-content\/uploads\/2025\/03\/20250304_105759-1024x768.jpg 1024w, \/eixample2025\/wp-content\/uploads\/2025\/03\/20250304_105759-300x225.jpg 300w, \/eixample2025\/wp-content\/uploads\/2025\/03\/20250304_105759-768x576.jpg 768w, \/eixample2025\/wp-content\/uploads\/2025\/03\/20250304_105759-1536x1152.jpg 1536w, \/eixample2025\/wp-content\/uploads\/2025\/03\/20250304_105759-2048x1536.jpg 2048w\" sizes=\"auto, (max-width: 767px) 89vw, (max-width: 1000px) 54vw, (max-width: 1071px) 543px, 580px\" \/><\/figure>\n\n\n\n<figure class=\"wp-block-image size-large\"><img loading=\"lazy\" decoding=\"async\" width=\"1024\" height=\"555\" data-id=\"446\" src=\"\/eixample2025\/wp-content\/uploads\/2025\/03\/IMG-20250304-WA0004-1024x555.jpg\" alt=\"\" class=\"wp-image-446\" srcset=\"\/eixample2025\/wp-content\/uploads\/2025\/03\/IMG-20250304-WA0004-1024x555.jpg 1024w, \/eixample2025\/wp-content\/uploads\/2025\/03\/IMG-20250304-WA0004-300x163.jpg 300w, \/eixample2025\/wp-content\/uploads\/2025\/03\/IMG-20250304-WA0004-768x417.jpg 768w, \/eixample2025\/wp-content\/uploads\/2025\/03\/IMG-20250304-WA0004-1536x833.jpg 1536w, \/eixample2025\/wp-content\/uploads\/2025\/03\/IMG-20250304-WA0004.jpg 1888w\" sizes=\"auto, (max-width: 767px) 89vw, (max-width: 1000px) 54vw, (max-width: 1071px) 543px, 580px\" \/><\/figure>\n<\/figure>\n","protected":false},"excerpt":{"rendered":"<p>Ahir vam fer la primera trobada amb el p\u00fablic. El nostre grup va estrenar-se a la sala d&#8217;actes de l&#8217;Institut davant del claustre de professors. Al mat\u00ed van fer una pr\u00e8via davant dels companys de 3 d&#8217;ESO. Comentaris de l&#8217;alumnat: Uma Albert\u00ed La sessi\u00f3 oberta d&#8217;ahir em va agradar molt, ja que vaig poder afrontar &hellip; <\/p>\n<p class=\"link-more\"><a href=\"\/eixample2025\/sessio-oberta\/\" class=\"more-link\">Continua llegint <span class=\"screen-reader-text\">\u00abSESSI\u00d3 OBERTA\u00bb<\/span><\/a><\/p>\n","protected":false},"author":14,"featured_media":0,"comment_status":"open","ping_status":"open","sticky":false,"template":"","format":"standard","meta":{"footnotes":""},"categories":[1],"tags":[],"class_list":["post-443","post","type-post","status-publish","format-standard","hentry","category-general"],"_links":{"self":[{"href":"\/eixample2025\/wp-json\/wp\/v2\/posts\/443","targetHints":{"allow":["GET"]}}],"collection":[{"href":"\/eixample2025\/wp-json\/wp\/v2\/posts"}],"about":[{"href":"\/eixample2025\/wp-json\/wp\/v2\/types\/post"}],"author":[{"embeddable":true,"href":"\/eixample2025\/wp-json\/wp\/v2\/users\/14"}],"replies":[{"embeddable":true,"href":"\/eixample2025\/wp-json\/wp\/v2\/comments?post=443"}],"version-history":[{"count":3,"href":"\/eixample2025\/wp-json\/wp\/v2\/posts\/443\/revisions"}],"predecessor-version":[{"id":452,"href":"\/eixample2025\/wp-json\/wp\/v2\/posts\/443\/revisions\/452"}],"wp:attachment":[{"href":"\/eixample2025\/wp-json\/wp\/v2\/media?parent=443"}],"wp:term":[{"taxonomy":"category","embeddable":true,"href":"\/eixample2025\/wp-json\/wp\/v2\/categories?post=443"},{"taxonomy":"post_tag","embeddable":true,"href":"\/eixample2025\/wp-json\/wp\/v2\/tags?post=443"}],"curies":[{"name":"wp","href":"https:\/\/api.w.org\/{rel}","templated":true}]}}