{"id":70,"date":"2025-12-05T09:40:47","date_gmt":"2025-12-05T07:40:47","guid":{"rendered":"\/eixample2026\/?p=70"},"modified":"2025-12-05T09:40:47","modified_gmt":"2025-12-05T07:40:47","slug":"lentrevista","status":"publish","type":"post","link":"\/eixample2026\/lentrevista\/","title":{"rendered":"L&#8217;entrevista"},"content":{"rendered":"\n<p class=\"has-text-align-left wp-block-paragraph\">Dimarts passat vam anar a la fundaci\u00f3 T\u00e0pies a fer una activitat sobre entrevistes entrant en els personatges que van crear l\u2019altre dia. Em van preguntar sobre qui \u00e9rem, qui era la nostra vida\u2026 L&#8217;activitat ha estat molt divertida<br><br>Erin Merino<br><br>Jo crec que va ser bastant entretinguda la mec\u00e0nica de parlar com si tu fossis el teu personatge, perqu\u00e8 \u00e9s com que tu vas crear el personatge i llavors tu el presentes mediant unes preguntes.<br><br>Daniel Turcios<br><br>Dimarts passat vam fer la classe a la Fundaci\u00f3 T\u00e0pies, vam fer entrevistes amb uns personatges que ens vam crear. La B\u00e0rbara m&#8217; anava preguntant, va ser molt divertit.<br><br>Sibil\u00b7la Miquel Ral<\/p>\n\n\n\n<figure class=\"wp-block-gallery has-nested-images columns-default is-cropped wp-block-gallery-1 is-layout-flex wp-block-gallery-is-layout-flex\">\n<figure class=\"wp-block-image size-large\"><img loading=\"lazy\" decoding=\"async\" width=\"768\" height=\"1024\" data-id=\"73\" src=\"\/eixample2026\/wp-content\/uploads\/2025\/12\/IMG_20251202_101932-768x1024.jpg\" alt=\"\" class=\"wp-image-73\" srcset=\"\/eixample2026\/wp-content\/uploads\/2025\/12\/IMG_20251202_101932-768x1024.jpg 768w, \/eixample2026\/wp-content\/uploads\/2025\/12\/IMG_20251202_101932-225x300.jpg 225w, \/eixample2026\/wp-content\/uploads\/2025\/12\/IMG_20251202_101932-1152x1536.jpg 1152w, \/eixample2026\/wp-content\/uploads\/2025\/12\/IMG_20251202_101932-1536x2048.jpg 1536w, \/eixample2026\/wp-content\/uploads\/2025\/12\/IMG_20251202_101932-scaled.jpg 1920w\" sizes=\"auto, (max-width: 767px) 89vw, (max-width: 1000px) 54vw, (max-width: 1071px) 543px, 580px\" \/><\/figure>\n<\/figure>\n\n\n\n<p class=\"wp-block-paragraph\"><br><br><br><\/p>\n\n\n\n<figure class=\"wp-block-gallery has-nested-images columns-default is-cropped wp-block-gallery-2 is-layout-flex wp-block-gallery-is-layout-flex\">\n<figure class=\"wp-block-image size-large\"><img loading=\"lazy\" decoding=\"async\" width=\"768\" height=\"1024\" data-id=\"74\" src=\"\/eixample2026\/wp-content\/uploads\/2025\/12\/IMG_20251202_104714-768x1024.jpg\" alt=\"\" class=\"wp-image-74\" srcset=\"\/eixample2026\/wp-content\/uploads\/2025\/12\/IMG_20251202_104714-768x1024.jpg 768w, \/eixample2026\/wp-content\/uploads\/2025\/12\/IMG_20251202_104714-225x300.jpg 225w, \/eixample2026\/wp-content\/uploads\/2025\/12\/IMG_20251202_104714-1152x1536.jpg 1152w, \/eixample2026\/wp-content\/uploads\/2025\/12\/IMG_20251202_104714-1536x2048.jpg 1536w, \/eixample2026\/wp-content\/uploads\/2025\/12\/IMG_20251202_104714-scaled.jpg 1920w\" sizes=\"auto, (max-width: 767px) 89vw, (max-width: 1000px) 54vw, (max-width: 1071px) 543px, 580px\" \/><\/figure>\n<\/figure>\n","protected":false},"excerpt":{"rendered":"<p>Dimarts passat vam anar a la fundaci\u00f3 T\u00e0pies a fer una activitat sobre entrevistes entrant en els personatges que van crear l\u2019altre dia. Em van preguntar sobre qui \u00e9rem, qui era la nostra vida\u2026 L&#8217;activitat ha estat molt divertida Erin Merino Jo crec que va ser bastant entretinguda la mec\u00e0nica de parlar com si tu &hellip; <\/p>\n<p class=\"link-more\"><a href=\"\/eixample2026\/lentrevista\/\" class=\"more-link\">Continua llegint <span class=\"screen-reader-text\">\u00abL&#8217;entrevista\u00bb<\/span><\/a><\/p>\n","protected":false},"author":4,"featured_media":0,"comment_status":"closed","ping_status":"","sticky":false,"template":"","format":"standard","meta":{"footnotes":""},"categories":[1],"tags":[],"class_list":["post-70","post","type-post","status-publish","format-standard","hentry","category-general"],"_links":{"self":[{"href":"\/eixample2026\/wp-json\/wp\/v2\/posts\/70","targetHints":{"allow":["GET"]}}],"collection":[{"href":"\/eixample2026\/wp-json\/wp\/v2\/posts"}],"about":[{"href":"\/eixample2026\/wp-json\/wp\/v2\/types\/post"}],"author":[{"embeddable":true,"href":"\/eixample2026\/wp-json\/wp\/v2\/users\/4"}],"replies":[{"embeddable":true,"href":"\/eixample2026\/wp-json\/wp\/v2\/comments?post=70"}],"version-history":[{"count":2,"href":"\/eixample2026\/wp-json\/wp\/v2\/posts\/70\/revisions"}],"predecessor-version":[{"id":75,"href":"\/eixample2026\/wp-json\/wp\/v2\/posts\/70\/revisions\/75"}],"wp:attachment":[{"href":"\/eixample2026\/wp-json\/wp\/v2\/media?parent=70"}],"wp:term":[{"taxonomy":"category","embeddable":true,"href":"\/eixample2026\/wp-json\/wp\/v2\/categories?post=70"},{"taxonomy":"post_tag","embeddable":true,"href":"\/eixample2026\/wp-json\/wp\/v2\/tags?post=70"}],"curies":[{"name":"wp","href":"https:\/\/api.w.org\/{rel}","templated":true}]}}