{"id":378,"date":"2024-11-13T20:08:59","date_gmt":"2024-11-13T18:08:59","guid":{"rendered":"\/ferreria2025\/?p=378"},"modified":"2024-11-13T20:08:59","modified_gmt":"2024-11-13T18:08:59","slug":"en-marxa-en-residencia-amb-aina-tur-a-la-ferreria-montcada-i-reixac","status":"publish","type":"post","link":"\/ferreria2025\/en-marxa-en-residencia-amb-aina-tur-a-la-ferreria-montcada-i-reixac\/","title":{"rendered":"En marxa En Resid\u00e8ncia amb Aina Tur a la Ferreria (Montcada i Reixac)"},"content":{"rendered":"\n<figure class=\"wp-block-gallery has-nested-images columns-default is-cropped wp-block-gallery-1 is-layout-flex wp-block-gallery-is-layout-flex\">\n<figure class=\"wp-block-image size-large\"><img loading=\"lazy\" decoding=\"async\" width=\"1812\" height=\"1359\" data-id=\"392\" src=\"\/ferreria2025\/wp-content\/uploads\/2024\/11\/fotoblog2-edited.jpeg\" alt=\"\" class=\"wp-image-392\" srcset=\"\/ferreria2025\/wp-content\/uploads\/2024\/11\/fotoblog2-edited.jpeg 1812w, \/ferreria2025\/wp-content\/uploads\/2024\/11\/fotoblog2-edited-300x225.jpeg 300w, \/ferreria2025\/wp-content\/uploads\/2024\/11\/fotoblog2-edited-1024x768.jpeg 1024w, \/ferreria2025\/wp-content\/uploads\/2024\/11\/fotoblog2-edited-768x576.jpeg 768w, \/ferreria2025\/wp-content\/uploads\/2024\/11\/fotoblog2-edited-1536x1152.jpeg 1536w\" sizes=\"auto, (max-width: 767px) 89vw, (max-width: 1000px) 54vw, (max-width: 1071px) 543px, 580px\" \/><figcaption class=\"wp-element-caption\">Silenci i concentraci\u00f3&#8230;<\/figcaption><\/figure>\n\n\n\n<figure class=\"wp-block-image size-large\"><img loading=\"lazy\" decoding=\"async\" width=\"1024\" height=\"768\" data-id=\"390\" src=\"\/ferreria2025\/wp-content\/uploads\/2024\/11\/fotblog1-1024x768.jpeg\" alt=\"\" class=\"wp-image-390\" srcset=\"\/ferreria2025\/wp-content\/uploads\/2024\/11\/fotblog1-1024x768.jpeg 1024w, \/ferreria2025\/wp-content\/uploads\/2024\/11\/fotblog1-300x225.jpeg 300w, \/ferreria2025\/wp-content\/uploads\/2024\/11\/fotblog1-768x576.jpeg 768w, \/ferreria2025\/wp-content\/uploads\/2024\/11\/fotblog1-1536x1152.jpeg 1536w, \/ferreria2025\/wp-content\/uploads\/2024\/11\/fotblog1.jpeg 2000w\" sizes=\"auto, (max-width: 767px) 89vw, (max-width: 1000px) 54vw, (max-width: 1071px) 543px, 580px\" \/><figcaption class=\"wp-element-caption\">Aprenent a moure&#8217;s.<\/figcaption><\/figure>\n<\/figure>\n\n\n\n<p class=\"wp-block-paragraph\">Quina sorpresa en tornar de l&#8217;estiu! Els alumnes de 2n ESO de l&#8217;institut La Ferreria de Montcada i Reixac han comen\u00e7at el curs 2024-2025 aquest setembre amb una bona not\u00edcia: farien teatre! El projecte \u00abEn Resid\u00e8ncia\u00bb ha aterrat a <em>la Ferre<\/em> de la m\u00e0 de la Sala Beckett i la proposta de l&#8217;autora i directora Aina Tur com a artista resident a l&#8217;institut al llarg del curs. En total s\u00f3n 17 els alumnes que s&#8217;han apuntat al repte d&#8217;explorar noves formes d&#8217;expressi\u00f3 art\u00edstica i el seu grau d&#8217;implicaci\u00f3 durant el primer mes i mig ha estat excel\u00b7lent!<\/p>\n\n\n\n<p class=\"wp-block-paragraph\">Durant les sessions realitzades han anat aprenent a regular la seva veu i el seu cos, els seus moviments i actituds i han pogut donar via lliure a la seva imaginaci\u00f3 sobre el paper. Sabeu qu\u00e8 fan un jove i la seva \u00e0via a Nova York amb un conill? Doncs nosaltres, s\u00ed!<\/p>\n","protected":false},"excerpt":{"rendered":"<p>Quina sorpresa en tornar de l&#8217;estiu! Els alumnes de 2n ESO de l&#8217;institut La Ferreria de Montcada i Reixac han comen\u00e7at el curs 2024-2025 aquest setembre amb una bona not\u00edcia: farien teatre! El projecte \u00abEn Resid\u00e8ncia\u00bb ha aterrat a la Ferre de la m\u00e0 de la Sala Beckett i la proposta de l&#8217;autora i directora &hellip; <\/p>\n<p class=\"link-more\"><a href=\"\/ferreria2025\/en-marxa-en-residencia-amb-aina-tur-a-la-ferreria-montcada-i-reixac\/\" class=\"more-link\">Continua llegint <span class=\"screen-reader-text\">\u00abEn marxa En Resid\u00e8ncia amb Aina Tur a la Ferreria (Montcada i Reixac)\u00bb<\/span><\/a><\/p>\n","protected":false},"author":15,"featured_media":0,"comment_status":"open","ping_status":"open","sticky":false,"template":"","format":"standard","meta":{"footnotes":""},"categories":[1],"tags":[],"class_list":["post-378","post","type-post","status-publish","format-standard","hentry","category-general"],"_links":{"self":[{"href":"\/ferreria2025\/wp-json\/wp\/v2\/posts\/378","targetHints":{"allow":["GET"]}}],"collection":[{"href":"\/ferreria2025\/wp-json\/wp\/v2\/posts"}],"about":[{"href":"\/ferreria2025\/wp-json\/wp\/v2\/types\/post"}],"author":[{"embeddable":true,"href":"\/ferreria2025\/wp-json\/wp\/v2\/users\/15"}],"replies":[{"embeddable":true,"href":"\/ferreria2025\/wp-json\/wp\/v2\/comments?post=378"}],"version-history":[{"count":3,"href":"\/ferreria2025\/wp-json\/wp\/v2\/posts\/378\/revisions"}],"predecessor-version":[{"id":393,"href":"\/ferreria2025\/wp-json\/wp\/v2\/posts\/378\/revisions\/393"}],"wp:attachment":[{"href":"\/ferreria2025\/wp-json\/wp\/v2\/media?parent=378"}],"wp:term":[{"taxonomy":"category","embeddable":true,"href":"\/ferreria2025\/wp-json\/wp\/v2\/categories?post=378"},{"taxonomy":"post_tag","embeddable":true,"href":"\/ferreria2025\/wp-json\/wp\/v2\/tags?post=378"}],"curies":[{"name":"wp","href":"https:\/\/api.w.org\/{rel}","templated":true}]}}