{"id":464,"date":"2025-01-04T08:29:27","date_gmt":"2025-01-04T06:29:27","guid":{"rendered":"\/ferreria2025\/?p=464"},"modified":"2025-01-04T08:29:27","modified_gmt":"2025-01-04T06:29:27","slug":"com-treballem-la-tercera-hora-a-linstitut-la-ferreria","status":"publish","type":"post","link":"\/ferreria2025\/com-treballem-la-tercera-hora-a-linstitut-la-ferreria\/","title":{"rendered":"Com treballem la tercera hora a l&#8217;institut La Ferreria"},"content":{"rendered":"\n<p class=\"wp-block-paragraph\">Durant la tercera hora, els alumnes d&#8217;En Resid\u00e8ncia de l&#8217;Institut La Ferreria de Montcada i Reixac reflexionen sobre el proc\u00e9s creatiu que duen a terme amb l&#8217;elaboraci\u00f3 d&#8217;un diari d&#8217;aprenentatge. Aquestes reflexions els permeten prendre consci\u00e8ncia de quin \u00e9s el seu punt de partida i de l&#8217;evoluci\u00f3 que fan al llarg de les setmanes, fent aturades concretes i reflexionant sobre punts o moments determinats. <\/p>\n\n\n\n<p class=\"wp-block-paragraph\">L&#8217;objectiu principal d&#8217;aquesta mena d&#8217;instrument de reflexi\u00f3 \u00e9s que aprenguin a verbalitzar all\u00f2 que estan aprenent i s&#8217;esforcin per poder trobar paraules (o imatges o sensacions) per transmetre p\u00fablicament all\u00f2 que estan treballant. D&#8217;aquesta manera, prenen consci\u00e8ncia d&#8217;all\u00f2 que treballen i ho expliquen als altres. Tamb\u00e9 treballen una compet\u00e8ncia clau en la seva formaci\u00f3, com \u00e9s la d&#8217;aprendre a aprendre, fent autoavaluacions sobre el seu proc\u00e9s d&#8217;aprenentatge i construint el seu propi model de reflexi\u00f3, que poden personalitzar amb imatges, tipografies, m\u00fasiques i colors diversos.<\/p>\n\n\n\n<p class=\"wp-block-paragraph\">El diari d&#8217;aprenentatge l&#8217;estan fent a trav\u00e9s d&#8217;un Google Sites, una aplicaci\u00f3 que els permet crear un lloc web personal de manera f\u00e0cil i molt intu\u00eftiva. Aquest Sites \u00e9s individual, cadasc\u00fa gestiona el seu, per\u00f2 les entrades que fan les dirigeix la professora que condueix la tercera hora d&#8217;En Resid\u00e8ncia. Aix\u00ed, per exemple, s&#8217;ha treballat amb una esp\u00e8cie de \u00abtiquet de sortida\u00bb en la primera entrada del Sites, en qu\u00e8 l&#8217;alumnat ha hagut d&#8217;explicar qu\u00e8 espera del projecte En Resid\u00e8ncia. A m\u00e9s, per\u00f2, han hagut d&#8217;explicar qu\u00e8 \u00e9s l&#8217;art i tamb\u00e9 qu\u00e8 \u00e9s el teatre per a ells. Aquestes entrades les han escrit a la secci\u00f3 \u00abQu\u00e8 \u00e9s?\u00bb, que podr\u00e0 incloure m\u00e9s entrades al llarg del curs. Tamb\u00e9 han hagut de preparar pr\u00e8viament una trobada amb el director David Trueba i hi han reflexionat posteriorment.<\/p>\n\n\n\n<figure class=\"wp-block-image size-large\"><img loading=\"lazy\" decoding=\"async\" width=\"993\" height=\"559\" src=\"\/ferreria2025\/wp-content\/uploads\/2025\/01\/image-22-edited.png\" alt=\"\" class=\"wp-image-467\" srcset=\"\/ferreria2025\/wp-content\/uploads\/2025\/01\/image-22-edited.png 993w, \/ferreria2025\/wp-content\/uploads\/2025\/01\/image-22-edited-300x169.png 300w, \/ferreria2025\/wp-content\/uploads\/2025\/01\/image-22-edited-768x432.png 768w\" sizes=\"auto, (max-width: 767px) 89vw, (max-width: 1000px) 54vw, (max-width: 1071px) 543px, 580px\" \/><figcaption class=\"wp-element-caption\">A dalt a la dreta, es poden veure les diferents seccions, amb una reflexi\u00f3 personal sobre conceptes m\u00e9s te\u00f2rics (secci\u00f3 \u00abQu\u00e8 \u00e9s?\u00bb), una investigaci\u00f3 personal sobre el director David Trueba i la visita a la Sala Beckett. A la p\u00e0gina principal, l&#8217;alumnat ha reflexionat sobre les seves expectatives sobre el projecte.<br> <\/figcaption><\/figure>\n\n\n\n<p class=\"wp-block-paragraph\">La idea, doncs, \u00e9s que aquests Sites personals es vagin enriquint amb les setmanes i els diferents projectes que es treballin, per\u00f2 que siguin sempre espais de reflexi\u00f3 sobre experi\u00e8ncies viscudes i tamb\u00e9 un entorn on poder expressar les seves expectatives. \u00c9s important saber qu\u00e8 espera l&#8217;alumnat del projecte per poder-lo sentir seu, per construir-lo de manera cooperativa i fer que tingui una base s\u00f2lida.<\/p>\n","protected":false},"excerpt":{"rendered":"<p>Durant la tercera hora, els alumnes d&#8217;En Resid\u00e8ncia de l&#8217;Institut La Ferreria de Montcada i Reixac reflexionen sobre el proc\u00e9s creatiu que duen a terme amb l&#8217;elaboraci\u00f3 d&#8217;un diari d&#8217;aprenentatge. Aquestes reflexions els permeten prendre consci\u00e8ncia de quin \u00e9s el seu punt de partida i de l&#8217;evoluci\u00f3 que fan al llarg de les setmanes, fent &hellip; <\/p>\n<p class=\"link-more\"><a href=\"\/ferreria2025\/com-treballem-la-tercera-hora-a-linstitut-la-ferreria\/\" class=\"more-link\">Continua llegint <span class=\"screen-reader-text\">\u00abCom treballem la tercera hora a l&#8217;institut La Ferreria\u00bb<\/span><\/a><\/p>\n","protected":false},"author":15,"featured_media":0,"comment_status":"open","ping_status":"open","sticky":false,"template":"","format":"standard","meta":{"footnotes":""},"categories":[1],"tags":[],"class_list":["post-464","post","type-post","status-publish","format-standard","hentry","category-general"],"_links":{"self":[{"href":"\/ferreria2025\/wp-json\/wp\/v2\/posts\/464","targetHints":{"allow":["GET"]}}],"collection":[{"href":"\/ferreria2025\/wp-json\/wp\/v2\/posts"}],"about":[{"href":"\/ferreria2025\/wp-json\/wp\/v2\/types\/post"}],"author":[{"embeddable":true,"href":"\/ferreria2025\/wp-json\/wp\/v2\/users\/15"}],"replies":[{"embeddable":true,"href":"\/ferreria2025\/wp-json\/wp\/v2\/comments?post=464"}],"version-history":[{"count":5,"href":"\/ferreria2025\/wp-json\/wp\/v2\/posts\/464\/revisions"}],"predecessor-version":[{"id":471,"href":"\/ferreria2025\/wp-json\/wp\/v2\/posts\/464\/revisions\/471"}],"wp:attachment":[{"href":"\/ferreria2025\/wp-json\/wp\/v2\/media?parent=464"}],"wp:term":[{"taxonomy":"category","embeddable":true,"href":"\/ferreria2025\/wp-json\/wp\/v2\/categories?post=464"},{"taxonomy":"post_tag","embeddable":true,"href":"\/ferreria2025\/wp-json\/wp\/v2\/tags?post=464"}],"curies":[{"name":"wp","href":"https:\/\/api.w.org\/{rel}","templated":true}]}}