{"id":473,"date":"2025-03-03T20:38:56","date_gmt":"2025-03-03T18:38:56","guid":{"rendered":"\/ferreria2025\/?p=473"},"modified":"2025-03-03T20:38:56","modified_gmt":"2025-03-03T18:38:56","slug":"cacophony-a-la-sala-beckett-29-01-2025","status":"publish","type":"post","link":"\/ferreria2025\/cacophony-a-la-sala-beckett-29-01-2025\/","title":{"rendered":"\u00abCacophony\u00bb, a la Sala Beckett (29\/01\/2025)"},"content":{"rendered":"\n<figure class=\"wp-block-image size-full\"><img loading=\"lazy\" decoding=\"async\" width=\"800\" height=\"534\" src=\"\/ferreria2025\/wp-content\/uploads\/2025\/03\/cacophon-1.jpg\" alt=\"\" class=\"wp-image-477\" srcset=\"\/ferreria2025\/wp-content\/uploads\/2025\/03\/cacophon-1.jpg 800w, \/ferreria2025\/wp-content\/uploads\/2025\/03\/cacophon-1-300x200.jpg 300w, \/ferreria2025\/wp-content\/uploads\/2025\/03\/cacophon-1-768x513.jpg 768w\" sizes=\"auto, (max-width: 767px) 89vw, (max-width: 1000px) 54vw, (max-width: 1071px) 543px, 580px\" \/><\/figure>\n\n\n\n<p class=\"wp-block-paragraph\">El dia 29 de gener del 2025, els alumnes d&#8217;En Resid\u00e8ncia de l&#8217;institut La Ferreria van tornar a visitar la Sala Beckett per assistir a la representaci\u00f3 de \u00abCacophony\u00bb, la proposta d&#8217;Anna Serrano Gatell de l&#8217;obra de Molly Taylor. Aix\u00f2 deien els alumnes:<\/p>\n\n\n\n<p class=\"wp-block-paragraph\"><em>\u00abQuan vam entrar a la \u00abblack box\u00bb hi havia com fum (cosa que em va fer tenir m\u00e9s expectatives positives). Van passar uns 10 minuts i despr\u00e9s ja va comen\u00e7ar l&#8217;obra. A mi personalment em va agradar molt. L&#8217;obra tractava del mal que poden fer els m\u00f2bils. Una cosa que em va semblar interessant va ser el nom de l&#8217;obra. Es diu Cacophoni que significa caco: molt + foni: soroll.\u00bb<\/em><\/p>\n\n\n\n<p class=\"wp-block-paragraph\"><em>\u00abA mi em va semblar bastant entretinguda i forta, els actors actuaven bastant b\u00e9, hi havia molta gent que no li ha agradat perqu\u00e8 no entenien res, per\u00f2 jo he ent\u00e8s l&#8217;obra i el missatge no \u00e9s el meu preferit, per\u00f2 s&#8217;ent\u00e9n perfectament.\u00a0 L&#8217;ambientaci\u00f3 era bastant bona, sembla el que necessitava semblar, l&#8217;\u00fanic que no em va agradar \u00e9s que a vegades hi havia molt soroll.\u00bb<\/em><\/p>\n\n\n\n<p class=\"wp-block-paragraph\"><em>\u00abL&#8217;obra \u00e9s deia Cacophony i tractava d&#8217;una noia que anava contra les injust\u00edcies de les noies. Va estar molt chulo, la cosa que m\u00e9s em va agradar de l&#8217;obra va ser la discoteca.\u00bb<\/em><\/p>\n","protected":false},"excerpt":{"rendered":"<p>El dia 29 de gener del 2025, els alumnes d&#8217;En Resid\u00e8ncia de l&#8217;institut La Ferreria van tornar a visitar la Sala Beckett per assistir a la representaci\u00f3 de \u00abCacophony\u00bb, la proposta d&#8217;Anna Serrano Gatell de l&#8217;obra de Molly Taylor. Aix\u00f2 deien els alumnes: \u00abQuan vam entrar a la \u00abblack box\u00bb hi havia com fum (cosa &hellip; <\/p>\n<p class=\"link-more\"><a href=\"\/ferreria2025\/cacophony-a-la-sala-beckett-29-01-2025\/\" class=\"more-link\">Continua llegint <span class=\"screen-reader-text\">\u00ab\u00abCacophony\u00bb, a la Sala Beckett (29\/01\/2025)\u00bb<\/span><\/a><\/p>\n","protected":false},"author":15,"featured_media":0,"comment_status":"open","ping_status":"open","sticky":false,"template":"","format":"standard","meta":{"footnotes":""},"categories":[1],"tags":[],"class_list":["post-473","post","type-post","status-publish","format-standard","hentry","category-general"],"_links":{"self":[{"href":"\/ferreria2025\/wp-json\/wp\/v2\/posts\/473","targetHints":{"allow":["GET"]}}],"collection":[{"href":"\/ferreria2025\/wp-json\/wp\/v2\/posts"}],"about":[{"href":"\/ferreria2025\/wp-json\/wp\/v2\/types\/post"}],"author":[{"embeddable":true,"href":"\/ferreria2025\/wp-json\/wp\/v2\/users\/15"}],"replies":[{"embeddable":true,"href":"\/ferreria2025\/wp-json\/wp\/v2\/comments?post=473"}],"version-history":[{"count":2,"href":"\/ferreria2025\/wp-json\/wp\/v2\/posts\/473\/revisions"}],"predecessor-version":[{"id":478,"href":"\/ferreria2025\/wp-json\/wp\/v2\/posts\/473\/revisions\/478"}],"wp:attachment":[{"href":"\/ferreria2025\/wp-json\/wp\/v2\/media?parent=473"}],"wp:term":[{"taxonomy":"category","embeddable":true,"href":"\/ferreria2025\/wp-json\/wp\/v2\/categories?post=473"},{"taxonomy":"post_tag","embeddable":true,"href":"\/ferreria2025\/wp-json\/wp\/v2\/tags?post=473"}],"curies":[{"name":"wp","href":"https:\/\/api.w.org\/{rel}","templated":true}]}}