{"id":479,"date":"2025-03-03T21:21:02","date_gmt":"2025-03-03T19:21:02","guid":{"rendered":"\/ferreria2025\/?p=479"},"modified":"2025-03-03T21:21:02","modified_gmt":"2025-03-03T19:21:02","slug":"sessio-oberta-al-professorat-19-02-2025","status":"publish","type":"post","link":"\/ferreria2025\/sessio-oberta-al-professorat-19-02-2025\/","title":{"rendered":"Sessi\u00f3 oberta al professorat, 19\/02\/2025"},"content":{"rendered":"\n<p class=\"wp-block-paragraph\">La sessi\u00f3 oberta al professorat es va celebrar el passat dimecres 19 de febrer davant l&#8217;equip docent de 2n d&#8217;ESO de l&#8217;institut La Ferreria. L&#8217;alumna Aina Ant\u00f3n va ser l&#8217;encarregada de l&#8217;obertura de la sessi\u00f3 i de convidar el professorat a fer un joc de ritme i atenci\u00f3 que l&#8217;alumnat ha practicat durant aquests mesos. La din\u00e0mica la dirigia l&#8217;alumna N\u00faria Morcillo, qui no va dubtar en \u00abexpulsar\u00bb els professors que no seguien les indicacions al ritme adequat.<\/p>\n\n\n\n<p class=\"wp-block-paragraph\">Seguidament, l&#8217;alumnat va llegir la primera escena de l&#8217;obra que preparen, \u00abNecessitem diners!\u00bb, deixant el professorat ben bocabadat. Ja per finalitzar, els alumnes van poder escoltar les opinions dels mestres i resoldre&#8217;ls els dubtes que plantejaven. Per\u00f2 qu\u00e8 els va semblar?<\/p>\n\n\n\n<p class=\"wp-block-paragraph\"><em>\u00abAhir el dia 19\/2\/25 vam fer una sessi\u00f3 oberta amb l&#8217;equip docent de 2n d&#8217;ESO el primer que vam fer un joc de palmades amb els profes. Despr\u00e9s vam llegir el nostre di\u00e0leg va sortir bastant b\u00e9 i als profes els va agradar.\u00bb<\/em><\/p>\n\n\n\n<p class=\"wp-block-paragraph\"><em>\u00abA mi, a la sessi\u00f3 oberta, m&#8217;hauria agradat que enseny\u00e9ssim m\u00e9s jocs que hem fet a classe o que el primer joc hagu\u00e9s durat m\u00e9s. Tamb\u00e9 m&#8217;hauria agradat que hagu\u00e9ssim pogut ensenyar m\u00e9s l&#8217;obra, \u00e9s a dir, que estigu\u00e9s m\u00e9s avan\u00e7ada. D&#8217;altra banda, l&#8217;equip docent de 2n d&#8217;ESO no va fer moltes preguntes i simplement ens felicitaven. M&#8217;hauria agradat que preguntessin m\u00e9s.\u00bb<\/em><\/p>\n\n\n\n<p class=\"wp-block-paragraph\"><em>\u00abVam anar a preparar-nos fins que van venir els professors i els vam explicar un joc que \u00e9s de fer palmades i vam anar eliminant persones. M\u00e9s tard ens vam asseure i vam comen\u00e7ar a llegir l&#8217;obra de teatre, posteriorment van respondre a les preguntes dels professors ens en vam anar cadascun a casa.\u00a0\u00a0Jo crec que va funcionar b\u00e9, ja que va sortir tal com el vam practicar i no tinc res malament de dir.\u00bb<\/em><\/p>\n\n\n\n<p class=\"wp-block-paragraph\"><em>\u00abPrimer vam anar a menjar les pizzes que estaven molt bones encara que jo no menjo molt.<\/em> <em>Despr\u00e9s vam anar a la sala de m\u00fasica on van comen\u00e7ar a venir els professors, la cosa primera va ser una din\u00e0mica de palmades molt divertides i despr\u00e9s vam llegir el text que hav\u00edem preparat. Ho vam fer perfecte segon el meu punt de vista i els professors van quedar impressionats. Ens van dir que ens veien potencial i vam marxar. En general, em va agradar molt.\u00bb<\/em><\/p>\n\n\n\n<figure class=\"wp-block-gallery has-nested-images columns-default is-cropped wp-block-gallery-1 is-layout-flex wp-block-gallery-is-layout-flex\">\n<figure class=\"wp-block-image size-large\"><img loading=\"lazy\" decoding=\"async\" width=\"1024\" height=\"768\" data-id=\"492\" src=\"\/ferreria2025\/wp-content\/uploads\/2025\/03\/20250219_143131-4-1024x768.jpg\" alt=\"\" class=\"wp-image-492\" srcset=\"\/ferreria2025\/wp-content\/uploads\/2025\/03\/20250219_143131-4-1024x768.jpg 1024w, \/ferreria2025\/wp-content\/uploads\/2025\/03\/20250219_143131-4-300x225.jpg 300w, \/ferreria2025\/wp-content\/uploads\/2025\/03\/20250219_143131-4-768x576.jpg 768w, \/ferreria2025\/wp-content\/uploads\/2025\/03\/20250219_143131-4-1536x1152.jpg 1536w, \/ferreria2025\/wp-content\/uploads\/2025\/03\/20250219_143131-4-2048x1536.jpg 2048w\" sizes=\"auto, (max-width: 767px) 89vw, (max-width: 1000px) 54vw, (max-width: 1071px) 543px, 580px\" \/><\/figure>\n\n\n\n<figure class=\"wp-block-image size-large\"><img loading=\"lazy\" decoding=\"async\" width=\"1024\" height=\"768\" data-id=\"491\" src=\"\/ferreria2025\/wp-content\/uploads\/2025\/03\/20250219_151859-2-1024x768.jpg\" alt=\"\" class=\"wp-image-491\" srcset=\"\/ferreria2025\/wp-content\/uploads\/2025\/03\/20250219_151859-2-1024x768.jpg 1024w, \/ferreria2025\/wp-content\/uploads\/2025\/03\/20250219_151859-2-300x225.jpg 300w, \/ferreria2025\/wp-content\/uploads\/2025\/03\/20250219_151859-2-768x576.jpg 768w, \/ferreria2025\/wp-content\/uploads\/2025\/03\/20250219_151859-2-1536x1152.jpg 1536w, \/ferreria2025\/wp-content\/uploads\/2025\/03\/20250219_151859-2-2048x1536.jpg 2048w\" sizes=\"auto, (max-width: 767px) 89vw, (max-width: 1000px) 54vw, (max-width: 1071px) 543px, 580px\" \/><\/figure>\n\n\n\n<figure class=\"wp-block-image size-large\"><img loading=\"lazy\" decoding=\"async\" width=\"1024\" height=\"768\" data-id=\"494\" src=\"\/ferreria2025\/wp-content\/uploads\/2025\/03\/20250219_151409-3-1024x768.jpg\" alt=\"\" class=\"wp-image-494\" srcset=\"\/ferreria2025\/wp-content\/uploads\/2025\/03\/20250219_151409-3-1024x768.jpg 1024w, \/ferreria2025\/wp-content\/uploads\/2025\/03\/20250219_151409-3-300x225.jpg 300w, \/ferreria2025\/wp-content\/uploads\/2025\/03\/20250219_151409-3-768x576.jpg 768w, \/ferreria2025\/wp-content\/uploads\/2025\/03\/20250219_151409-3-1536x1152.jpg 1536w, \/ferreria2025\/wp-content\/uploads\/2025\/03\/20250219_151409-3-2048x1536.jpg 2048w\" sizes=\"auto, (max-width: 767px) 89vw, (max-width: 1000px) 54vw, (max-width: 1071px) 543px, 580px\" \/><\/figure>\n\n\n\n<figure class=\"wp-block-image size-large\"><img loading=\"lazy\" decoding=\"async\" width=\"1024\" height=\"768\" data-id=\"493\" src=\"\/ferreria2025\/wp-content\/uploads\/2025\/03\/20250219_151355-2-1024x768.jpg\" alt=\"\" class=\"wp-image-493\" srcset=\"\/ferreria2025\/wp-content\/uploads\/2025\/03\/20250219_151355-2-1024x768.jpg 1024w, \/ferreria2025\/wp-content\/uploads\/2025\/03\/20250219_151355-2-300x225.jpg 300w, \/ferreria2025\/wp-content\/uploads\/2025\/03\/20250219_151355-2-768x576.jpg 768w, \/ferreria2025\/wp-content\/uploads\/2025\/03\/20250219_151355-2-1536x1152.jpg 1536w, \/ferreria2025\/wp-content\/uploads\/2025\/03\/20250219_151355-2-2048x1536.jpg 2048w\" sizes=\"auto, (max-width: 767px) 89vw, (max-width: 1000px) 54vw, (max-width: 1071px) 543px, 580px\" \/><\/figure>\n<\/figure>\n","protected":false},"excerpt":{"rendered":"<p>La sessi\u00f3 oberta al professorat es va celebrar el passat dimecres 19 de febrer davant l&#8217;equip docent de 2n d&#8217;ESO de l&#8217;institut La Ferreria. L&#8217;alumna Aina Ant\u00f3n va ser l&#8217;encarregada de l&#8217;obertura de la sessi\u00f3 i de convidar el professorat a fer un joc de ritme i atenci\u00f3 que l&#8217;alumnat ha practicat durant aquests mesos. &hellip; <\/p>\n<p class=\"link-more\"><a href=\"\/ferreria2025\/sessio-oberta-al-professorat-19-02-2025\/\" class=\"more-link\">Continua llegint <span class=\"screen-reader-text\">\u00abSessi\u00f3 oberta al professorat, 19\/02\/2025\u00bb<\/span><\/a><\/p>\n","protected":false},"author":15,"featured_media":0,"comment_status":"open","ping_status":"open","sticky":false,"template":"","format":"standard","meta":{"footnotes":""},"categories":[1],"tags":[],"class_list":["post-479","post","type-post","status-publish","format-standard","hentry","category-general"],"_links":{"self":[{"href":"\/ferreria2025\/wp-json\/wp\/v2\/posts\/479","targetHints":{"allow":["GET"]}}],"collection":[{"href":"\/ferreria2025\/wp-json\/wp\/v2\/posts"}],"about":[{"href":"\/ferreria2025\/wp-json\/wp\/v2\/types\/post"}],"author":[{"embeddable":true,"href":"\/ferreria2025\/wp-json\/wp\/v2\/users\/15"}],"replies":[{"embeddable":true,"href":"\/ferreria2025\/wp-json\/wp\/v2\/comments?post=479"}],"version-history":[{"count":1,"href":"\/ferreria2025\/wp-json\/wp\/v2\/posts\/479\/revisions"}],"predecessor-version":[{"id":495,"href":"\/ferreria2025\/wp-json\/wp\/v2\/posts\/479\/revisions\/495"}],"wp:attachment":[{"href":"\/ferreria2025\/wp-json\/wp\/v2\/media?parent=479"}],"wp:term":[{"taxonomy":"category","embeddable":true,"href":"\/ferreria2025\/wp-json\/wp\/v2\/categories?post=479"},{"taxonomy":"post_tag","embeddable":true,"href":"\/ferreria2025\/wp-json\/wp\/v2\/tags?post=479"}],"curies":[{"name":"wp","href":"https:\/\/api.w.org\/{rel}","templated":true}]}}