{"id":1,"date":"2025-09-16T09:20:40","date_gmt":"2025-09-16T07:20:40","guid":{"rendered":"\/ferreria2026\/?p=1"},"modified":"2025-10-06T08:58:02","modified_gmt":"2025-10-06T06:58:02","slug":"tau-luna-acosta-en-residencia-a-linstitut-la-ferreria","status":"publish","type":"post","link":"\/ferreria2026\/tau-luna-acosta-en-residencia-a-linstitut-la-ferreria\/","title":{"rendered":"Tau Luna Acosta EN RESiD\u00c8NCiA a l&#8217;Institut La Ferreria"},"content":{"rendered":"\n<p class=\"wp-block-paragraph\">Tau Luna Acosta ja ha iniciat el proc\u00e9s de creaci\u00f3 EN RESiD\u00c8NCiA a l&#8217;Institut La Ferreria (Santa Maria de Montcada, Montcada i Reixac). En aquest blog podreu seguir els moments clau d\u2019un proc\u00e9s obert, amb un final no predefinit. Fins molt aviat!!<\/p>\n\n\n\n<p class=\"wp-block-paragraph\"><\/p>\n","protected":false},"excerpt":{"rendered":"<p>Tau Luna Acosta ja ha iniciat el proc\u00e9s de creaci\u00f3 EN RESiD\u00c8NCiA a l&#8217;Institut La Ferreria (Santa Maria de Montcada, Montcada i Reixac). En aquest blog podreu seguir els moments clau d\u2019un proc\u00e9s obert, amb un final no predefinit. Fins molt aviat!!<\/p>\n","protected":false},"author":1,"featured_media":0,"comment_status":"open","ping_status":"open","sticky":false,"template":"","format":"standard","meta":{"footnotes":""},"categories":[1],"tags":[],"class_list":["post-1","post","type-post","status-publish","format-standard","hentry","category-general"],"_links":{"self":[{"href":"\/ferreria2026\/wp-json\/wp\/v2\/posts\/1","targetHints":{"allow":["GET"]}}],"collection":[{"href":"\/ferreria2026\/wp-json\/wp\/v2\/posts"}],"about":[{"href":"\/ferreria2026\/wp-json\/wp\/v2\/types\/post"}],"author":[{"embeddable":true,"href":"\/ferreria2026\/wp-json\/wp\/v2\/users\/1"}],"replies":[{"embeddable":true,"href":"\/ferreria2026\/wp-json\/wp\/v2\/comments?post=1"}],"version-history":[{"count":3,"href":"\/ferreria2026\/wp-json\/wp\/v2\/posts\/1\/revisions"}],"predecessor-version":[{"id":50,"href":"\/ferreria2026\/wp-json\/wp\/v2\/posts\/1\/revisions\/50"}],"wp:attachment":[{"href":"\/ferreria2026\/wp-json\/wp\/v2\/media?parent=1"}],"wp:term":[{"taxonomy":"category","embeddable":true,"href":"\/ferreria2026\/wp-json\/wp\/v2\/categories?post=1"},{"taxonomy":"post_tag","embeddable":true,"href":"\/ferreria2026\/wp-json\/wp\/v2\/tags?post=1"}],"curies":[{"name":"wp","href":"https:\/\/api.w.org\/{rel}","templated":true}]}}