{"id":225,"date":"2026-04-08T13:28:44","date_gmt":"2026-04-08T11:28:44","guid":{"rendered":"\/ferreria2026\/?p=225"},"modified":"2026-04-08T13:28:44","modified_gmt":"2026-04-08T11:28:44","slug":"sensacions-despres-de-la-sessio-oberta","status":"publish","type":"post","link":"\/ferreria2026\/sensacions-despres-de-la-sessio-oberta\/","title":{"rendered":"Sensacions despr\u00e9s de la Sessi\u00f3 Oberta"},"content":{"rendered":"\n<p class=\"wp-block-paragraph\">El dia 25 de febrer vam presentar i explicar a molts dels nostres professors i professores, tot el que hem estat fent, observant, escoltant, aprenent, aquests mesos amb Tau Luna!! Compartim algunes imatges i sensacions del dia!!<\/p>\n\n\n<div class=\"wp-block-image\">\n<figure class=\"aligncenter size-large is-resized\"><img loading=\"lazy\" decoding=\"async\" width=\"1024\" height=\"685\" src=\"\/ferreria2026\/wp-content\/uploads\/2026\/04\/26_02_25_02-1024x685.jpg\" alt=\"\" class=\"wp-image-227\" style=\"aspect-ratio:1.4949400429749775;width:333px;height:auto\" srcset=\"\/ferreria2026\/wp-content\/uploads\/2026\/04\/26_02_25_02-1024x685.jpg 1024w, \/ferreria2026\/wp-content\/uploads\/2026\/04\/26_02_25_02-300x201.jpg 300w, \/ferreria2026\/wp-content\/uploads\/2026\/04\/26_02_25_02-768x514.jpg 768w, \/ferreria2026\/wp-content\/uploads\/2026\/04\/26_02_25_02-1536x1028.jpg 1536w, \/ferreria2026\/wp-content\/uploads\/2026\/04\/26_02_25_02-2048x1371.jpg 2048w\" sizes=\"auto, (max-width: 767px) 89vw, (max-width: 1000px) 54vw, (max-width: 1071px) 543px, 580px\" \/><\/figure>\n<\/div>\n\n\n<p class=\"wp-block-paragraph\">\u201cAquell dia, \u00f2bviament va ser diferent, ja que vam menjar a l&#8217;institut i ho vam preparar tot. Ho vam dividir per estacions, de la 0 &#8211; 5. Eren petits grups on explicar\u00edem el nostre viatge per l&#8217;assignatura des del primer dia&#8230;Crec que va ser un dia una amb mica de tensi\u00f3 i nervis, per\u00f2 va ser molt guai\u201d<em>. Aina Coll<\/em><\/p>\n\n\n\n<p class=\"wp-block-paragraph\">\u201cPrimer vam col\u00b7locar les taules una mica per poder posar els nostres projectes i tot el que hem fet durant aquest curs i la meva opini\u00f3 sobre aquesta sessi\u00f3 oberta \u00e9s que ha estat molt b\u00e9 i m&#8217;ha agradat explicar tot el que hem fet.\u201d <em>Alba Salguero<\/em><\/p>\n\n\n<div class=\"wp-block-image\">\n<figure class=\"aligncenter size-large is-resized\"><img loading=\"lazy\" decoding=\"async\" width=\"1024\" height=\"685\" src=\"\/ferreria2026\/wp-content\/uploads\/2026\/04\/26_02_25_13-1-1024x685.jpg\" alt=\"\" class=\"wp-image-248\" style=\"aspect-ratio:1.4949400429749775;width:436px;height:auto\" srcset=\"\/ferreria2026\/wp-content\/uploads\/2026\/04\/26_02_25_13-1-1024x685.jpg 1024w, \/ferreria2026\/wp-content\/uploads\/2026\/04\/26_02_25_13-1-300x201.jpg 300w, \/ferreria2026\/wp-content\/uploads\/2026\/04\/26_02_25_13-1-768x514.jpg 768w, \/ferreria2026\/wp-content\/uploads\/2026\/04\/26_02_25_13-1-1536x1028.jpg 1536w, \/ferreria2026\/wp-content\/uploads\/2026\/04\/26_02_25_13-1-2048x1371.jpg 2048w\" sizes=\"auto, (max-width: 767px) 89vw, (max-width: 1000px) 54vw, (max-width: 1071px) 543px, 580px\" \/><\/figure>\n<\/div>\n\n\n<figure class=\"wp-block-gallery has-nested-images columns-default is-cropped wp-block-gallery-1 is-layout-flex wp-block-gallery-is-layout-flex\">\n<figure class=\"wp-block-image size-large\"><img loading=\"lazy\" decoding=\"async\" width=\"1024\" height=\"685\" data-id=\"235\" src=\"\/ferreria2026\/wp-content\/uploads\/2026\/04\/26_02_25_28-1024x685.jpg\" alt=\"\" class=\"wp-image-235\" srcset=\"\/ferreria2026\/wp-content\/uploads\/2026\/04\/26_02_25_28-1024x685.jpg 1024w, \/ferreria2026\/wp-content\/uploads\/2026\/04\/26_02_25_28-300x201.jpg 300w, \/ferreria2026\/wp-content\/uploads\/2026\/04\/26_02_25_28-768x514.jpg 768w, \/ferreria2026\/wp-content\/uploads\/2026\/04\/26_02_25_28-1536x1028.jpg 1536w, \/ferreria2026\/wp-content\/uploads\/2026\/04\/26_02_25_28-2048x1371.jpg 2048w\" sizes=\"auto, (max-width: 767px) 89vw, (max-width: 1000px) 54vw, (max-width: 1071px) 543px, 580px\" \/><\/figure>\n\n\n\n<figure class=\"wp-block-image size-large\"><img loading=\"lazy\" decoding=\"async\" width=\"1024\" height=\"685\" data-id=\"245\" src=\"\/ferreria2026\/wp-content\/uploads\/2026\/04\/26_02_25_31-1024x685.jpg\" alt=\"\" class=\"wp-image-245\" srcset=\"\/ferreria2026\/wp-content\/uploads\/2026\/04\/26_02_25_31-1024x685.jpg 1024w, \/ferreria2026\/wp-content\/uploads\/2026\/04\/26_02_25_31-300x201.jpg 300w, \/ferreria2026\/wp-content\/uploads\/2026\/04\/26_02_25_31-768x514.jpg 768w, \/ferreria2026\/wp-content\/uploads\/2026\/04\/26_02_25_31-1536x1028.jpg 1536w, \/ferreria2026\/wp-content\/uploads\/2026\/04\/26_02_25_31-2048x1371.jpg 2048w\" sizes=\"auto, (max-width: 767px) 89vw, (max-width: 1000px) 54vw, (max-width: 1071px) 543px, 580px\" \/><\/figure>\n<\/figure>\n\n\n\n<figure class=\"wp-block-gallery has-nested-images columns-default is-cropped wp-block-gallery-2 is-layout-flex wp-block-gallery-is-layout-flex\">\n<figure class=\"wp-block-image size-large\"><img loading=\"lazy\" decoding=\"async\" width=\"1024\" height=\"685\" data-id=\"239\" src=\"\/ferreria2026\/wp-content\/uploads\/2026\/04\/26_02_25_39-1024x685.jpg\" alt=\"\" class=\"wp-image-239\" srcset=\"\/ferreria2026\/wp-content\/uploads\/2026\/04\/26_02_25_39-1024x685.jpg 1024w, \/ferreria2026\/wp-content\/uploads\/2026\/04\/26_02_25_39-300x201.jpg 300w, \/ferreria2026\/wp-content\/uploads\/2026\/04\/26_02_25_39-768x514.jpg 768w, \/ferreria2026\/wp-content\/uploads\/2026\/04\/26_02_25_39-1536x1028.jpg 1536w, \/ferreria2026\/wp-content\/uploads\/2026\/04\/26_02_25_39-2048x1371.jpg 2048w\" sizes=\"auto, (max-width: 767px) 89vw, (max-width: 1000px) 54vw, (max-width: 1071px) 543px, 580px\" \/><\/figure>\n\n\n\n<figure class=\"wp-block-image size-large\"><img loading=\"lazy\" decoding=\"async\" width=\"1024\" height=\"1024\" data-id=\"252\" src=\"\/ferreria2026\/wp-content\/uploads\/2026\/04\/26_02_25_24-1-edited-1024x1024.jpg\" alt=\"\" class=\"wp-image-252\" srcset=\"\/ferreria2026\/wp-content\/uploads\/2026\/04\/26_02_25_24-1-edited-1024x1024.jpg 1024w, \/ferreria2026\/wp-content\/uploads\/2026\/04\/26_02_25_24-1-edited-300x300.jpg 300w, \/ferreria2026\/wp-content\/uploads\/2026\/04\/26_02_25_24-1-edited-150x150.jpg 150w, \/ferreria2026\/wp-content\/uploads\/2026\/04\/26_02_25_24-1-edited-768x769.jpg 768w, \/ferreria2026\/wp-content\/uploads\/2026\/04\/26_02_25_24-1-edited-1536x1536.jpg 1536w, \/ferreria2026\/wp-content\/uploads\/2026\/04\/26_02_25_24-1-edited-2046x2048.jpg 2046w, \/ferreria2026\/wp-content\/uploads\/2026\/04\/26_02_25_24-1-edited-100x100.jpg 100w\" sizes=\"auto, (max-width: 767px) 89vw, (max-width: 1000px) 54vw, (max-width: 1071px) 543px, 580px\" \/><\/figure>\n<\/figure>\n\n\n\n<p class=\"wp-block-paragraph\">\u201cJo m&#8217;ho vaig passar b\u00e9 i va ser un gran aprenentatge i espero seguir aprenent amb aquesta gran artista\u201d<em> Roc Velasco<\/em><\/p>\n\n\n\n<p class=\"wp-block-paragraph\">\u201cVam explicar una sessi\u00f3 on vam fer uns rollitos de feltre i pl\u00e0stic, per veure el color tintori de les plantes i flors que vam recollir del riu que tenim al costat de l&#8217;institut. A l&#8217;hora de presentar em vaig sentir nervi\u00f3s perqu\u00e8 hi havia molts professors incl\u00f2s el meu tutor i la directora.\u201d J<em>ul Alvarez<\/em><\/p>\n\n\n\n<p class=\"wp-block-paragraph\">\u201cCom vam poder veure als profes els va encantar. I tamb\u00e9 van preguntar pel palabrerio, i els vaig explicar que era com el nostre diccionari.\u201d <em>Salma Ahalli<\/em><\/p>\n\n\n\n<p class=\"wp-block-paragraph\"><\/p>\n\n\n\n<figure class=\"wp-block-gallery has-nested-images columns-default is-cropped wp-block-gallery-3 is-layout-flex wp-block-gallery-is-layout-flex\">\n<figure class=\"wp-block-image size-large\"><img loading=\"lazy\" decoding=\"async\" width=\"1024\" height=\"685\" data-id=\"249\" src=\"\/ferreria2026\/wp-content\/uploads\/2026\/04\/26_02_25_40-1-1024x685.jpg\" alt=\"\" class=\"wp-image-249\" srcset=\"\/ferreria2026\/wp-content\/uploads\/2026\/04\/26_02_25_40-1-1024x685.jpg 1024w, \/ferreria2026\/wp-content\/uploads\/2026\/04\/26_02_25_40-1-300x201.jpg 300w, \/ferreria2026\/wp-content\/uploads\/2026\/04\/26_02_25_40-1-768x514.jpg 768w, \/ferreria2026\/wp-content\/uploads\/2026\/04\/26_02_25_40-1-1536x1028.jpg 1536w, \/ferreria2026\/wp-content\/uploads\/2026\/04\/26_02_25_40-1-2048x1371.jpg 2048w\" sizes=\"auto, (max-width: 767px) 89vw, (max-width: 1000px) 54vw, (max-width: 1071px) 543px, 580px\" \/><\/figure>\n\n\n\n<figure class=\"wp-block-image size-large\"><img loading=\"lazy\" decoding=\"async\" width=\"1024\" height=\"685\" data-id=\"230\" src=\"\/ferreria2026\/wp-content\/uploads\/2026\/04\/26_02_25_15-1024x685.jpg\" alt=\"\" class=\"wp-image-230\" srcset=\"\/ferreria2026\/wp-content\/uploads\/2026\/04\/26_02_25_15-1024x685.jpg 1024w, \/ferreria2026\/wp-content\/uploads\/2026\/04\/26_02_25_15-300x201.jpg 300w, \/ferreria2026\/wp-content\/uploads\/2026\/04\/26_02_25_15-768x514.jpg 768w, \/ferreria2026\/wp-content\/uploads\/2026\/04\/26_02_25_15-1536x1028.jpg 1536w, \/ferreria2026\/wp-content\/uploads\/2026\/04\/26_02_25_15-2048x1371.jpg 2048w\" sizes=\"auto, (max-width: 767px) 89vw, (max-width: 1000px) 54vw, (max-width: 1071px) 543px, 580px\" \/><\/figure>\n<\/figure>\n\n\n\n<p class=\"wp-block-paragraph\">\u201cel meu balan\u00e7 de la sessi\u00f3 oberta va ser que, a tothom ens va sortir molt b\u00e9. Encara que a mi em va costar una mica m\u00e9s ja que havia de fer la part del Mart\u00ed, i estava nervi\u00f3s.\u201d <em>Xavi Lara<\/em><\/p>\n\n\n\n<p class=\"wp-block-paragraph\">\u201cJo m&#8217;ho vaig passar molt b\u00e9,\u00a0 vaig sentir que revivia tot el que hem fet, les excursions, quan vam veure a la Tau Lluna per primera vegada&#8230;I em va agradar ensenyar-los-hi tot aix\u00f2 als profes que van vindre per veure els nostres treballs.\u201d <em>J\u00falia Espargar\u00f3<\/em><\/p>\n\n\n\n<p class=\"wp-block-paragraph\">\u201cCrec que ens va sortir bastant b\u00e9 a tots i els professors van atendre i aprendre moltes coses noves, igual que nosaltres\u201d. <em>Nayara Guirao\u00a0<\/em>\u00a0\u00a0\u00a0\u00a0\u00a0\u00a0\u00a0\u00a0\u00a0\u00a0\u00a0\u00a0\u00a0\u00a0\u00a0\u00a0\u00a0\u00a0\u00a0\u00a0\u00a0\u00a0\u00a0\u00a0\u00a0\u00a0\u00a0\u00a0\u00a0\u00a0\u00a0\u00a0\u00a0\u00a0\u00a0\u00a0\u00a0\u00a0\u00a0\u00a0\u00a0\u00a0\u00a0\u00a0\u00a0\u00a0\u00a0\u00a0\u00a0\u00a0\u00a0\u00a0<\/p>\n\n\n\n<p class=\"wp-block-paragraph\">\u201c&#8230;hem explicat com funciona, com es fa el contrap\u00e8s del fus i com \u00e9s la diferencia de la llana filada pel fus i una altra filada amb les mans, hav\u00edem posat dues fotos per explicar que vam fer amb el Pedro per exemple com hav\u00edem filat la llana amb les mans i els fusos.\u00a0Al principi em vaig posar nerviosa per\u00f2 al final ja no tant\u201d. <em>Emily Oliveira<\/em><\/p>\n\n\n\n<figure class=\"wp-block-gallery has-nested-images columns-default is-cropped wp-block-gallery-4 is-layout-flex wp-block-gallery-is-layout-flex\">\n<figure class=\"wp-block-image size-large\"><img loading=\"lazy\" decoding=\"async\" width=\"1024\" height=\"685\" data-id=\"237\" src=\"\/ferreria2026\/wp-content\/uploads\/2026\/04\/26_02_25_36-1024x685.jpg\" alt=\"\" class=\"wp-image-237\" srcset=\"\/ferreria2026\/wp-content\/uploads\/2026\/04\/26_02_25_36-1024x685.jpg 1024w, \/ferreria2026\/wp-content\/uploads\/2026\/04\/26_02_25_36-300x201.jpg 300w, \/ferreria2026\/wp-content\/uploads\/2026\/04\/26_02_25_36-768x514.jpg 768w, \/ferreria2026\/wp-content\/uploads\/2026\/04\/26_02_25_36-1536x1028.jpg 1536w, \/ferreria2026\/wp-content\/uploads\/2026\/04\/26_02_25_36-2048x1371.jpg 2048w\" sizes=\"auto, (max-width: 767px) 89vw, (max-width: 1000px) 54vw, (max-width: 1071px) 543px, 580px\" \/><\/figure>\n<\/figure>\n","protected":false},"excerpt":{"rendered":"<p>El dia 25 de febrer vam presentar i explicar a molts dels nostres professors i professores, tot el que hem estat fent, observant, escoltant, aprenent, aquests mesos amb Tau Luna!! Compartim algunes imatges i sensacions del dia!! \u201cAquell dia, \u00f2bviament va ser diferent, ja que vam menjar a l&#8217;institut i ho vam preparar tot. Ho &hellip; <\/p>\n<p class=\"link-more\"><a href=\"\/ferreria2026\/sensacions-despres-de-la-sessio-oberta\/\" class=\"more-link\">Continua llegint <span class=\"screen-reader-text\">\u00abSensacions despr\u00e9s de la Sessi\u00f3 Oberta\u00bb<\/span><\/a><\/p>\n","protected":false},"author":4,"featured_media":0,"comment_status":"closed","ping_status":"","sticky":false,"template":"","format":"standard","meta":{"footnotes":""},"categories":[1],"tags":[],"class_list":["post-225","post","type-post","status-publish","format-standard","hentry","category-general"],"_links":{"self":[{"href":"\/ferreria2026\/wp-json\/wp\/v2\/posts\/225","targetHints":{"allow":["GET"]}}],"collection":[{"href":"\/ferreria2026\/wp-json\/wp\/v2\/posts"}],"about":[{"href":"\/ferreria2026\/wp-json\/wp\/v2\/types\/post"}],"author":[{"embeddable":true,"href":"\/ferreria2026\/wp-json\/wp\/v2\/users\/4"}],"replies":[{"embeddable":true,"href":"\/ferreria2026\/wp-json\/wp\/v2\/comments?post=225"}],"version-history":[{"count":5,"href":"\/ferreria2026\/wp-json\/wp\/v2\/posts\/225\/revisions"}],"predecessor-version":[{"id":257,"href":"\/ferreria2026\/wp-json\/wp\/v2\/posts\/225\/revisions\/257"}],"wp:attachment":[{"href":"\/ferreria2026\/wp-json\/wp\/v2\/media?parent=225"}],"wp:term":[{"taxonomy":"category","embeddable":true,"href":"\/ferreria2026\/wp-json\/wp\/v2\/categories?post=225"},{"taxonomy":"post_tag","embeddable":true,"href":"\/ferreria2026\/wp-json\/wp\/v2\/tags?post=225"}],"curies":[{"name":"wp","href":"https:\/\/api.w.org\/{rel}","templated":true}]}}