{"id":321,"date":"2026-06-17T12:16:39","date_gmt":"2026-06-17T10:16:39","guid":{"rendered":"\/ferreria2026\/?p=321"},"modified":"2026-06-17T12:16:39","modified_gmt":"2026-06-17T10:16:39","slug":"recorrent-lentorn-per-buscar-fangs","status":"publish","type":"post","link":"\/ferreria2026\/recorrent-lentorn-per-buscar-fangs\/","title":{"rendered":"Recorrent l&#8217;entorn per buscar fangs"},"content":{"rendered":"\n<p class=\"wp-block-paragraph\">En la recta final del projecte, l&#8217;alumnat de la Ferreria vam explorar a finals del mes d&#8217;abril l&#8217;entorn de l&#8217;institut amb la voluntat de trobar fangs i terres amb qu\u00e8 tenyir la nostra llana.<\/p>\n\n\n\n<figure class=\"wp-block-image size-large\"><img loading=\"lazy\" decoding=\"async\" width=\"1024\" height=\"683\" src=\"\/ferreria2026\/wp-content\/uploads\/2026\/06\/26_04_22_21-1024x683.jpg\" alt=\"\" class=\"wp-image-323\" srcset=\"\/ferreria2026\/wp-content\/uploads\/2026\/06\/26_04_22_21-1024x683.jpg 1024w, \/ferreria2026\/wp-content\/uploads\/2026\/06\/26_04_22_21-300x200.jpg 300w, \/ferreria2026\/wp-content\/uploads\/2026\/06\/26_04_22_21-768x512.jpg 768w, \/ferreria2026\/wp-content\/uploads\/2026\/06\/26_04_22_21-1536x1024.jpg 1536w, \/ferreria2026\/wp-content\/uploads\/2026\/06\/26_04_22_21-2048x1365.jpg 2048w\" sizes=\"auto, (max-width: 767px) 89vw, (max-width: 1000px) 54vw, (max-width: 1071px) 543px, 580px\" \/><\/figure>\n\n\n\n<figure class=\"wp-block-image size-large\"><img loading=\"lazy\" decoding=\"async\" width=\"1024\" height=\"683\" src=\"\/ferreria2026\/wp-content\/uploads\/2026\/06\/26_04_22_43-1024x683.jpg\" alt=\"\" class=\"wp-image-324\" srcset=\"\/ferreria2026\/wp-content\/uploads\/2026\/06\/26_04_22_43-1024x683.jpg 1024w, \/ferreria2026\/wp-content\/uploads\/2026\/06\/26_04_22_43-300x200.jpg 300w, \/ferreria2026\/wp-content\/uploads\/2026\/06\/26_04_22_43-768x512.jpg 768w, \/ferreria2026\/wp-content\/uploads\/2026\/06\/26_04_22_43-1536x1024.jpg 1536w, \/ferreria2026\/wp-content\/uploads\/2026\/06\/26_04_22_43-2048x1365.jpg 2048w\" sizes=\"auto, (max-width: 767px) 89vw, (max-width: 1000px) 54vw, (max-width: 1071px) 543px, 580px\" \/><\/figure>\n\n\n\n<p class=\"wp-block-paragraph\">Descartat el riu Ripoll, massa sorr\u00f3s, i la riera de Sant Cugat, pel mateix motiu, l&#8217;expedici\u00f3 ens vam dirigir al parc de la Llacuna, pels voltants del torrent de Can Duran. Al voltant de les llacunes de Can Duran s&#8217;hi est\u00e9n una vegetaci\u00f3 t\u00edpica de zones humides, amb cany\u00eds, joncs, salzes, boga i tamarius, entre d&#8217;altres esp\u00e8cies de flora&#8230; Amb una superf\u00edcie de m\u00e9s de 13 hect\u00e0rees,\u00a0el de la Llacuna \u00e9s el segon parc en extensi\u00f3 del municipi.<\/p>\n\n\n\n<figure class=\"wp-block-gallery has-nested-images columns-default is-cropped wp-block-gallery-1 is-layout-flex wp-block-gallery-is-layout-flex\">\n<figure class=\"wp-block-image size-large\"><img loading=\"lazy\" decoding=\"async\" width=\"1024\" height=\"683\" data-id=\"325\" src=\"\/ferreria2026\/wp-content\/uploads\/2026\/06\/26_04_22_25-1024x683.jpg\" alt=\"\" class=\"wp-image-325\" srcset=\"\/ferreria2026\/wp-content\/uploads\/2026\/06\/26_04_22_25-1024x683.jpg 1024w, \/ferreria2026\/wp-content\/uploads\/2026\/06\/26_04_22_25-300x200.jpg 300w, \/ferreria2026\/wp-content\/uploads\/2026\/06\/26_04_22_25-768x512.jpg 768w, \/ferreria2026\/wp-content\/uploads\/2026\/06\/26_04_22_25-1536x1024.jpg 1536w, \/ferreria2026\/wp-content\/uploads\/2026\/06\/26_04_22_25-2048x1365.jpg 2048w\" sizes=\"auto, (max-width: 767px) 89vw, (max-width: 1000px) 54vw, (max-width: 1071px) 543px, 580px\" \/><\/figure>\n\n\n\n<figure class=\"wp-block-image size-large\"><img loading=\"lazy\" decoding=\"async\" width=\"1024\" height=\"683\" data-id=\"328\" src=\"\/ferreria2026\/wp-content\/uploads\/2026\/06\/26_04_22_29-1-1024x683.jpg\" alt=\"\" class=\"wp-image-328\" srcset=\"\/ferreria2026\/wp-content\/uploads\/2026\/06\/26_04_22_29-1-1024x683.jpg 1024w, \/ferreria2026\/wp-content\/uploads\/2026\/06\/26_04_22_29-1-300x200.jpg 300w, \/ferreria2026\/wp-content\/uploads\/2026\/06\/26_04_22_29-1-768x512.jpg 768w, \/ferreria2026\/wp-content\/uploads\/2026\/06\/26_04_22_29-1-1536x1024.jpg 1536w, \/ferreria2026\/wp-content\/uploads\/2026\/06\/26_04_22_29-1-2048x1365.jpg 2048w\" sizes=\"auto, (max-width: 767px) 89vw, (max-width: 1000px) 54vw, (max-width: 1071px) 543px, 580px\" \/><\/figure>\n<\/figure>\n\n\n\n<figure class=\"wp-block-image size-large\"><img loading=\"lazy\" decoding=\"async\" width=\"1024\" height=\"683\" src=\"\/ferreria2026\/wp-content\/uploads\/2026\/06\/26_04_22_60-1-1024x683.jpg\" alt=\"\" class=\"wp-image-335\" srcset=\"\/ferreria2026\/wp-content\/uploads\/2026\/06\/26_04_22_60-1-1024x683.jpg 1024w, \/ferreria2026\/wp-content\/uploads\/2026\/06\/26_04_22_60-1-300x200.jpg 300w, \/ferreria2026\/wp-content\/uploads\/2026\/06\/26_04_22_60-1-768x512.jpg 768w, \/ferreria2026\/wp-content\/uploads\/2026\/06\/26_04_22_60-1-1536x1024.jpg 1536w, \/ferreria2026\/wp-content\/uploads\/2026\/06\/26_04_22_60-1-2048x1365.jpg 2048w\" sizes=\"auto, (max-width: 767px) 89vw, (max-width: 1000px) 54vw, (max-width: 1071px) 543px, 580px\" \/><\/figure>\n\n\n\n<figure class=\"wp-block-gallery has-nested-images columns-default is-cropped wp-block-gallery-2 is-layout-flex wp-block-gallery-is-layout-flex\">\n<figure class=\"wp-block-image size-large\"><img loading=\"lazy\" decoding=\"async\" width=\"1024\" height=\"683\" data-id=\"332\" src=\"\/ferreria2026\/wp-content\/uploads\/2026\/06\/26_04_22_66-1-1024x683.jpg\" alt=\"\" class=\"wp-image-332\" srcset=\"\/ferreria2026\/wp-content\/uploads\/2026\/06\/26_04_22_66-1-1024x683.jpg 1024w, \/ferreria2026\/wp-content\/uploads\/2026\/06\/26_04_22_66-1-300x200.jpg 300w, \/ferreria2026\/wp-content\/uploads\/2026\/06\/26_04_22_66-1-768x512.jpg 768w, \/ferreria2026\/wp-content\/uploads\/2026\/06\/26_04_22_66-1-1536x1024.jpg 1536w, \/ferreria2026\/wp-content\/uploads\/2026\/06\/26_04_22_66-1-2048x1365.jpg 2048w\" sizes=\"auto, (max-width: 767px) 89vw, (max-width: 1000px) 54vw, (max-width: 1071px) 543px, 580px\" \/><\/figure>\n\n\n\n<figure class=\"wp-block-image size-large\"><img loading=\"lazy\" decoding=\"async\" width=\"1024\" height=\"683\" data-id=\"333\" src=\"\/ferreria2026\/wp-content\/uploads\/2026\/06\/26_04_22_67-1-1024x683.jpg\" alt=\"\" class=\"wp-image-333\" srcset=\"\/ferreria2026\/wp-content\/uploads\/2026\/06\/26_04_22_67-1-1024x683.jpg 1024w, \/ferreria2026\/wp-content\/uploads\/2026\/06\/26_04_22_67-1-300x200.jpg 300w, \/ferreria2026\/wp-content\/uploads\/2026\/06\/26_04_22_67-1-768x512.jpg 768w, \/ferreria2026\/wp-content\/uploads\/2026\/06\/26_04_22_67-1-1536x1024.jpg 1536w, \/ferreria2026\/wp-content\/uploads\/2026\/06\/26_04_22_67-1-2048x1365.jpg 2048w\" sizes=\"auto, (max-width: 767px) 89vw, (max-width: 1000px) 54vw, (max-width: 1071px) 543px, 580px\" \/><\/figure>\n<\/figure>\n\n\n\n<p class=\"wp-block-paragraph\">Al final, la recol\u00b7lecta va donar els seus fruits i vam tornar a l&#8217;institut carregats amb les mostres de terres i fangs amb qu\u00e8 vam treballar, posteriorment, la llana.<\/p>\n\n\n\n<figure class=\"wp-block-gallery has-nested-images columns-default is-cropped wp-block-gallery-3 is-layout-flex wp-block-gallery-is-layout-flex\">\n<figure class=\"wp-block-image size-large\"><img loading=\"lazy\" decoding=\"async\" width=\"1024\" height=\"683\" data-id=\"336\" src=\"\/ferreria2026\/wp-content\/uploads\/2026\/06\/26_04_22_71-1024x683.jpg\" alt=\"\" class=\"wp-image-336\" srcset=\"\/ferreria2026\/wp-content\/uploads\/2026\/06\/26_04_22_71-1024x683.jpg 1024w, \/ferreria2026\/wp-content\/uploads\/2026\/06\/26_04_22_71-300x200.jpg 300w, \/ferreria2026\/wp-content\/uploads\/2026\/06\/26_04_22_71-768x512.jpg 768w, \/ferreria2026\/wp-content\/uploads\/2026\/06\/26_04_22_71-1536x1024.jpg 1536w, \/ferreria2026\/wp-content\/uploads\/2026\/06\/26_04_22_71-2048x1365.jpg 2048w\" sizes=\"auto, (max-width: 767px) 89vw, (max-width: 1000px) 54vw, (max-width: 1071px) 543px, 580px\" \/><\/figure>\n<\/figure>\n","protected":false},"excerpt":{"rendered":"<p>En la recta final del projecte, l&#8217;alumnat de la Ferreria vam explorar a finals del mes d&#8217;abril l&#8217;entorn de l&#8217;institut amb la voluntat de trobar fangs i terres amb qu\u00e8 tenyir la nostra llana. Descartat el riu Ripoll, massa sorr\u00f3s, i la riera de Sant Cugat, pel mateix motiu, l&#8217;expedici\u00f3 ens vam dirigir al parc &hellip; <\/p>\n<p class=\"link-more\"><a href=\"\/ferreria2026\/recorrent-lentorn-per-buscar-fangs\/\" class=\"more-link\">Continua llegint <span class=\"screen-reader-text\">\u00abRecorrent l&#8217;entorn per buscar fangs\u00bb<\/span><\/a><\/p>\n","protected":false},"author":6,"featured_media":0,"comment_status":"closed","ping_status":"","sticky":false,"template":"","format":"standard","meta":{"footnotes":""},"categories":[1],"tags":[],"class_list":["post-321","post","type-post","status-publish","format-standard","hentry","category-general"],"_links":{"self":[{"href":"\/ferreria2026\/wp-json\/wp\/v2\/posts\/321","targetHints":{"allow":["GET"]}}],"collection":[{"href":"\/ferreria2026\/wp-json\/wp\/v2\/posts"}],"about":[{"href":"\/ferreria2026\/wp-json\/wp\/v2\/types\/post"}],"author":[{"embeddable":true,"href":"\/ferreria2026\/wp-json\/wp\/v2\/users\/6"}],"replies":[{"embeddable":true,"href":"\/ferreria2026\/wp-json\/wp\/v2\/comments?post=321"}],"version-history":[{"count":7,"href":"\/ferreria2026\/wp-json\/wp\/v2\/posts\/321\/revisions"}],"predecessor-version":[{"id":341,"href":"\/ferreria2026\/wp-json\/wp\/v2\/posts\/321\/revisions\/341"}],"wp:attachment":[{"href":"\/ferreria2026\/wp-json\/wp\/v2\/media?parent=321"}],"wp:term":[{"taxonomy":"category","embeddable":true,"href":"\/ferreria2026\/wp-json\/wp\/v2\/categories?post=321"},{"taxonomy":"post_tag","embeddable":true,"href":"\/ferreria2026\/wp-json\/wp\/v2\/tags?post=321"}],"curies":[{"name":"wp","href":"https:\/\/api.w.org\/{rel}","templated":true}]}}