{"id":342,"date":"2026-06-17T13:27:01","date_gmt":"2026-06-17T11:27:01","guid":{"rendered":"\/ferreria2026\/?p=342"},"modified":"2026-06-17T13:27:01","modified_gmt":"2026-06-17T11:27:01","slug":"inaugurem-la-mostra-on-comenca-una-muntanya","status":"publish","type":"post","link":"\/ferreria2026\/inaugurem-la-mostra-on-comenca-una-muntanya\/","title":{"rendered":"Inaugurem la mostra \u00abOn comen\u00e7a una muntanya?\u00bb"},"content":{"rendered":"\n<p class=\"wp-block-paragraph\">L&#8217;Auditori Municipal de Montcada va acollir dimarts 9 de juny la inauguraci\u00f3 de l&#8217;exposici\u00f3 \u00abOn comen\u00e7a una muntanya?\u00bb, que culmina l&#8217;any de resid\u00e8ncia de l&#8217;artista colombiana Tau Luna a l&#8217;institut la Ferreria de Montcada i Reixac.<\/p>\n\n\n\n<figure class=\"wp-block-gallery has-nested-images columns-default is-cropped wp-block-gallery-1 is-layout-flex wp-block-gallery-is-layout-flex\">\n<figure class=\"wp-block-image size-large\"><img loading=\"lazy\" decoding=\"async\" width=\"1024\" height=\"683\" data-id=\"359\" src=\"\/ferreria2026\/wp-content\/uploads\/2026\/06\/26_06_09_05-1024x683.jpg\" alt=\"\" class=\"wp-image-359\" srcset=\"\/ferreria2026\/wp-content\/uploads\/2026\/06\/26_06_09_05-1024x683.jpg 1024w, \/ferreria2026\/wp-content\/uploads\/2026\/06\/26_06_09_05-300x200.jpg 300w, \/ferreria2026\/wp-content\/uploads\/2026\/06\/26_06_09_05-768x512.jpg 768w, \/ferreria2026\/wp-content\/uploads\/2026\/06\/26_06_09_05-1536x1024.jpg 1536w, \/ferreria2026\/wp-content\/uploads\/2026\/06\/26_06_09_05-2048x1365.jpg 2048w\" sizes=\"auto, (max-width: 767px) 89vw, (max-width: 1000px) 54vw, (max-width: 1071px) 543px, 580px\" \/><\/figure>\n<\/figure>\n\n\n\n<figure class=\"wp-block-pullquote\"><blockquote><p>Ara mateix hi ha muntanyes naixent: les plaques s&#8217;empenyen amb paci\u00e8ncia antiga<\/p><\/blockquote><\/figure>\n\n\n\n<figure class=\"wp-block-gallery has-nested-images columns-default is-cropped wp-block-gallery-2 is-layout-flex wp-block-gallery-is-layout-flex\">\n<figure class=\"wp-block-image size-large\"><img loading=\"lazy\" decoding=\"async\" width=\"1024\" height=\"683\" data-id=\"384\" src=\"\/ferreria2026\/wp-content\/uploads\/2026\/06\/26_06_09_08-2-1024x683.jpg\" alt=\"\" class=\"wp-image-384\" srcset=\"\/ferreria2026\/wp-content\/uploads\/2026\/06\/26_06_09_08-2-1024x683.jpg 1024w, \/ferreria2026\/wp-content\/uploads\/2026\/06\/26_06_09_08-2-300x200.jpg 300w, \/ferreria2026\/wp-content\/uploads\/2026\/06\/26_06_09_08-2-768x512.jpg 768w, \/ferreria2026\/wp-content\/uploads\/2026\/06\/26_06_09_08-2-1536x1024.jpg 1536w, \/ferreria2026\/wp-content\/uploads\/2026\/06\/26_06_09_08-2-2048x1365.jpg 2048w\" sizes=\"auto, (max-width: 767px) 89vw, (max-width: 1000px) 54vw, (max-width: 1071px) 543px, 580px\" \/><\/figure>\n\n\n\n<figure class=\"wp-block-image size-large\"><img loading=\"lazy\" decoding=\"async\" width=\"1024\" height=\"683\" data-id=\"383\" src=\"\/ferreria2026\/wp-content\/uploads\/2026\/06\/26_06_09_02-3-1024x683.jpg\" alt=\"\" class=\"wp-image-383\" srcset=\"\/ferreria2026\/wp-content\/uploads\/2026\/06\/26_06_09_02-3-1024x683.jpg 1024w, \/ferreria2026\/wp-content\/uploads\/2026\/06\/26_06_09_02-3-300x200.jpg 300w, \/ferreria2026\/wp-content\/uploads\/2026\/06\/26_06_09_02-3-768x512.jpg 768w, \/ferreria2026\/wp-content\/uploads\/2026\/06\/26_06_09_02-3-1536x1024.jpg 1536w, \/ferreria2026\/wp-content\/uploads\/2026\/06\/26_06_09_02-3-2048x1365.jpg 2048w\" sizes=\"auto, (max-width: 767px) 89vw, (max-width: 1000px) 54vw, (max-width: 1071px) 543px, 580px\" \/><\/figure>\n<\/figure>\n\n\n\n<figure class=\"wp-block-pullquote\"><blockquote><p>Una muntanya sona profunda, a arrels buscant aigua sota la terra, a passos suaus. Mai no est\u00e0 quieta<\/p><\/blockquote><\/figure>\n\n\n\n<figure class=\"wp-block-gallery has-nested-images columns-default is-cropped wp-block-gallery-3 is-layout-flex wp-block-gallery-is-layout-flex\">\n<figure class=\"wp-block-image size-large\"><img loading=\"lazy\" decoding=\"async\" width=\"1024\" height=\"683\" data-id=\"385\" src=\"\/ferreria2026\/wp-content\/uploads\/2026\/06\/26_06_09_53-1024x683.jpg\" alt=\"\" class=\"wp-image-385\" srcset=\"\/ferreria2026\/wp-content\/uploads\/2026\/06\/26_06_09_53-1024x683.jpg 1024w, \/ferreria2026\/wp-content\/uploads\/2026\/06\/26_06_09_53-300x200.jpg 300w, \/ferreria2026\/wp-content\/uploads\/2026\/06\/26_06_09_53-768x512.jpg 768w, \/ferreria2026\/wp-content\/uploads\/2026\/06\/26_06_09_53-1536x1024.jpg 1536w, \/ferreria2026\/wp-content\/uploads\/2026\/06\/26_06_09_53-2048x1365.jpg 2048w\" sizes=\"auto, (max-width: 767px) 89vw, (max-width: 1000px) 54vw, (max-width: 1071px) 543px, 580px\" \/><\/figure>\n\n\n\n<figure class=\"wp-block-image size-large\"><img loading=\"lazy\" decoding=\"async\" width=\"1024\" height=\"683\" data-id=\"386\" src=\"\/ferreria2026\/wp-content\/uploads\/2026\/06\/26_06_09_45-1-1024x683.jpg\" alt=\"\" class=\"wp-image-386\" srcset=\"\/ferreria2026\/wp-content\/uploads\/2026\/06\/26_06_09_45-1-1024x683.jpg 1024w, \/ferreria2026\/wp-content\/uploads\/2026\/06\/26_06_09_45-1-300x200.jpg 300w, \/ferreria2026\/wp-content\/uploads\/2026\/06\/26_06_09_45-1-768x512.jpg 768w, \/ferreria2026\/wp-content\/uploads\/2026\/06\/26_06_09_45-1-1536x1024.jpg 1536w, \/ferreria2026\/wp-content\/uploads\/2026\/06\/26_06_09_45-1-2048x1365.jpg 2048w\" sizes=\"auto, (max-width: 767px) 89vw, (max-width: 1000px) 54vw, (max-width: 1071px) 543px, 580px\" \/><\/figure>\n\n\n\n<figure class=\"wp-block-image size-large\"><img loading=\"lazy\" decoding=\"async\" width=\"1024\" height=\"683\" data-id=\"387\" src=\"\/ferreria2026\/wp-content\/uploads\/2026\/06\/26_06_09_43-1-1024x683.jpg\" alt=\"\" class=\"wp-image-387\" srcset=\"\/ferreria2026\/wp-content\/uploads\/2026\/06\/26_06_09_43-1-1024x683.jpg 1024w, \/ferreria2026\/wp-content\/uploads\/2026\/06\/26_06_09_43-1-300x200.jpg 300w, \/ferreria2026\/wp-content\/uploads\/2026\/06\/26_06_09_43-1-768x512.jpg 768w, \/ferreria2026\/wp-content\/uploads\/2026\/06\/26_06_09_43-1-1536x1024.jpg 1536w, \/ferreria2026\/wp-content\/uploads\/2026\/06\/26_06_09_43-1-2048x1365.jpg 2048w\" sizes=\"auto, (max-width: 767px) 89vw, (max-width: 1000px) 54vw, (max-width: 1071px) 543px, 580px\" \/><\/figure>\n<\/figure>\n\n\n\n<p class=\"wp-block-paragraph\">La presentaci\u00f3 va comptar amb la pres\u00e8ncia de les fam\u00edlies, les entitats participants, A bao a q, el Consorci del Bes\u00f2s i l&#8217;ICUB, aix\u00ed com una representaci\u00f3 del professorat i del govern municipal.<\/p>\n\n\n\n<figure class=\"wp-block-gallery has-nested-images columns-default is-cropped wp-block-gallery-4 is-layout-flex wp-block-gallery-is-layout-flex\">\n<figure class=\"wp-block-image size-large\"><img loading=\"lazy\" decoding=\"async\" width=\"1024\" height=\"683\" data-id=\"393\" src=\"\/ferreria2026\/wp-content\/uploads\/2026\/06\/26_06_09_61-2-1024x683.jpg\" alt=\"\" class=\"wp-image-393\" srcset=\"\/ferreria2026\/wp-content\/uploads\/2026\/06\/26_06_09_61-2-1024x683.jpg 1024w, \/ferreria2026\/wp-content\/uploads\/2026\/06\/26_06_09_61-2-300x200.jpg 300w, \/ferreria2026\/wp-content\/uploads\/2026\/06\/26_06_09_61-2-768x512.jpg 768w, \/ferreria2026\/wp-content\/uploads\/2026\/06\/26_06_09_61-2-1536x1024.jpg 1536w, \/ferreria2026\/wp-content\/uploads\/2026\/06\/26_06_09_61-2-2048x1365.jpg 2048w\" sizes=\"auto, (max-width: 767px) 89vw, (max-width: 1000px) 54vw, (max-width: 1071px) 543px, 580px\" \/><\/figure>\n\n\n\n<figure class=\"wp-block-image size-large\"><img loading=\"lazy\" decoding=\"async\" width=\"1024\" height=\"683\" data-id=\"402\" src=\"\/ferreria2026\/wp-content\/uploads\/2026\/06\/26_06_09_27-3-1024x683.jpg\" alt=\"\" class=\"wp-image-402\" srcset=\"\/ferreria2026\/wp-content\/uploads\/2026\/06\/26_06_09_27-3-1024x683.jpg 1024w, \/ferreria2026\/wp-content\/uploads\/2026\/06\/26_06_09_27-3-300x200.jpg 300w, \/ferreria2026\/wp-content\/uploads\/2026\/06\/26_06_09_27-3-768x512.jpg 768w, \/ferreria2026\/wp-content\/uploads\/2026\/06\/26_06_09_27-3-1536x1024.jpg 1536w, \/ferreria2026\/wp-content\/uploads\/2026\/06\/26_06_09_27-3-2048x1365.jpg 2048w\" sizes=\"auto, (max-width: 767px) 89vw, (max-width: 1000px) 54vw, (max-width: 1071px) 543px, 580px\" \/><\/figure>\n\n\n\n<figure class=\"wp-block-image size-large\"><img loading=\"lazy\" decoding=\"async\" width=\"1024\" height=\"683\" data-id=\"397\" src=\"\/ferreria2026\/wp-content\/uploads\/2026\/06\/26_06_09_66-2-1024x683.jpg\" alt=\"\" class=\"wp-image-397\" srcset=\"\/ferreria2026\/wp-content\/uploads\/2026\/06\/26_06_09_66-2-1024x683.jpg 1024w, \/ferreria2026\/wp-content\/uploads\/2026\/06\/26_06_09_66-2-300x200.jpg 300w, \/ferreria2026\/wp-content\/uploads\/2026\/06\/26_06_09_66-2-768x512.jpg 768w, \/ferreria2026\/wp-content\/uploads\/2026\/06\/26_06_09_66-2-1536x1024.jpg 1536w, \/ferreria2026\/wp-content\/uploads\/2026\/06\/26_06_09_66-2-2048x1365.jpg 2048w\" sizes=\"auto, (max-width: 767px) 89vw, (max-width: 1000px) 54vw, (max-width: 1071px) 543px, 580px\" \/><\/figure>\n\n\n\n<figure class=\"wp-block-image size-large\"><img loading=\"lazy\" decoding=\"async\" width=\"1024\" height=\"683\" data-id=\"401\" src=\"\/ferreria2026\/wp-content\/uploads\/2026\/06\/26_06_09_29-4-1024x683.jpg\" alt=\"\" class=\"wp-image-401\" srcset=\"\/ferreria2026\/wp-content\/uploads\/2026\/06\/26_06_09_29-4-1024x683.jpg 1024w, \/ferreria2026\/wp-content\/uploads\/2026\/06\/26_06_09_29-4-300x200.jpg 300w, \/ferreria2026\/wp-content\/uploads\/2026\/06\/26_06_09_29-4-768x512.jpg 768w, \/ferreria2026\/wp-content\/uploads\/2026\/06\/26_06_09_29-4-1536x1024.jpg 1536w, \/ferreria2026\/wp-content\/uploads\/2026\/06\/26_06_09_29-4-2048x1365.jpg 2048w\" sizes=\"auto, (max-width: 767px) 89vw, (max-width: 1000px) 54vw, (max-width: 1071px) 543px, 580px\" \/><\/figure>\n<\/figure>\n","protected":false},"excerpt":{"rendered":"<p>L&#8217;Auditori Municipal de Montcada va acollir dimarts 9 de juny la inauguraci\u00f3 de l&#8217;exposici\u00f3 \u00abOn comen\u00e7a una muntanya?\u00bb, que culmina l&#8217;any de resid\u00e8ncia de l&#8217;artista colombiana Tau Luna a l&#8217;institut la Ferreria de Montcada i Reixac. Ara mateix hi ha muntanyes naixent: les plaques s&#8217;empenyen amb paci\u00e8ncia antiga Una muntanya sona profunda, a arrels buscant &hellip; <\/p>\n<p class=\"link-more\"><a href=\"\/ferreria2026\/inaugurem-la-mostra-on-comenca-una-muntanya\/\" class=\"more-link\">Continua llegint <span class=\"screen-reader-text\">\u00abInaugurem la mostra \u00abOn comen\u00e7a una muntanya?\u00bb\u00bb<\/span><\/a><\/p>\n","protected":false},"author":6,"featured_media":0,"comment_status":"closed","ping_status":"","sticky":false,"template":"","format":"standard","meta":{"footnotes":""},"categories":[1],"tags":[],"class_list":["post-342","post","type-post","status-publish","format-standard","hentry","category-general"],"_links":{"self":[{"href":"\/ferreria2026\/wp-json\/wp\/v2\/posts\/342","targetHints":{"allow":["GET"]}}],"collection":[{"href":"\/ferreria2026\/wp-json\/wp\/v2\/posts"}],"about":[{"href":"\/ferreria2026\/wp-json\/wp\/v2\/types\/post"}],"author":[{"embeddable":true,"href":"\/ferreria2026\/wp-json\/wp\/v2\/users\/6"}],"replies":[{"embeddable":true,"href":"\/ferreria2026\/wp-json\/wp\/v2\/comments?post=342"}],"version-history":[{"count":4,"href":"\/ferreria2026\/wp-json\/wp\/v2\/posts\/342\/revisions"}],"predecessor-version":[{"id":404,"href":"\/ferreria2026\/wp-json\/wp\/v2\/posts\/342\/revisions\/404"}],"wp:attachment":[{"href":"\/ferreria2026\/wp-json\/wp\/v2\/media?parent=342"}],"wp:term":[{"taxonomy":"category","embeddable":true,"href":"\/ferreria2026\/wp-json\/wp\/v2\/categories?post=342"},{"taxonomy":"post_tag","embeddable":true,"href":"\/ferreria2026\/wp-json\/wp\/v2\/tags?post=342"}],"curies":[{"name":"wp","href":"https:\/\/api.w.org\/{rel}","templated":true}]}}