{"id":344,"date":"2026-06-17T12:44:08","date_gmt":"2026-06-17T10:44:08","guid":{"rendered":"\/ferreria2026\/?p=344"},"modified":"2026-06-17T12:44:08","modified_gmt":"2026-06-17T10:44:08","slug":"tenyint-la-llana-amb-terres","status":"publish","type":"post","link":"\/ferreria2026\/tenyint-la-llana-amb-terres\/","title":{"rendered":"Tenyint la llana amb terres"},"content":{"rendered":"\n<p class=\"wp-block-paragraph\">Despr\u00e9s de la recol\u00b7lecci\u00f3 dels fangs, durant una darrera sessi\u00f3 del mes d&#8217;abril, els alumnes van procedir a tenyir les llanes amb les terres de l&#8217;entorn. Un proc\u00e9s molt org\u00e0nic i necessari.<\/p>\n\n\n\n<figure class=\"wp-block-gallery has-nested-images columns-default is-cropped wp-block-gallery-1 is-layout-flex wp-block-gallery-is-layout-flex\">\n<figure class=\"wp-block-image size-large\"><img loading=\"lazy\" decoding=\"async\" width=\"768\" height=\"1024\" data-id=\"345\" src=\"\/ferreria2026\/wp-content\/uploads\/2026\/06\/WhatsApp-Image-2026-04-29-at-11.42.48-768x1024.jpeg\" alt=\"\" class=\"wp-image-345\" srcset=\"\/ferreria2026\/wp-content\/uploads\/2026\/06\/WhatsApp-Image-2026-04-29-at-11.42.48-768x1024.jpeg 768w, \/ferreria2026\/wp-content\/uploads\/2026\/06\/WhatsApp-Image-2026-04-29-at-11.42.48-225x300.jpeg 225w, \/ferreria2026\/wp-content\/uploads\/2026\/06\/WhatsApp-Image-2026-04-29-at-11.42.48-1152x1536.jpeg 1152w, \/ferreria2026\/wp-content\/uploads\/2026\/06\/WhatsApp-Image-2026-04-29-at-11.42.48.jpeg 1200w\" sizes=\"auto, (max-width: 767px) 89vw, (max-width: 1000px) 54vw, (max-width: 1071px) 543px, 580px\" \/><\/figure>\n\n\n\n<figure class=\"wp-block-image size-large\"><img loading=\"lazy\" decoding=\"async\" width=\"768\" height=\"1024\" data-id=\"348\" src=\"\/ferreria2026\/wp-content\/uploads\/2026\/06\/WhatsApp-Image-2026-04-29-at-11.42.48-2-768x1024.jpeg\" alt=\"\" class=\"wp-image-348\" srcset=\"\/ferreria2026\/wp-content\/uploads\/2026\/06\/WhatsApp-Image-2026-04-29-at-11.42.48-2-768x1024.jpeg 768w, \/ferreria2026\/wp-content\/uploads\/2026\/06\/WhatsApp-Image-2026-04-29-at-11.42.48-2-225x300.jpeg 225w, \/ferreria2026\/wp-content\/uploads\/2026\/06\/WhatsApp-Image-2026-04-29-at-11.42.48-2-1152x1536.jpeg 1152w, \/ferreria2026\/wp-content\/uploads\/2026\/06\/WhatsApp-Image-2026-04-29-at-11.42.48-2.jpeg 1200w\" sizes=\"auto, (max-width: 767px) 89vw, (max-width: 1000px) 54vw, (max-width: 1071px) 543px, 580px\" \/><\/figure>\n\n\n\n<figure class=\"wp-block-image size-large\"><img loading=\"lazy\" decoding=\"async\" width=\"768\" height=\"1024\" data-id=\"346\" src=\"\/ferreria2026\/wp-content\/uploads\/2026\/06\/WhatsApp-Image-2026-04-29-at-11.42.48-1-768x1024.jpeg\" alt=\"\" class=\"wp-image-346\" srcset=\"\/ferreria2026\/wp-content\/uploads\/2026\/06\/WhatsApp-Image-2026-04-29-at-11.42.48-1-768x1024.jpeg 768w, \/ferreria2026\/wp-content\/uploads\/2026\/06\/WhatsApp-Image-2026-04-29-at-11.42.48-1-225x300.jpeg 225w, \/ferreria2026\/wp-content\/uploads\/2026\/06\/WhatsApp-Image-2026-04-29-at-11.42.48-1-1152x1536.jpeg 1152w, \/ferreria2026\/wp-content\/uploads\/2026\/06\/WhatsApp-Image-2026-04-29-at-11.42.48-1.jpeg 1200w\" sizes=\"auto, (max-width: 767px) 89vw, (max-width: 1000px) 54vw, (max-width: 1071px) 543px, 580px\" \/><\/figure>\n\n\n\n<figure class=\"wp-block-image size-large\"><img loading=\"lazy\" decoding=\"async\" width=\"768\" height=\"1024\" data-id=\"347\" src=\"\/ferreria2026\/wp-content\/uploads\/2026\/06\/WhatsApp-Image-2026-04-29-at-11.42.47-1-768x1024.jpeg\" alt=\"\" class=\"wp-image-347\" srcset=\"\/ferreria2026\/wp-content\/uploads\/2026\/06\/WhatsApp-Image-2026-04-29-at-11.42.47-1-768x1024.jpeg 768w, \/ferreria2026\/wp-content\/uploads\/2026\/06\/WhatsApp-Image-2026-04-29-at-11.42.47-1-225x300.jpeg 225w, \/ferreria2026\/wp-content\/uploads\/2026\/06\/WhatsApp-Image-2026-04-29-at-11.42.47-1-1152x1536.jpeg 1152w, \/ferreria2026\/wp-content\/uploads\/2026\/06\/WhatsApp-Image-2026-04-29-at-11.42.47-1.jpeg 1200w\" sizes=\"auto, (max-width: 767px) 89vw, (max-width: 1000px) 54vw, (max-width: 1071px) 543px, 580px\" \/><\/figure>\n<\/figure>\n","protected":false},"excerpt":{"rendered":"<p>Despr\u00e9s de la recol\u00b7lecci\u00f3 dels fangs, durant una darrera sessi\u00f3 del mes d&#8217;abril, els alumnes van procedir a tenyir les llanes amb les terres de l&#8217;entorn. Un proc\u00e9s molt org\u00e0nic i necessari.<\/p>\n","protected":false},"author":6,"featured_media":0,"comment_status":"closed","ping_status":"","sticky":false,"template":"","format":"standard","meta":{"footnotes":""},"categories":[1],"tags":[],"class_list":["post-344","post","type-post","status-publish","format-standard","hentry","category-general"],"_links":{"self":[{"href":"\/ferreria2026\/wp-json\/wp\/v2\/posts\/344","targetHints":{"allow":["GET"]}}],"collection":[{"href":"\/ferreria2026\/wp-json\/wp\/v2\/posts"}],"about":[{"href":"\/ferreria2026\/wp-json\/wp\/v2\/types\/post"}],"author":[{"embeddable":true,"href":"\/ferreria2026\/wp-json\/wp\/v2\/users\/6"}],"replies":[{"embeddable":true,"href":"\/ferreria2026\/wp-json\/wp\/v2\/comments?post=344"}],"version-history":[{"count":1,"href":"\/ferreria2026\/wp-json\/wp\/v2\/posts\/344\/revisions"}],"predecessor-version":[{"id":349,"href":"\/ferreria2026\/wp-json\/wp\/v2\/posts\/344\/revisions\/349"}],"wp:attachment":[{"href":"\/ferreria2026\/wp-json\/wp\/v2\/media?parent=344"}],"wp:term":[{"taxonomy":"category","embeddable":true,"href":"\/ferreria2026\/wp-json\/wp\/v2\/categories?post=344"},{"taxonomy":"post_tag","embeddable":true,"href":"\/ferreria2026\/wp-json\/wp\/v2\/tags?post=344"}],"curies":[{"name":"wp","href":"https:\/\/api.w.org\/{rel}","templated":true}]}}