{"id":56,"date":"2025-11-04T21:30:50","date_gmt":"2025-11-04T19:30:50","guid":{"rendered":"\/ferreria2026\/?p=56"},"modified":"2025-11-04T21:30:50","modified_gmt":"2025-11-04T19:30:50","slug":"preparem-larribada-de-la-tau-luna","status":"publish","type":"post","link":"\/ferreria2026\/preparem-larribada-de-la-tau-luna\/","title":{"rendered":"Preparem l&#8217;arribada de la Tau Luna!"},"content":{"rendered":"\n<p class=\"wp-block-paragraph\">Arriba setembre, comen\u00e7a el nou curs i els alumnes de 2n de l&#8217;ESO de l&#8217;institut La Ferreria de Montcada i Reixac es preparen per la descoberta&#8230; El projecte d&#8217;enguany d&#8217;En Resid\u00e8ncia  ens proposa l&#8217;artista colombiana Tau Luna Acosta, establerta de fa anys a Barcelona. Per\u00f2 qu\u00e8 coneix, la Tau Luna, de la ciutat vallesana que est\u00e0 a m\u00e9s de 8.000 quil\u00f2metres del seu pa\u00eds de naixement?<\/p>\n\n\n\n<p class=\"wp-block-paragraph\">Durant les primeres setmanes, l&#8217;alumnat treballa la manera d&#8217;explicar-li a la Tau qu\u00e8 fa de Montcada un poble especial, diferent, \u00fanic. El nostre poble!<\/p>\n\n\n\n<figure class=\"wp-block-image size-full\"><img loading=\"lazy\" decoding=\"async\" width=\"1017\" height=\"524\" src=\"\/ferreria2026\/wp-content\/uploads\/2025\/11\/image.png\" alt=\"\" class=\"wp-image-58\" srcset=\"\/ferreria2026\/wp-content\/uploads\/2025\/11\/image.png 1017w, \/ferreria2026\/wp-content\/uploads\/2025\/11\/image-300x155.png 300w, \/ferreria2026\/wp-content\/uploads\/2025\/11\/image-768x396.png 768w\" sizes=\"auto, (max-width: 767px) 89vw, (max-width: 1000px) 54vw, (max-width: 1071px) 543px, 580px\" \/><\/figure>\n\n\n\n<p class=\"wp-block-paragraph\">Hi ha qui considera que no \u00e9s gaire especial&#8230;<\/p>\n\n\n\n<figure class=\"wp-block-image size-full\"><img loading=\"lazy\" decoding=\"async\" width=\"989\" height=\"239\" src=\"\/ferreria2026\/wp-content\/uploads\/2025\/11\/image-1.png\" alt=\"\" class=\"wp-image-59\" srcset=\"\/ferreria2026\/wp-content\/uploads\/2025\/11\/image-1.png 989w, \/ferreria2026\/wp-content\/uploads\/2025\/11\/image-1-300x72.png 300w, \/ferreria2026\/wp-content\/uploads\/2025\/11\/image-1-768x186.png 768w\" sizes=\"auto, (max-width: 767px) 89vw, (max-width: 1000px) 54vw, (max-width: 1071px) 543px, 580px\" \/><\/figure>\n\n\n\n<p class=\"wp-block-paragraph\">I qui creu que est\u00e0 molt contaminada&#8230;<\/p>\n\n\n\n<figure class=\"wp-block-image size-large\"><img loading=\"lazy\" decoding=\"async\" width=\"1024\" height=\"497\" src=\"\/ferreria2026\/wp-content\/uploads\/2025\/11\/image-2-1024x497.png\" alt=\"\" class=\"wp-image-60\" srcset=\"\/ferreria2026\/wp-content\/uploads\/2025\/11\/image-2-1024x497.png 1024w, \/ferreria2026\/wp-content\/uploads\/2025\/11\/image-2-300x145.png 300w, \/ferreria2026\/wp-content\/uploads\/2025\/11\/image-2-768x372.png 768w, \/ferreria2026\/wp-content\/uploads\/2025\/11\/image-2.png 1060w\" sizes=\"auto, (max-width: 767px) 89vw, (max-width: 1000px) 54vw, (max-width: 1071px) 543px, 580px\" \/><\/figure>\n\n\n\n<p class=\"wp-block-paragraph\">Per\u00f2 per a molts, Montcada \u00e9s la seva \u00abpetita p\u00e0tria\u00bb.<\/p>\n\n\n\n<figure class=\"wp-block-image size-full\"><img loading=\"lazy\" decoding=\"async\" width=\"1003\" height=\"264\" src=\"\/ferreria2026\/wp-content\/uploads\/2025\/11\/image-3.png\" alt=\"\" class=\"wp-image-61\" srcset=\"\/ferreria2026\/wp-content\/uploads\/2025\/11\/image-3.png 1003w, \/ferreria2026\/wp-content\/uploads\/2025\/11\/image-3-300x79.png 300w, \/ferreria2026\/wp-content\/uploads\/2025\/11\/image-3-768x202.png 768w\" sizes=\"auto, (max-width: 767px) 89vw, (max-width: 1000px) 54vw, (max-width: 1071px) 543px, 580px\" \/><\/figure>\n\n\n\n<p class=\"wp-block-paragraph\"><\/p>\n","protected":false},"excerpt":{"rendered":"<p>Arriba setembre, comen\u00e7a el nou curs i els alumnes de 2n de l&#8217;ESO de l&#8217;institut La Ferreria de Montcada i Reixac es preparen per la descoberta&#8230; El projecte d&#8217;enguany d&#8217;En Resid\u00e8ncia ens proposa l&#8217;artista colombiana Tau Luna Acosta, establerta de fa anys a Barcelona. Per\u00f2 qu\u00e8 coneix, la Tau Luna, de la ciutat vallesana que &hellip; <\/p>\n<p class=\"link-more\"><a href=\"\/ferreria2026\/preparem-larribada-de-la-tau-luna\/\" class=\"more-link\">Continua llegint <span class=\"screen-reader-text\">\u00abPreparem l&#8217;arribada de la Tau Luna!\u00bb<\/span><\/a><\/p>\n","protected":false},"author":6,"featured_media":0,"comment_status":"closed","ping_status":"","sticky":false,"template":"","format":"standard","meta":{"footnotes":""},"categories":[1],"tags":[],"class_list":["post-56","post","type-post","status-publish","format-standard","hentry","category-general"],"_links":{"self":[{"href":"\/ferreria2026\/wp-json\/wp\/v2\/posts\/56","targetHints":{"allow":["GET"]}}],"collection":[{"href":"\/ferreria2026\/wp-json\/wp\/v2\/posts"}],"about":[{"href":"\/ferreria2026\/wp-json\/wp\/v2\/types\/post"}],"author":[{"embeddable":true,"href":"\/ferreria2026\/wp-json\/wp\/v2\/users\/6"}],"replies":[{"embeddable":true,"href":"\/ferreria2026\/wp-json\/wp\/v2\/comments?post=56"}],"version-history":[{"count":2,"href":"\/ferreria2026\/wp-json\/wp\/v2\/posts\/56\/revisions"}],"predecessor-version":[{"id":62,"href":"\/ferreria2026\/wp-json\/wp\/v2\/posts\/56\/revisions\/62"}],"wp:attachment":[{"href":"\/ferreria2026\/wp-json\/wp\/v2\/media?parent=56"}],"wp:term":[{"taxonomy":"category","embeddable":true,"href":"\/ferreria2026\/wp-json\/wp\/v2\/categories?post=56"},{"taxonomy":"post_tag","embeddable":true,"href":"\/ferreria2026\/wp-json\/wp\/v2\/tags?post=56"}],"curies":[{"name":"wp","href":"https:\/\/api.w.org\/{rel}","templated":true}]}}