{"id":75,"date":"2025-12-10T12:38:26","date_gmt":"2025-12-10T10:38:26","guid":{"rendered":"\/ferreria2026\/?p=75"},"modified":"2025-12-10T12:38:26","modified_gmt":"2025-12-10T10:38:26","slug":"en-residencia-per-a-nosaltres","status":"publish","type":"post","link":"\/ferreria2026\/en-residencia-per-a-nosaltres\/","title":{"rendered":"En Resid\u00e8ncia per a nosaltres"},"content":{"rendered":"\n<figure class=\"wp-block-image size-large\"><img loading=\"lazy\" decoding=\"async\" width=\"685\" height=\"1024\" src=\"\/ferreria2026\/wp-content\/uploads\/2025\/12\/DSC_0857-1-685x1024.jpg\" alt=\"\" class=\"wp-image-77\" srcset=\"\/ferreria2026\/wp-content\/uploads\/2025\/12\/DSC_0857-1-685x1024.jpg 685w, \/ferreria2026\/wp-content\/uploads\/2025\/12\/DSC_0857-1-201x300.jpg 201w, \/ferreria2026\/wp-content\/uploads\/2025\/12\/DSC_0857-1-768x1147.jpg 768w, \/ferreria2026\/wp-content\/uploads\/2025\/12\/DSC_0857-1-1028x1536.jpg 1028w, \/ferreria2026\/wp-content\/uploads\/2025\/12\/DSC_0857-1-1371x2048.jpg 1371w, \/ferreria2026\/wp-content\/uploads\/2025\/12\/DSC_0857-1-scaled.jpg 1714w\" sizes=\"auto, (max-width: 685px) 100vw, 685px\" \/><\/figure>\n\n\n<p><span style=\"font-weight: 400;\">En aquest grup som el: Iker, Xavi, Lucas, Mart\u00ed i Jul i som un grup de l&#8217;institut la ferreria del curs 2n ESO.(en l\u2019assignatura. En residencia).<\/span><\/p>\n<p><span style=\"font-weight: 400;\">En aquestes setmanes hem treballat sobretot en la natura i en coses amb el camp, les ovelles, etc.<\/span><\/p>\n<p><span style=\"font-weight: 400;\">Per exemple: Amb la llana de les ovelles la vam pintar\/ tenyir amb fang i aigua, despr\u00e9s vam fer un mapa amb una tela de les ovelles que \u00e9s dif\u00edcil de fabricar i vam fer unes muntanyes amb fang i aigua.<\/span><\/p>\n<p><span style=\"font-weight: 400;\">Tamb\u00e9 el que hem fet\u00a0 \u00e9s que vam anar al riu i vam agafar unes flors, plantes\u2026 sobretot de colors perqu\u00e8 despr\u00e9s d\u2019agafar-les vam fer com un rollo amb les plantes i per veure si es van quedar el color o les flors enganxades.\u00a0<\/span><\/p>\n<p><span style=\"font-weight: 400;\">I l\u2019\u00faltim que hem fet ha sigut com una barreja amb llana i aigua en dues cassoles en una amb c\u00farcuma i l\u2019altra amb ortigues i les vam escalfar.\u00a0<\/span><\/p>\n<p><span style=\"font-weight: 400;\">Tamb\u00e9 un dia vam pintar un quadres amb pigments naturals.<\/span><\/p>\n<p><span style=\"font-weight: 400;\">Una classe despr\u00e9s vam obrir el nostre rollet i vam veure com havia quedat tot.<\/span><\/p>\n<p><span style=\"font-weight: 400;\">Nosaltres pens\u00e0vem que quedaria millor, per\u00f2 tampoc va estar tan malament, per\u00f2 va quedar d&#8217;una forma estranya, \u00e9s com que no va canviar res.<\/span><\/p>","protected":false},"excerpt":{"rendered":"<p>En aquest grup som el: Iker, Xavi, Lucas, Mart\u00ed i Jul i som un grup de l&#8217;institut la ferreria del curs 2n ESO.(en l\u2019assignatura. En residencia). En aquestes setmanes hem treballat sobretot en la natura i en coses amb el camp, les ovelles, etc. Per exemple: Amb la llana de les ovelles la vam pintar\/ &hellip; <\/p>\n<p class=\"link-more\"><a href=\"\/ferreria2026\/en-residencia-per-a-nosaltres\/\" class=\"more-link\">Continua llegint <span class=\"screen-reader-text\">\u00abEn Resid\u00e8ncia per a nosaltres\u00bb<\/span><\/a><\/p>\n","protected":false},"author":6,"featured_media":0,"comment_status":"closed","ping_status":"","sticky":false,"template":"","format":"standard","meta":{"footnotes":""},"categories":[1],"tags":[],"class_list":["post-75","post","type-post","status-publish","format-standard","hentry","category-general"],"_links":{"self":[{"href":"\/ferreria2026\/wp-json\/wp\/v2\/posts\/75","targetHints":{"allow":["GET"]}}],"collection":[{"href":"\/ferreria2026\/wp-json\/wp\/v2\/posts"}],"about":[{"href":"\/ferreria2026\/wp-json\/wp\/v2\/types\/post"}],"author":[{"embeddable":true,"href":"\/ferreria2026\/wp-json\/wp\/v2\/users\/6"}],"replies":[{"embeddable":true,"href":"\/ferreria2026\/wp-json\/wp\/v2\/comments?post=75"}],"version-history":[{"count":1,"href":"\/ferreria2026\/wp-json\/wp\/v2\/posts\/75\/revisions"}],"predecessor-version":[{"id":78,"href":"\/ferreria2026\/wp-json\/wp\/v2\/posts\/75\/revisions\/78"}],"wp:attachment":[{"href":"\/ferreria2026\/wp-json\/wp\/v2\/media?parent=75"}],"wp:term":[{"taxonomy":"category","embeddable":true,"href":"\/ferreria2026\/wp-json\/wp\/v2\/categories?post=75"},{"taxonomy":"post_tag","embeddable":true,"href":"\/ferreria2026\/wp-json\/wp\/v2\/tags?post=75"}],"curies":[{"name":"wp","href":"https:\/\/api.w.org\/{rel}","templated":true}]}}