{"id":79,"date":"2025-12-10T12:52:34","date_gmt":"2025-12-10T10:52:34","guid":{"rendered":"\/ferreria2026\/?p=79"},"modified":"2025-12-10T13:12:26","modified_gmt":"2025-12-10T11:12:26","slug":"que-ens-ha-semblat-en-residencia","status":"publish","type":"post","link":"\/ferreria2026\/que-ens-ha-semblat-en-residencia\/","title":{"rendered":"Qu\u00e8 ens ha semblat En Resid\u00e8ncia?"},"content":{"rendered":"\n<p class=\"wp-block-paragraph\"><strong>Guillem<\/strong>: Durant aquest primer trimestre he tingut la meravellosa experi\u00e8ncia de provar En Residencia. Hem fet moltes coses, com per exemple pintar llana amb terra de les Maleses. Tamb\u00e9 vam observar les ru\u00efnes del poble iber que est\u00e0 a les Maleses, tamb\u00e9 hem observat\u00a0com funcionen les pedres magn\u00e8tiques i que tamb\u00e9 poden tintar coses. I ja arribant al final hem estampat plantes de diferents tipus de llana (m\u00e9s clara o m\u00e9s obscura). Despr\u00e9s de l&#8217;excursi\u00f3 a les Maleses vam acompanyar a un ramader de Collserola per veure i ajudar amb les ovelles. Al meu entendre aquesta assignatura m&#8217;ha assemblat molt interactiva amb la natura i ha sigut molt divertiu.\u00a0<br><br><strong>Noa<\/strong>: Al principi jo he escollit aquesta assignatura per qu\u00e8 pensava que seria teatre, per\u00f2 quan em va dir que seria pl\u00e0stica em va agradar al principi, per\u00f2 despr\u00e9s ja no m&#8217;ha agradat molt, perqu\u00e8 no hem dibuixat ni res d\u2019aix\u00f2, hem estat anant d\u2019excursi\u00f3 i no m\u2019ha agradat molt, no ha sigut una assignatura que m\u2019agradi del tot.<\/p>\n\n\n\n<p class=\"wp-block-paragraph\"><br><strong>Salma<\/strong>: A mi En Resid\u00e8ncia m\u2019ha semblat una assignatura \u00fanica. Al principi, abans que comenc\u00e9s l\u2019assignatura, pensava que era una assignatura de teatre o de pl\u00e0stica, per\u00f2 al final no ha estat aix\u00f2, la veritat que la classe a nivell de gent, no em desagrada, la veritat que tothom em cau b\u00e9. I pensant en l\u2019assignatura, les excursions, i les activitats, m\u2019estan agradant molt, per\u00f2 al seg\u00fcent trimestre espero una mica m\u00e9s d\u2019excursions.<br><br><strong>Pedro<\/strong>: A mi, En Resid\u00e8ncia m&#8217;ha agradat perqu\u00e8 hem fet moltes excursions i a mi m&#8217;agrada sortir al carrer, a la muntanya i descobrir coses noves. De totes les activitats i experiments que hem fet el que m\u00e9s m&#8217;ha agradat ha estat el d&#8217;agafar flors.<\/p>\n\n\n\n<figure class=\"wp-block-gallery has-nested-images columns-default is-cropped wp-block-gallery-1 is-layout-flex wp-block-gallery-is-layout-flex\">\n<figure class=\"wp-block-image size-large\"><img loading=\"lazy\" decoding=\"async\" width=\"1024\" height=\"685\" data-id=\"83\" src=\"\/ferreria2026\/wp-content\/uploads\/2025\/12\/Grup-Pedro-1-1024x685.jpg\" alt=\"\" class=\"wp-image-83\" srcset=\"\/ferreria2026\/wp-content\/uploads\/2025\/12\/Grup-Pedro-1-1024x685.jpg 1024w, \/ferreria2026\/wp-content\/uploads\/2025\/12\/Grup-Pedro-1-300x201.jpg 300w, \/ferreria2026\/wp-content\/uploads\/2025\/12\/Grup-Pedro-1-768x514.jpg 768w, \/ferreria2026\/wp-content\/uploads\/2025\/12\/Grup-Pedro-1-1536x1028.jpg 1536w, \/ferreria2026\/wp-content\/uploads\/2025\/12\/Grup-Pedro-1-2048x1371.jpg 2048w\" sizes=\"auto, (max-width: 767px) 89vw, (max-width: 1000px) 54vw, (max-width: 1071px) 543px, 580px\" \/><\/figure>\n\n\n\n<figure class=\"wp-block-image size-large\"><img loading=\"lazy\" decoding=\"async\" width=\"1024\" height=\"768\" data-id=\"82\" src=\"\/ferreria2026\/wp-content\/uploads\/2025\/12\/IMG-20251001-WA0011-1-1024x768.jpg\" alt=\"\" class=\"wp-image-82\" srcset=\"\/ferreria2026\/wp-content\/uploads\/2025\/12\/IMG-20251001-WA0011-1-1024x768.jpg 1024w, \/ferreria2026\/wp-content\/uploads\/2025\/12\/IMG-20251001-WA0011-1-300x225.jpg 300w, \/ferreria2026\/wp-content\/uploads\/2025\/12\/IMG-20251001-WA0011-1-768x576.jpg 768w, \/ferreria2026\/wp-content\/uploads\/2025\/12\/IMG-20251001-WA0011-1-1536x1152.jpg 1536w, \/ferreria2026\/wp-content\/uploads\/2025\/12\/IMG-20251001-WA0011-1.jpg 1600w\" sizes=\"auto, (max-width: 767px) 89vw, (max-width: 1000px) 54vw, (max-width: 1071px) 543px, 580px\" \/><\/figure>\n<\/figure>\n","protected":false},"excerpt":{"rendered":"<p>Guillem: Durant aquest primer trimestre he tingut la meravellosa experi\u00e8ncia de provar En Residencia. Hem fet moltes coses, com per exemple pintar llana amb terra de les Maleses. Tamb\u00e9 vam observar les ru\u00efnes del poble iber que est\u00e0 a les Maleses, tamb\u00e9 hem observat\u00a0com funcionen les pedres magn\u00e8tiques i que tamb\u00e9 poden tintar coses. I &hellip; <\/p>\n<p class=\"link-more\"><a href=\"\/ferreria2026\/que-ens-ha-semblat-en-residencia\/\" class=\"more-link\">Continua llegint <span class=\"screen-reader-text\">\u00abQu\u00e8 ens ha semblat En Resid\u00e8ncia?\u00bb<\/span><\/a><\/p>\n","protected":false},"author":6,"featured_media":0,"comment_status":"closed","ping_status":"","sticky":false,"template":"","format":"standard","meta":{"footnotes":""},"categories":[1],"tags":[],"class_list":["post-79","post","type-post","status-publish","format-standard","hentry","category-general"],"_links":{"self":[{"href":"\/ferreria2026\/wp-json\/wp\/v2\/posts\/79","targetHints":{"allow":["GET"]}}],"collection":[{"href":"\/ferreria2026\/wp-json\/wp\/v2\/posts"}],"about":[{"href":"\/ferreria2026\/wp-json\/wp\/v2\/types\/post"}],"author":[{"embeddable":true,"href":"\/ferreria2026\/wp-json\/wp\/v2\/users\/6"}],"replies":[{"embeddable":true,"href":"\/ferreria2026\/wp-json\/wp\/v2\/comments?post=79"}],"version-history":[{"count":3,"href":"\/ferreria2026\/wp-json\/wp\/v2\/posts\/79\/revisions"}],"predecessor-version":[{"id":95,"href":"\/ferreria2026\/wp-json\/wp\/v2\/posts\/79\/revisions\/95"}],"wp:attachment":[{"href":"\/ferreria2026\/wp-json\/wp\/v2\/media?parent=79"}],"wp:term":[{"taxonomy":"category","embeddable":true,"href":"\/ferreria2026\/wp-json\/wp\/v2\/categories?post=79"},{"taxonomy":"post_tag","embeddable":true,"href":"\/ferreria2026\/wp-json\/wp\/v2\/tags?post=79"}],"curies":[{"name":"wp","href":"https:\/\/api.w.org\/{rel}","templated":true}]}}