{"id":1,"date":"2024-09-20T15:02:00","date_gmt":"2024-09-20T13:02:00","guid":{"rendered":"\/infantaisabelarago2025\/?p=1"},"modified":"2024-09-30T11:08:02","modified_gmt":"2024-09-30T09:08:02","slug":"equal-saree-en-residencia-a-linstitut-infanta-isabel-darago","status":"publish","type":"post","link":"\/infantaisabelarago2025\/equal-saree-en-residencia-a-linstitut-infanta-isabel-darago\/","title":{"rendered":"Equal Saree EN RESiD\u00c8NCiA a l&#8217;Institut Infanta Isabel d&#8217;Arag\u00f3"},"content":{"rendered":"\n<p class=\"wp-block-paragraph\">Equal Saree ja ha iniciat el proc\u00e9s de creaci\u00f3 EN RESiD\u00c8NCiA a l&#8217;Institut Infanta Isabel d&#8217;Arag\u00f3 (Sant Mart\u00ed de Proven\u00e7als, Barcelona). En aquest blog podreu seguir els moments clau d\u2019un proc\u00e9s obert, amb un final no predefinit. Fins molt aviat!!<\/p>\n\n\n\n<p class=\"wp-block-paragraph\"><\/p>\n","protected":false},"excerpt":{"rendered":"<p>Equal Saree ja ha iniciat el proc\u00e9s de creaci\u00f3 EN RESiD\u00c8NCiA a l&#8217;Institut Infanta Isabel d&#8217;Arag\u00f3 (Sant Mart\u00ed de Proven\u00e7als, Barcelona). En aquest blog podreu seguir els moments clau d\u2019un proc\u00e9s obert, amb un final no predefinit. Fins molt aviat!!<\/p>\n","protected":false},"author":1,"featured_media":0,"comment_status":"closed","ping_status":"open","sticky":false,"template":"","format":"standard","meta":{"footnotes":""},"categories":[1],"tags":[],"class_list":["post-1","post","type-post","status-publish","format-standard","hentry","category-general"],"_links":{"self":[{"href":"\/infantaisabelarago2025\/wp-json\/wp\/v2\/posts\/1","targetHints":{"allow":["GET"]}}],"collection":[{"href":"\/infantaisabelarago2025\/wp-json\/wp\/v2\/posts"}],"about":[{"href":"\/infantaisabelarago2025\/wp-json\/wp\/v2\/types\/post"}],"author":[{"embeddable":true,"href":"\/infantaisabelarago2025\/wp-json\/wp\/v2\/users\/1"}],"replies":[{"embeddable":true,"href":"\/infantaisabelarago2025\/wp-json\/wp\/v2\/comments?post=1"}],"version-history":[{"count":6,"href":"\/infantaisabelarago2025\/wp-json\/wp\/v2\/posts\/1\/revisions"}],"predecessor-version":[{"id":370,"href":"\/infantaisabelarago2025\/wp-json\/wp\/v2\/posts\/1\/revisions\/370"}],"wp:attachment":[{"href":"\/infantaisabelarago2025\/wp-json\/wp\/v2\/media?parent=1"}],"wp:term":[{"taxonomy":"category","embeddable":true,"href":"\/infantaisabelarago2025\/wp-json\/wp\/v2\/categories?post=1"},{"taxonomy":"post_tag","embeddable":true,"href":"\/infantaisabelarago2025\/wp-json\/wp\/v2\/tags?post=1"}],"curies":[{"name":"wp","href":"https:\/\/api.w.org\/{rel}","templated":true}]}}