{"id":375,"date":"2024-10-14T11:32:29","date_gmt":"2024-10-14T09:32:29","guid":{"rendered":"\/infantaisabelarago2025\/?p=375"},"modified":"2024-11-10T14:04:20","modified_gmt":"2024-11-10T12:04:20","slug":"primeres-sessions-de-octubre-treball-de-paraules-claus-i-cartografices","status":"publish","type":"post","link":"\/infantaisabelarago2025\/primeres-sessions-de-octubre-treball-de-paraules-claus-i-cartografices\/","title":{"rendered":"Sessions inicials. Octubre.  Paraules clau i cartografies"},"content":{"rendered":"\n<p class=\"wp-block-paragraph\">Vam tenir l<strong>a primera sessi\u00f3 l&#8217;1 d&#8217;Octubre,<\/strong> una sessi\u00f3 de presa de contacte amb el grup de 4t d&#8217;ESO i la Raquel d&#8217;<a href=\"https:\/\/equalsaree.org\/es\/\" data-type=\"link\" data-id=\"https:\/\/equalsaree.org\/es\/\">Equal Saare<\/a>. Tamb\u00e9 ens va acompanyar en Javier.<\/p>\n\n\n\n<p class=\"wp-block-paragraph\"><\/p>\n\n\n\n<p class=\"wp-block-paragraph\">Equal Saree \u00e9s el grup d&#8217;arquitectes feministes que far\u00e0 la Resid\u00e8ncia aquest any . Transductores, el Javier, \u00e9s el grup l&#8217;equip de mediaci\u00f3 que ens acompanyar\u00e0 i <a href=\"https:\/\/www.instagram.com\/artinfanta\/\">nosaltres<\/a>, som un grup de 15 joves molt diversos, amb inquietuds i molta il\u00b7lusi\u00f3 per comen\u00e7ar aquest nou cam\u00ed junts.<\/p>\n\n\n\n<p class=\"wp-block-paragraph\">A la primera part de la sessi\u00f3, hem treballat les expectatives i desitjos que cadasc\u00fa t\u00e9 respecte al projecte. Ha estat interessant veure les diferents perspectives i inquietuds que han sorgit. A continuaci\u00f3, hem abordat el tema dels paisatges i hem creat mapes conceptuals basats en els tres eixos de treball del curs: <strong>feminismes, urbanisme i processos participatius<\/strong>. Tot i que aquests conceptes han requerit una mica d&#8217;esfor\u00e7 per ser assimilats, hem comen\u00e7at a familiaritzar-nos-hi.<\/p>\n\n\n\n<p class=\"wp-block-paragraph\">Ha estat un primer dia molt centrat en la conviv\u00e8ncia, l&#8217;escola i el treball en grup. Sens dubte, encara hi ha aspectes que caldr\u00e0 millorar, per\u00f2 l&#8217;energia i la motivaci\u00f3 per part de tothom han estat palpables. Segur que amb el temps aconseguirem generar di\u00e0legs rics i construir un bon equip de treball.<\/p>\n\n\n\n<p class=\"wp-block-paragraph\"><strong>Durat la\u00a0 segona sessi\u00f3 <\/strong>hem treballat i hem apr\u00e8s a presentar-nos a trav\u00e9s del paisatge. Hem conversat sobre cartografies i sobre les opcions de tenir una mirada diferent del paisatge. Cada persona ha fet la seva cartografia pensant en el recorregut de casa fins a l&#8217;institut, triant o percebent 3 espais amables i 1 que no ho fos. Hem vist quins espais ens agraden, de quin barri som, quins contextos i espais ens interessen i el per qu\u00e8. Tot, a partir de diverses presentacions.<\/p>\n\n\n\n<p class=\"wp-block-paragraph\">Aquestes primeres sessions han estat nom\u00e9s l&#8217;<strong>inici d&#8217;un proc\u00e9s<\/strong> que esperem ple de converses, treball sobre l&#8217;espai urb\u00e0 i aprenentatges que en ajudin a <strong>REdefinir-nos<\/strong> i cr\u00e8ixer com a ciutadans i millors persones.<\/p>\n\n\n\n<figure class=\"wp-block-gallery has-nested-images columns-default is-cropped wp-block-gallery-1 is-layout-flex wp-block-gallery-is-layout-flex\">\n<figure class=\"wp-block-image size-large\"><img loading=\"lazy\" decoding=\"async\" width=\"1024\" height=\"576\" data-id=\"377\" src=\"\/infantaisabelarago2025\/wp-content\/uploads\/2024\/10\/WhatsApp-Image-2024-10-01-at-16.21.43-1-1024x576.jpeg\" alt=\"\" class=\"wp-image-377\" srcset=\"\/infantaisabelarago2025\/wp-content\/uploads\/2024\/10\/WhatsApp-Image-2024-10-01-at-16.21.43-1-1024x576.jpeg 1024w, \/infantaisabelarago2025\/wp-content\/uploads\/2024\/10\/WhatsApp-Image-2024-10-01-at-16.21.43-1-300x169.jpeg 300w, \/infantaisabelarago2025\/wp-content\/uploads\/2024\/10\/WhatsApp-Image-2024-10-01-at-16.21.43-1-768x432.jpeg 768w, \/infantaisabelarago2025\/wp-content\/uploads\/2024\/10\/WhatsApp-Image-2024-10-01-at-16.21.43-1.jpeg 1280w\" sizes=\"auto, (max-width: 767px) 89vw, (max-width: 1000px) 54vw, (max-width: 1071px) 543px, 580px\" \/><\/figure>\n\n\n\n<figure class=\"wp-block-image size-large\"><img loading=\"lazy\" decoding=\"async\" width=\"1024\" height=\"576\" data-id=\"378\" src=\"\/infantaisabelarago2025\/wp-content\/uploads\/2024\/10\/WhatsApp-Image-2024-10-01-at-16.21.43-1024x576.jpeg\" alt=\"\" class=\"wp-image-378\" srcset=\"\/infantaisabelarago2025\/wp-content\/uploads\/2024\/10\/WhatsApp-Image-2024-10-01-at-16.21.43-1024x576.jpeg 1024w, \/infantaisabelarago2025\/wp-content\/uploads\/2024\/10\/WhatsApp-Image-2024-10-01-at-16.21.43-300x169.jpeg 300w, \/infantaisabelarago2025\/wp-content\/uploads\/2024\/10\/WhatsApp-Image-2024-10-01-at-16.21.43-768x432.jpeg 768w, \/infantaisabelarago2025\/wp-content\/uploads\/2024\/10\/WhatsApp-Image-2024-10-01-at-16.21.43.jpeg 1280w\" sizes=\"auto, (max-width: 767px) 89vw, (max-width: 1000px) 54vw, (max-width: 1071px) 543px, 580px\" \/><\/figure>\n\n\n\n<figure class=\"wp-block-image size-large\"><img loading=\"lazy\" decoding=\"async\" width=\"768\" height=\"1024\" data-id=\"379\" src=\"\/infantaisabelarago2025\/wp-content\/uploads\/2024\/10\/WhatsApp-Image-2024-10-08-at-16.40.221-768x1024.jpeg\" alt=\"\" class=\"wp-image-379\" srcset=\"\/infantaisabelarago2025\/wp-content\/uploads\/2024\/10\/WhatsApp-Image-2024-10-08-at-16.40.221-768x1024.jpeg 768w, \/infantaisabelarago2025\/wp-content\/uploads\/2024\/10\/WhatsApp-Image-2024-10-08-at-16.40.221-225x300.jpeg 225w, \/infantaisabelarago2025\/wp-content\/uploads\/2024\/10\/WhatsApp-Image-2024-10-08-at-16.40.221-1152x1536.jpeg 1152w, \/infantaisabelarago2025\/wp-content\/uploads\/2024\/10\/WhatsApp-Image-2024-10-08-at-16.40.221.jpeg 1536w\" sizes=\"auto, (max-width: 767px) 89vw, (max-width: 1000px) 54vw, (max-width: 1071px) 543px, 580px\" \/><\/figure>\n\n\n\n<figure class=\"wp-block-image size-large\"><img loading=\"lazy\" decoding=\"async\" width=\"768\" height=\"1024\" data-id=\"380\" src=\"\/infantaisabelarago2025\/wp-content\/uploads\/2024\/10\/WhatsApp-Image-2024-10-08-at-16.40.261-768x1024.jpeg\" alt=\"\" class=\"wp-image-380\" srcset=\"\/infantaisabelarago2025\/wp-content\/uploads\/2024\/10\/WhatsApp-Image-2024-10-08-at-16.40.261-768x1024.jpeg 768w, \/infantaisabelarago2025\/wp-content\/uploads\/2024\/10\/WhatsApp-Image-2024-10-08-at-16.40.261-225x300.jpeg 225w, \/infantaisabelarago2025\/wp-content\/uploads\/2024\/10\/WhatsApp-Image-2024-10-08-at-16.40.261-1152x1536.jpeg 1152w, \/infantaisabelarago2025\/wp-content\/uploads\/2024\/10\/WhatsApp-Image-2024-10-08-at-16.40.261.jpeg 1536w\" sizes=\"auto, (max-width: 767px) 89vw, (max-width: 1000px) 54vw, (max-width: 1071px) 543px, 580px\" \/><\/figure>\n\n\n\n<figure class=\"wp-block-image size-large\"><img loading=\"lazy\" decoding=\"async\" width=\"1024\" height=\"768\" data-id=\"381\" src=\"\/infantaisabelarago2025\/wp-content\/uploads\/2024\/10\/WhatsApp-Image-2024-10-08-at-16.40.332-1024x768.jpeg\" alt=\"\" class=\"wp-image-381\" srcset=\"\/infantaisabelarago2025\/wp-content\/uploads\/2024\/10\/WhatsApp-Image-2024-10-08-at-16.40.332-1024x768.jpeg 1024w, \/infantaisabelarago2025\/wp-content\/uploads\/2024\/10\/WhatsApp-Image-2024-10-08-at-16.40.332-300x225.jpeg 300w, \/infantaisabelarago2025\/wp-content\/uploads\/2024\/10\/WhatsApp-Image-2024-10-08-at-16.40.332-768x576.jpeg 768w, \/infantaisabelarago2025\/wp-content\/uploads\/2024\/10\/WhatsApp-Image-2024-10-08-at-16.40.332-1536x1152.jpeg 1536w, \/infantaisabelarago2025\/wp-content\/uploads\/2024\/10\/WhatsApp-Image-2024-10-08-at-16.40.332.jpeg 2048w\" sizes=\"auto, (max-width: 767px) 89vw, (max-width: 1000px) 54vw, (max-width: 1071px) 543px, 580px\" \/><\/figure>\n<\/figure>\n","protected":false},"excerpt":{"rendered":"<p>Vam tenir la primera sessi\u00f3 l&#8217;1 d&#8217;Octubre, una sessi\u00f3 de presa de contacte amb el grup de 4t d&#8217;ESO i la Raquel d&#8217;Equal Saare. Tamb\u00e9 ens va acompanyar en Javier. Equal Saree \u00e9s el grup d&#8217;arquitectes feministes que far\u00e0 la Resid\u00e8ncia aquest any . Transductores, el Javier, \u00e9s el grup l&#8217;equip de mediaci\u00f3 que ens &hellip; <\/p>\n<p class=\"link-more\"><a href=\"\/infantaisabelarago2025\/primeres-sessions-de-octubre-treball-de-paraules-claus-i-cartografices\/\" class=\"more-link\">Continua llegint <span class=\"screen-reader-text\">\u00abSessions inicials. Octubre.  Paraules clau i cartografies\u00bb<\/span><\/a><\/p>\n","protected":false},"author":13,"featured_media":0,"comment_status":"open","ping_status":"open","sticky":false,"template":"","format":"standard","meta":{"footnotes":""},"categories":[1],"tags":[],"class_list":["post-375","post","type-post","status-publish","format-standard","hentry","category-general"],"_links":{"self":[{"href":"\/infantaisabelarago2025\/wp-json\/wp\/v2\/posts\/375","targetHints":{"allow":["GET"]}}],"collection":[{"href":"\/infantaisabelarago2025\/wp-json\/wp\/v2\/posts"}],"about":[{"href":"\/infantaisabelarago2025\/wp-json\/wp\/v2\/types\/post"}],"author":[{"embeddable":true,"href":"\/infantaisabelarago2025\/wp-json\/wp\/v2\/users\/13"}],"replies":[{"embeddable":true,"href":"\/infantaisabelarago2025\/wp-json\/wp\/v2\/comments?post=375"}],"version-history":[{"count":7,"href":"\/infantaisabelarago2025\/wp-json\/wp\/v2\/posts\/375\/revisions"}],"predecessor-version":[{"id":403,"href":"\/infantaisabelarago2025\/wp-json\/wp\/v2\/posts\/375\/revisions\/403"}],"wp:attachment":[{"href":"\/infantaisabelarago2025\/wp-json\/wp\/v2\/media?parent=375"}],"wp:term":[{"taxonomy":"category","embeddable":true,"href":"\/infantaisabelarago2025\/wp-json\/wp\/v2\/categories?post=375"},{"taxonomy":"post_tag","embeddable":true,"href":"\/infantaisabelarago2025\/wp-json\/wp\/v2\/tags?post=375"}],"curies":[{"name":"wp","href":"https:\/\/api.w.org\/{rel}","templated":true}]}}