{"id":435,"date":"2025-01-21T17:11:02","date_gmt":"2025-01-21T15:11:02","guid":{"rendered":"\/infantaisabelarago2025\/?p=435"},"modified":"2025-01-21T17:11:24","modified_gmt":"2025-01-21T15:11:24","slug":"primers-passos-cap-a-un-urbanisme-feminista-gener-un-projecte-collectiu","status":"publish","type":"post","link":"\/infantaisabelarago2025\/primers-passos-cap-a-un-urbanisme-feminista-gener-un-projecte-collectiu\/","title":{"rendered":"Primers passos cap a un urbanisme feminista (gener): un projecte col\u00b7lectiu"},"content":{"rendered":"\n<p class=\"wp-block-paragraph\"><strong>Les dues primeres sessions<\/strong> del mes de gener han estat dedicades al treball sobre urbanisme feminista.<\/p>\n\n\n\n<p class=\"wp-block-paragraph\"><strong>Durant la primera sessi\u00f3, <\/strong>el grup es va centrar en l\u2019an\u00e0lisi de l\u2019urbanisme des d\u2019una perspectiva feminista i de g\u00e8nere. Es va debatre sobre les desigualtats que afecten el grup i les que es perceben en l\u2019espai p\u00fablic. A partir d\u2019aquest debat, es va generar una reflexi\u00f3 compartida sobre com aquestes desigualtats configuren els espais que habitem i els seus usos. A m\u00e9s, es va treballar en la creaci\u00f3 d\u2019una base conceptual per preparar les futures marxes explorat\u00f2ries, que seran cinc en total, amb cada grup encarregant-se d\u2019una d\u2019elles. Aquestes marxes s\u2019enfocaran a observar i analitzar l\u2019espai p\u00fablic des de diverses mirades feministes, tot incorporant els aprenentatges i reflexions generats fins ara. Tamb\u00e9 es va realitzar un exercici col\u00b7lectiu per abordar la tem\u00e0tica de l\u2019autonomia, analitzant com els diferents espais faciliten o dificulten l\u2019autonomia de les persones. Cada grup va identificar els elements, les persones i els usos que contribueixen a refor\u00e7ar o agreujar aquesta q\u00fcesti\u00f3.<\/p>\n\n\n\n<p class=\"wp-block-paragraph\"><strong>En&nbsp; les hores de refor\u00e7,<\/strong> el grup va realitzar una sortida al carrer principal, amb l\u2019objectiu de complementar la reflexi\u00f3 sobre l\u2019autonomia en l\u2019espai p\u00fablic. Durant aquesta activitat, es va posar el focus en l\u2019an\u00e0lisi d\u2019elements urbans que afavorien o dificultaven l\u2019autonomia, aix\u00ed com aquells que directament la limitaven. Cada participant va plasmar les seves observacions mitjan\u00e7ant un dibuix amb llapis en una octaveta, i posteriorment van descriure els seus arguments respecte als elements analitzats. Aquesta din\u00e0mica va permetre posar en com\u00fa perspectives diverses, identificant tant els aspectes positius com les mancances de l\u2019entorn urb\u00e0, i promovent una mirada cr\u00edtica envers els espais que es transiten quotidianament.<\/p>\n\n\n\n<p class=\"wp-block-paragraph\"><strong>En la segona sessi\u00f3<\/strong>, el grup va avan\u00e7ar treballant sobre els quatre par\u00e0metres restants d\u2019an\u00e0lisi: <strong>confort, vialitat, representativitat, sostenibilitat<\/strong> . Aquest marc permetr\u00e0 aprofundir en la comprensi\u00f3 de l\u2019espai p\u00fablic des d\u2019una perspectiva integral i inclusiva.<\/p>\n\n\n\n<p class=\"wp-block-paragraph\">Aquestes sessions han estat un primer pas important per establir les bases d\u2019un urbanisme feminista que reconegui les diverses experi\u00e8ncies i necessitats de les persones que habiten els espais urbans.<\/p>\n\n\n\n<figure class=\"wp-block-gallery has-nested-images columns-default is-cropped wp-block-gallery-1 is-layout-flex wp-block-gallery-is-layout-flex\">\n<figure class=\"wp-block-image size-large\"><img loading=\"lazy\" decoding=\"async\" width=\"768\" height=\"1024\" data-id=\"440\" src=\"\/infantaisabelarago2025\/wp-content\/uploads\/2025\/01\/quadenr-treball-768x1024.jpeg\" alt=\"\" class=\"wp-image-440\" srcset=\"\/infantaisabelarago2025\/wp-content\/uploads\/2025\/01\/quadenr-treball-768x1024.jpeg 768w, \/infantaisabelarago2025\/wp-content\/uploads\/2025\/01\/quadenr-treball-225x300.jpeg 225w, \/infantaisabelarago2025\/wp-content\/uploads\/2025\/01\/quadenr-treball-1152x1536.jpeg 1152w, \/infantaisabelarago2025\/wp-content\/uploads\/2025\/01\/quadenr-treball.jpeg 1200w\" sizes=\"auto, (max-width: 767px) 89vw, (max-width: 1000px) 54vw, (max-width: 1071px) 543px, 580px\" \/><\/figure>\n\n\n\n<figure class=\"wp-block-image size-large\"><img loading=\"lazy\" decoding=\"async\" width=\"1024\" height=\"768\" data-id=\"439\" src=\"\/infantaisabelarago2025\/wp-content\/uploads\/2025\/01\/post-it-autoomia-1024x768.jpeg\" alt=\"\" class=\"wp-image-439\" srcset=\"\/infantaisabelarago2025\/wp-content\/uploads\/2025\/01\/post-it-autoomia-1024x768.jpeg 1024w, \/infantaisabelarago2025\/wp-content\/uploads\/2025\/01\/post-it-autoomia-300x225.jpeg 300w, \/infantaisabelarago2025\/wp-content\/uploads\/2025\/01\/post-it-autoomia-768x576.jpeg 768w, \/infantaisabelarago2025\/wp-content\/uploads\/2025\/01\/post-it-autoomia-1536x1152.jpeg 1536w, \/infantaisabelarago2025\/wp-content\/uploads\/2025\/01\/post-it-autoomia.jpeg 1600w\" sizes=\"auto, (max-width: 767px) 89vw, (max-width: 1000px) 54vw, (max-width: 1071px) 543px, 580px\" \/><\/figure>\n\n\n\n<figure class=\"wp-block-image size-large\"><img loading=\"lazy\" decoding=\"async\" width=\"768\" height=\"1024\" data-id=\"443\" src=\"\/infantaisabelarago2025\/wp-content\/uploads\/2025\/01\/treball-en-grup-768x1024.jpeg\" alt=\"\" class=\"wp-image-443\" srcset=\"\/infantaisabelarago2025\/wp-content\/uploads\/2025\/01\/treball-en-grup-768x1024.jpeg 768w, \/infantaisabelarago2025\/wp-content\/uploads\/2025\/01\/treball-en-grup-225x300.jpeg 225w, \/infantaisabelarago2025\/wp-content\/uploads\/2025\/01\/treball-en-grup-1152x1536.jpeg 1152w, \/infantaisabelarago2025\/wp-content\/uploads\/2025\/01\/treball-en-grup.jpeg 1536w\" sizes=\"auto, (max-width: 767px) 89vw, (max-width: 1000px) 54vw, (max-width: 1071px) 543px, 580px\" \/><\/figure>\n\n\n\n<figure class=\"wp-block-image size-large\"><img loading=\"lazy\" decoding=\"async\" width=\"702\" height=\"1024\" data-id=\"437\" src=\"\/infantaisabelarago2025\/wp-content\/uploads\/2025\/01\/octavetes-3-702x1024.jpeg\" alt=\"\" class=\"wp-image-437\" srcset=\"\/infantaisabelarago2025\/wp-content\/uploads\/2025\/01\/octavetes-3-702x1024.jpeg 702w, \/infantaisabelarago2025\/wp-content\/uploads\/2025\/01\/octavetes-3-206x300.jpeg 206w, \/infantaisabelarago2025\/wp-content\/uploads\/2025\/01\/octavetes-3-768x1120.jpeg 768w, \/infantaisabelarago2025\/wp-content\/uploads\/2025\/01\/octavetes-3.jpeg 900w\" sizes=\"auto, (max-width: 702px) 100vw, 702px\" \/><\/figure>\n\n\n\n<figure class=\"wp-block-image size-large\"><img loading=\"lazy\" decoding=\"async\" width=\"1024\" height=\"539\" data-id=\"436\" src=\"\/infantaisabelarago2025\/wp-content\/uploads\/2025\/01\/octavetes-2-1024x539.jpeg\" alt=\"\" class=\"wp-image-436\" srcset=\"\/infantaisabelarago2025\/wp-content\/uploads\/2025\/01\/octavetes-2-1024x539.jpeg 1024w, \/infantaisabelarago2025\/wp-content\/uploads\/2025\/01\/octavetes-2-300x158.jpeg 300w, \/infantaisabelarago2025\/wp-content\/uploads\/2025\/01\/octavetes-2-768x404.jpeg 768w, \/infantaisabelarago2025\/wp-content\/uploads\/2025\/01\/octavetes-2-1536x808.jpeg 1536w, \/infantaisabelarago2025\/wp-content\/uploads\/2025\/01\/octavetes-2.jpeg 1600w\" sizes=\"auto, (max-width: 767px) 89vw, (max-width: 1000px) 54vw, (max-width: 1071px) 543px, 580px\" \/><\/figure>\n\n\n\n<figure class=\"wp-block-image size-large\"><img loading=\"lazy\" decoding=\"async\" width=\"1024\" height=\"561\" data-id=\"438\" src=\"\/infantaisabelarago2025\/wp-content\/uploads\/2025\/01\/octravetes-1024x561.jpeg\" alt=\"\" class=\"wp-image-438\" srcset=\"\/infantaisabelarago2025\/wp-content\/uploads\/2025\/01\/octravetes-1024x561.jpeg 1024w, \/infantaisabelarago2025\/wp-content\/uploads\/2025\/01\/octravetes-300x164.jpeg 300w, \/infantaisabelarago2025\/wp-content\/uploads\/2025\/01\/octravetes-768x420.jpeg 768w, \/infantaisabelarago2025\/wp-content\/uploads\/2025\/01\/octravetes-1536x841.jpeg 1536w, \/infantaisabelarago2025\/wp-content\/uploads\/2025\/01\/octravetes.jpeg 1600w\" sizes=\"auto, (max-width: 767px) 89vw, (max-width: 1000px) 54vw, (max-width: 1071px) 543px, 580px\" \/><\/figure>\n\n\n\n<figure class=\"wp-block-image size-large\"><img loading=\"lazy\" decoding=\"async\" width=\"1024\" height=\"492\" data-id=\"442\" src=\"\/infantaisabelarago2025\/wp-content\/uploads\/2025\/01\/WhatsApp-Image-2025-01-21-at-16.07.53_2-1024x492.jpeg\" alt=\"\" class=\"wp-image-442\" srcset=\"\/infantaisabelarago2025\/wp-content\/uploads\/2025\/01\/WhatsApp-Image-2025-01-21-at-16.07.53_2-1024x492.jpeg 1024w, \/infantaisabelarago2025\/wp-content\/uploads\/2025\/01\/WhatsApp-Image-2025-01-21-at-16.07.53_2-300x144.jpeg 300w, \/infantaisabelarago2025\/wp-content\/uploads\/2025\/01\/WhatsApp-Image-2025-01-21-at-16.07.53_2-768x369.jpeg 768w, \/infantaisabelarago2025\/wp-content\/uploads\/2025\/01\/WhatsApp-Image-2025-01-21-at-16.07.53_2-1536x737.jpeg 1536w, \/infantaisabelarago2025\/wp-content\/uploads\/2025\/01\/WhatsApp-Image-2025-01-21-at-16.07.53_2.jpeg 1600w\" sizes=\"auto, (max-width: 767px) 89vw, (max-width: 1000px) 54vw, (max-width: 1071px) 543px, 580px\" \/><\/figure>\n\n\n\n<figure class=\"wp-block-image size-large\"><img loading=\"lazy\" decoding=\"async\" width=\"1024\" height=\"539\" data-id=\"441\" src=\"\/infantaisabelarago2025\/wp-content\/uploads\/2025\/01\/WhatsApp-Image-2025-01-21-at-16.07.53-1024x539.jpeg\" alt=\"\" class=\"wp-image-441\" srcset=\"\/infantaisabelarago2025\/wp-content\/uploads\/2025\/01\/WhatsApp-Image-2025-01-21-at-16.07.53-1024x539.jpeg 1024w, \/infantaisabelarago2025\/wp-content\/uploads\/2025\/01\/WhatsApp-Image-2025-01-21-at-16.07.53-300x158.jpeg 300w, \/infantaisabelarago2025\/wp-content\/uploads\/2025\/01\/WhatsApp-Image-2025-01-21-at-16.07.53-768x404.jpeg 768w, \/infantaisabelarago2025\/wp-content\/uploads\/2025\/01\/WhatsApp-Image-2025-01-21-at-16.07.53-1536x808.jpeg 1536w, \/infantaisabelarago2025\/wp-content\/uploads\/2025\/01\/WhatsApp-Image-2025-01-21-at-16.07.53.jpeg 1599w\" sizes=\"auto, (max-width: 767px) 89vw, (max-width: 1000px) 54vw, (max-width: 1071px) 543px, 580px\" \/><\/figure>\n<\/figure>\n","protected":false},"excerpt":{"rendered":"<p>Les dues primeres sessions del mes de gener han estat dedicades al treball sobre urbanisme feminista. Durant la primera sessi\u00f3, el grup es va centrar en l\u2019an\u00e0lisi de l\u2019urbanisme des d\u2019una perspectiva feminista i de g\u00e8nere. Es va debatre sobre les desigualtats que afecten el grup i les que es perceben en l\u2019espai p\u00fablic. A &hellip; <\/p>\n<p class=\"link-more\"><a href=\"\/infantaisabelarago2025\/primers-passos-cap-a-un-urbanisme-feminista-gener-un-projecte-collectiu\/\" class=\"more-link\">Continua llegint <span class=\"screen-reader-text\">\u00abPrimers passos cap a un urbanisme feminista (gener): un projecte col\u00b7lectiu\u00bb<\/span><\/a><\/p>\n","protected":false},"author":13,"featured_media":0,"comment_status":"open","ping_status":"open","sticky":false,"template":"","format":"standard","meta":{"footnotes":""},"categories":[1],"tags":[],"class_list":["post-435","post","type-post","status-publish","format-standard","hentry","category-general"],"_links":{"self":[{"href":"\/infantaisabelarago2025\/wp-json\/wp\/v2\/posts\/435","targetHints":{"allow":["GET"]}}],"collection":[{"href":"\/infantaisabelarago2025\/wp-json\/wp\/v2\/posts"}],"about":[{"href":"\/infantaisabelarago2025\/wp-json\/wp\/v2\/types\/post"}],"author":[{"embeddable":true,"href":"\/infantaisabelarago2025\/wp-json\/wp\/v2\/users\/13"}],"replies":[{"embeddable":true,"href":"\/infantaisabelarago2025\/wp-json\/wp\/v2\/comments?post=435"}],"version-history":[{"count":2,"href":"\/infantaisabelarago2025\/wp-json\/wp\/v2\/posts\/435\/revisions"}],"predecessor-version":[{"id":445,"href":"\/infantaisabelarago2025\/wp-json\/wp\/v2\/posts\/435\/revisions\/445"}],"wp:attachment":[{"href":"\/infantaisabelarago2025\/wp-json\/wp\/v2\/media?parent=435"}],"wp:term":[{"taxonomy":"category","embeddable":true,"href":"\/infantaisabelarago2025\/wp-json\/wp\/v2\/categories?post=435"},{"taxonomy":"post_tag","embeddable":true,"href":"\/infantaisabelarago2025\/wp-json\/wp\/v2\/tags?post=435"}],"curies":[{"name":"wp","href":"https:\/\/api.w.org\/{rel}","templated":true}]}}