{"id":447,"date":"2025-02-25T12:32:03","date_gmt":"2025-02-25T10:32:03","guid":{"rendered":"\/infantaisabelarago2025\/?p=447"},"modified":"2025-02-25T12:32:03","modified_gmt":"2025-02-25T10:32:03","slug":"febrer-2025-investigant-i-preparant-la-jornada-oberta","status":"publish","type":"post","link":"\/infantaisabelarago2025\/febrer-2025-investigant-i-preparant-la-jornada-oberta\/","title":{"rendered":"Febrer 2025: investigant i preparant la jornada oberta"},"content":{"rendered":"\n<p class=\"wp-block-paragraph\"><\/p>\n\n\n\n<p class=\"wp-block-paragraph\">L\u2019activitat del mes de febrer ha consistit a sistematitzar i preparar el treball de la jornada oberta, com una oportunitat per assegurar continguts i donar forma global a tot el treball de recerca i petites produccions\/accions que hem elaborat durant el darrer trimestre i part del gener de 2025.<\/p>\n\n\n\n<p class=\"wp-block-paragraph\">En les sessio final de sortida al barri\u00a0 es va assignar un par\u00e0metre aleatori i escriure\u2019n la definici\u00f3 amb les nostres paraules, acompanyada d\u2019exemples visuals (fotos). Despr\u00e9s, vam sortir al carrer en grups per dibuixar i explorar els par\u00e0metres de <strong>sensibilitat<\/strong> i <strong>representativitat<\/strong> en l\u2019entorn urb\u00e0. Amb tot el material recopilat, volem\u00a0 elaborar un fanzine col\u00b7lectiu\/ instal\u00b7laci\u00f3 art\u00b4sitica al aula i un treball de resum que ens servir\u00e0 per a la pr\u00f2xima mostra oberta. Aquesta experi\u00e8ncia no nom\u00e9s ens va permetre reflexionar sobre com percebem i representem el nostre entorn, sin\u00f3 que tamb\u00e9 va fomentar la creativitat i la col\u00b7laboraci\u00f3 entre els participants.<\/p>\n\n\n\n<p class=\"wp-block-paragraph\"><strong>Les tres sessions de febrer van servir per preparar la mostra final <\/strong>del retorn i jornada oberta que far\u00edem a finals de mes. Vam treballar en sis grups, i cadascun va treballar un factor o element de l&#8217;urbanisme feminista, que caldria exposar en tires de paper blanc.<\/p>\n\n\n\n<p class=\"wp-block-paragraph\">Els grups van treballar la seva definici\u00f3, la manera de rotular-ho i de penjar-ho, aix\u00ed com els textos de definici\u00f3. Tamb\u00e9 es va continuar treballant el seg\u00fcent dia en els panells, amb les definicions impreses, i vam agrupar els dibuixos de tots els elements que facilitaven o dificultaven cada par\u00e0metre, resultat dels dibuixos fets durant les sortides de camp al costat de l&#8217;institut.<\/p>\n\n\n\n<p class=\"wp-block-paragraph\">Ja est\u00e0vem fent els \u00faltims retocs, i la darrera setmana vam fer la preparaci\u00f3 de la mostra, com far\u00edem la presentaci\u00f3 de cada panell i l&#8217;activitat que es proposaria al professorat com a part de la jornada oberta.<\/p>\n\n\n\n<figure class=\"wp-block-gallery has-nested-images columns-default is-cropped wp-block-gallery-1 is-layout-flex wp-block-gallery-is-layout-flex\">\n<figure class=\"wp-block-image size-large\"><img loading=\"lazy\" decoding=\"async\" width=\"768\" height=\"1024\" data-id=\"451\" src=\"\/infantaisabelarago2025\/wp-content\/uploads\/2025\/02\/WhatsApp-Image-2025-02-11-at-13.41.35-4-768x1024.jpeg\" alt=\"\" class=\"wp-image-451\" srcset=\"\/infantaisabelarago2025\/wp-content\/uploads\/2025\/02\/WhatsApp-Image-2025-02-11-at-13.41.35-4-768x1024.jpeg 768w, \/infantaisabelarago2025\/wp-content\/uploads\/2025\/02\/WhatsApp-Image-2025-02-11-at-13.41.35-4-225x300.jpeg 225w, \/infantaisabelarago2025\/wp-content\/uploads\/2025\/02\/WhatsApp-Image-2025-02-11-at-13.41.35-4-1152x1536.jpeg 1152w, \/infantaisabelarago2025\/wp-content\/uploads\/2025\/02\/WhatsApp-Image-2025-02-11-at-13.41.35-4.jpeg 1536w\" sizes=\"auto, (max-width: 767px) 89vw, (max-width: 1000px) 54vw, (max-width: 1071px) 543px, 580px\" \/><\/figure>\n\n\n\n<figure class=\"wp-block-image size-large\"><img loading=\"lazy\" decoding=\"async\" width=\"768\" height=\"1024\" data-id=\"450\" src=\"\/infantaisabelarago2025\/wp-content\/uploads\/2025\/02\/WhatsApp-Image-2025-02-11-at-13.41.35-3-768x1024.jpeg\" alt=\"\" class=\"wp-image-450\" srcset=\"\/infantaisabelarago2025\/wp-content\/uploads\/2025\/02\/WhatsApp-Image-2025-02-11-at-13.41.35-3-768x1024.jpeg 768w, \/infantaisabelarago2025\/wp-content\/uploads\/2025\/02\/WhatsApp-Image-2025-02-11-at-13.41.35-3-225x300.jpeg 225w, \/infantaisabelarago2025\/wp-content\/uploads\/2025\/02\/WhatsApp-Image-2025-02-11-at-13.41.35-3-1152x1536.jpeg 1152w, \/infantaisabelarago2025\/wp-content\/uploads\/2025\/02\/WhatsApp-Image-2025-02-11-at-13.41.35-3.jpeg 1536w\" sizes=\"auto, (max-width: 767px) 89vw, (max-width: 1000px) 54vw, (max-width: 1071px) 543px, 580px\" \/><\/figure>\n\n\n\n<figure class=\"wp-block-image size-large\"><img loading=\"lazy\" decoding=\"async\" width=\"768\" height=\"1024\" data-id=\"449\" src=\"\/infantaisabelarago2025\/wp-content\/uploads\/2025\/02\/WhatsApp-Image-2025-02-11-at-13.41.33-5-768x1024.jpeg\" alt=\"\" class=\"wp-image-449\" srcset=\"\/infantaisabelarago2025\/wp-content\/uploads\/2025\/02\/WhatsApp-Image-2025-02-11-at-13.41.33-5-768x1024.jpeg 768w, \/infantaisabelarago2025\/wp-content\/uploads\/2025\/02\/WhatsApp-Image-2025-02-11-at-13.41.33-5-225x300.jpeg 225w, \/infantaisabelarago2025\/wp-content\/uploads\/2025\/02\/WhatsApp-Image-2025-02-11-at-13.41.33-5-1152x1536.jpeg 1152w, \/infantaisabelarago2025\/wp-content\/uploads\/2025\/02\/WhatsApp-Image-2025-02-11-at-13.41.33-5.jpeg 1536w\" sizes=\"auto, (max-width: 767px) 89vw, (max-width: 1000px) 54vw, (max-width: 1071px) 543px, 580px\" \/><\/figure>\n\n\n\n<figure class=\"wp-block-image size-large\"><img loading=\"lazy\" decoding=\"async\" width=\"768\" height=\"1024\" data-id=\"448\" src=\"\/infantaisabelarago2025\/wp-content\/uploads\/2025\/02\/WhatsApp-Image-2025-02-11-at-13.41.33-4-768x1024.jpeg\" alt=\"\" class=\"wp-image-448\" srcset=\"\/infantaisabelarago2025\/wp-content\/uploads\/2025\/02\/WhatsApp-Image-2025-02-11-at-13.41.33-4-768x1024.jpeg 768w, \/infantaisabelarago2025\/wp-content\/uploads\/2025\/02\/WhatsApp-Image-2025-02-11-at-13.41.33-4-225x300.jpeg 225w, \/infantaisabelarago2025\/wp-content\/uploads\/2025\/02\/WhatsApp-Image-2025-02-11-at-13.41.33-4-1152x1536.jpeg 1152w, \/infantaisabelarago2025\/wp-content\/uploads\/2025\/02\/WhatsApp-Image-2025-02-11-at-13.41.33-4.jpeg 1536w\" sizes=\"auto, (max-width: 767px) 89vw, (max-width: 1000px) 54vw, (max-width: 1071px) 543px, 580px\" \/><\/figure>\n<\/figure>\n","protected":false},"excerpt":{"rendered":"<p>L\u2019activitat del mes de febrer ha consistit a sistematitzar i preparar el treball de la jornada oberta, com una oportunitat per assegurar continguts i donar forma global a tot el treball de recerca i petites produccions\/accions que hem elaborat durant el darrer trimestre i part del gener de 2025. En les sessio final de sortida &hellip; <\/p>\n<p class=\"link-more\"><a href=\"\/infantaisabelarago2025\/febrer-2025-investigant-i-preparant-la-jornada-oberta\/\" class=\"more-link\">Continua llegint <span class=\"screen-reader-text\">\u00abFebrer 2025: investigant i preparant la jornada oberta\u00bb<\/span><\/a><\/p>\n","protected":false},"author":13,"featured_media":0,"comment_status":"open","ping_status":"open","sticky":false,"template":"","format":"standard","meta":{"footnotes":""},"categories":[1],"tags":[],"class_list":["post-447","post","type-post","status-publish","format-standard","hentry","category-general"],"_links":{"self":[{"href":"\/infantaisabelarago2025\/wp-json\/wp\/v2\/posts\/447","targetHints":{"allow":["GET"]}}],"collection":[{"href":"\/infantaisabelarago2025\/wp-json\/wp\/v2\/posts"}],"about":[{"href":"\/infantaisabelarago2025\/wp-json\/wp\/v2\/types\/post"}],"author":[{"embeddable":true,"href":"\/infantaisabelarago2025\/wp-json\/wp\/v2\/users\/13"}],"replies":[{"embeddable":true,"href":"\/infantaisabelarago2025\/wp-json\/wp\/v2\/comments?post=447"}],"version-history":[{"count":1,"href":"\/infantaisabelarago2025\/wp-json\/wp\/v2\/posts\/447\/revisions"}],"predecessor-version":[{"id":452,"href":"\/infantaisabelarago2025\/wp-json\/wp\/v2\/posts\/447\/revisions\/452"}],"wp:attachment":[{"href":"\/infantaisabelarago2025\/wp-json\/wp\/v2\/media?parent=447"}],"wp:term":[{"taxonomy":"category","embeddable":true,"href":"\/infantaisabelarago2025\/wp-json\/wp\/v2\/categories?post=447"},{"taxonomy":"post_tag","embeddable":true,"href":"\/infantaisabelarago2025\/wp-json\/wp\/v2\/tags?post=447"}],"curies":[{"name":"wp","href":"https:\/\/api.w.org\/{rel}","templated":true}]}}