{"id":453,"date":"2025-02-27T18:25:21","date_gmt":"2025-02-27T16:25:21","guid":{"rendered":"\/infantaisabelarago2025\/?p=453"},"modified":"2025-02-27T18:27:39","modified_gmt":"2025-02-27T16:27:39","slug":"jornada-oberta-26-febrer","status":"publish","type":"post","link":"\/infantaisabelarago2025\/jornada-oberta-26-febrer\/","title":{"rendered":"Jornada oberta, 26 febrer."},"content":{"rendered":"\n<p class=\"wp-block-paragraph\">El dimecres passat, de 15 a 16 h, vam fer la jornada oberta a l&#8217;institut amb tot el grup de joves. Aquesta jornada oberta va consistir en una presentaci\u00f3 per part del grup d&#8217;alumnes, basada en el treball desenvolupat durant el primer i segon trimestre, aix\u00ed com en diverses activitats i din\u00e0miques que el mateix grup havia experimentat al llarg del proc\u00e9s.<\/p>\n\n\n\n<p class=\"wp-block-paragraph\">Per comen\u00e7ar la jornada, cada professor va ser rebut amb una enganxina que representava un dels sis par\u00e0metres de l&#8217;urbanisme feminista, treballats pr\u00e8viament amb la Raquel. Posteriorment, els docents es van organitzar en grups i es van asseure al centre d\u2019un gran full d\u2019aproximadament dos metres i mig, que contenia un dels par\u00e0metres, la seva definici\u00f3 i un recull de dibuixos elaborats a partir del treball de camp al barri. Aquesta fase pretenia generar una an\u00e0lisi col\u00b7lectiva sobre els elements urbans i el seu impacte en la vida quotidiana.<\/p>\n\n\n\n<p class=\"wp-block-paragraph\">Abans de continuar amb les din\u00e0miques, es va presentar un gran mapa dels districtes, on es va exposar el primer treball realitzat: una an\u00e0lisi detallada dels elements clau de l&#8217;espai urb\u00e0, els l\u00edmits i les configuracions espec\u00edfiques de cada territori. Aquest material va permetre visualitzar el recorregut del projecte i els principals descobriments obtinguts fins al moment.<\/p>\n\n\n\n<p class=\"wp-block-paragraph\">A continuaci\u00f3, es va organitzar el professorat en grups, assignant a cadascun un par\u00e0metre espec\u00edfic de l&#8217;urbanisme feminista. A partir d\u2019aquest, els docents van revisar-ne la definici\u00f3 i van ser convidats a fer un dibuix inspirat en la seva refer\u00e8ncia visual, a m\u00e9s de desenvolupar una an\u00e0lisi breu sobre el seu significat i aplicaci\u00f3 en el context urb\u00e0.<\/p>\n\n\n\n<p class=\"wp-block-paragraph\">Finalment, es va posar en com\u00fa tota la feina realitzada, afavorint la discussi\u00f3 i la reflexi\u00f3 col\u00b7lectiva. Es van respondre preguntes clau sobre el proc\u00e9s i es van destacar els aprenentatges obtinguts. La jornada va ser altament participativa i din\u00e0mica, amb un ambient d\u2019entusiasme i col\u00b7laboraci\u00f3. L&#8217;organitzaci\u00f3, el disseny de l&#8217;activitat i la coordinaci\u00f3 van estar a c\u00e0rrec del grup de joves de quart d\u2019ESO, que van aconseguir generar un espai d\u2019intercanvi obert, enriquidor i estimulant per a tots els participants.<\/p>\n\n\n\n<figure class=\"wp-block-gallery has-nested-images columns-default is-cropped wp-block-gallery-1 is-layout-flex wp-block-gallery-is-layout-flex\">\n<figure class=\"wp-block-image size-large\"><img loading=\"lazy\" decoding=\"async\" width=\"768\" height=\"1024\" data-id=\"454\" src=\"\/infantaisabelarago2025\/wp-content\/uploads\/2025\/02\/WhatsApp-Image-2025-02-26-at-20.11.08-2-768x1024.jpeg\" alt=\"\" class=\"wp-image-454\" srcset=\"\/infantaisabelarago2025\/wp-content\/uploads\/2025\/02\/WhatsApp-Image-2025-02-26-at-20.11.08-2-768x1024.jpeg 768w, \/infantaisabelarago2025\/wp-content\/uploads\/2025\/02\/WhatsApp-Image-2025-02-26-at-20.11.08-2-225x300.jpeg 225w, \/infantaisabelarago2025\/wp-content\/uploads\/2025\/02\/WhatsApp-Image-2025-02-26-at-20.11.08-2-1152x1536.jpeg 1152w, \/infantaisabelarago2025\/wp-content\/uploads\/2025\/02\/WhatsApp-Image-2025-02-26-at-20.11.08-2.jpeg 1200w\" sizes=\"auto, (max-width: 767px) 89vw, (max-width: 1000px) 54vw, (max-width: 1071px) 543px, 580px\" \/><\/figure>\n\n\n\n<figure class=\"wp-block-image size-large\"><img loading=\"lazy\" decoding=\"async\" width=\"768\" height=\"1024\" data-id=\"455\" src=\"\/infantaisabelarago2025\/wp-content\/uploads\/2025\/02\/WhatsApp-Image-2025-02-26-at-20.11.10-4-768x1024.jpeg\" alt=\"\" class=\"wp-image-455\" srcset=\"\/infantaisabelarago2025\/wp-content\/uploads\/2025\/02\/WhatsApp-Image-2025-02-26-at-20.11.10-4-768x1024.jpeg 768w, \/infantaisabelarago2025\/wp-content\/uploads\/2025\/02\/WhatsApp-Image-2025-02-26-at-20.11.10-4-225x300.jpeg 225w, \/infantaisabelarago2025\/wp-content\/uploads\/2025\/02\/WhatsApp-Image-2025-02-26-at-20.11.10-4-1152x1536.jpeg 1152w, \/infantaisabelarago2025\/wp-content\/uploads\/2025\/02\/WhatsApp-Image-2025-02-26-at-20.11.10-4.jpeg 1200w\" sizes=\"auto, (max-width: 767px) 89vw, (max-width: 1000px) 54vw, (max-width: 1071px) 543px, 580px\" \/><\/figure>\n\n\n\n<figure class=\"wp-block-image size-large\"><img loading=\"lazy\" decoding=\"async\" width=\"768\" height=\"1024\" data-id=\"457\" src=\"\/infantaisabelarago2025\/wp-content\/uploads\/2025\/02\/WhatsApp-Image-2025-02-26-at-20.11.10-3-768x1024.jpeg\" alt=\"\" class=\"wp-image-457\" srcset=\"\/infantaisabelarago2025\/wp-content\/uploads\/2025\/02\/WhatsApp-Image-2025-02-26-at-20.11.10-3-768x1024.jpeg 768w, \/infantaisabelarago2025\/wp-content\/uploads\/2025\/02\/WhatsApp-Image-2025-02-26-at-20.11.10-3-225x300.jpeg 225w, \/infantaisabelarago2025\/wp-content\/uploads\/2025\/02\/WhatsApp-Image-2025-02-26-at-20.11.10-3-1152x1536.jpeg 1152w, \/infantaisabelarago2025\/wp-content\/uploads\/2025\/02\/WhatsApp-Image-2025-02-26-at-20.11.10-3.jpeg 1200w\" sizes=\"auto, (max-width: 767px) 89vw, (max-width: 1000px) 54vw, (max-width: 1071px) 543px, 580px\" \/><\/figure>\n\n\n\n<figure class=\"wp-block-image size-large\"><img loading=\"lazy\" decoding=\"async\" width=\"1024\" height=\"768\" data-id=\"459\" src=\"\/infantaisabelarago2025\/wp-content\/uploads\/2025\/02\/WhatsApp-Image-2025-02-26-at-20.11.10-2-1024x768.jpeg\" alt=\"\" class=\"wp-image-459\" srcset=\"\/infantaisabelarago2025\/wp-content\/uploads\/2025\/02\/WhatsApp-Image-2025-02-26-at-20.11.10-2-1024x768.jpeg 1024w, \/infantaisabelarago2025\/wp-content\/uploads\/2025\/02\/WhatsApp-Image-2025-02-26-at-20.11.10-2-300x225.jpeg 300w, \/infantaisabelarago2025\/wp-content\/uploads\/2025\/02\/WhatsApp-Image-2025-02-26-at-20.11.10-2-768x576.jpeg 768w, \/infantaisabelarago2025\/wp-content\/uploads\/2025\/02\/WhatsApp-Image-2025-02-26-at-20.11.10-2-1536x1152.jpeg 1536w, \/infantaisabelarago2025\/wp-content\/uploads\/2025\/02\/WhatsApp-Image-2025-02-26-at-20.11.10-2.jpeg 1600w\" sizes=\"auto, (max-width: 767px) 89vw, (max-width: 1000px) 54vw, (max-width: 1071px) 543px, 580px\" \/><\/figure>\n\n\n\n<figure class=\"wp-block-image size-large\"><img loading=\"lazy\" decoding=\"async\" width=\"1024\" height=\"768\" data-id=\"460\" src=\"\/infantaisabelarago2025\/wp-content\/uploads\/2025\/02\/WhatsApp-Image-2025-02-26-at-20.11.10-1-1024x768.jpeg\" alt=\"\" class=\"wp-image-460\" srcset=\"\/infantaisabelarago2025\/wp-content\/uploads\/2025\/02\/WhatsApp-Image-2025-02-26-at-20.11.10-1-1024x768.jpeg 1024w, \/infantaisabelarago2025\/wp-content\/uploads\/2025\/02\/WhatsApp-Image-2025-02-26-at-20.11.10-1-300x225.jpeg 300w, \/infantaisabelarago2025\/wp-content\/uploads\/2025\/02\/WhatsApp-Image-2025-02-26-at-20.11.10-1-768x576.jpeg 768w, \/infantaisabelarago2025\/wp-content\/uploads\/2025\/02\/WhatsApp-Image-2025-02-26-at-20.11.10-1-1536x1152.jpeg 1536w, \/infantaisabelarago2025\/wp-content\/uploads\/2025\/02\/WhatsApp-Image-2025-02-26-at-20.11.10-1.jpeg 1600w\" sizes=\"auto, (max-width: 767px) 89vw, (max-width: 1000px) 54vw, (max-width: 1071px) 543px, 580px\" \/><\/figure>\n\n\n\n<figure class=\"wp-block-image size-large\"><img loading=\"lazy\" decoding=\"async\" width=\"1024\" height=\"768\" data-id=\"458\" src=\"\/infantaisabelarago2025\/wp-content\/uploads\/2025\/02\/WhatsApp-Image-2025-02-26-at-20.11.10-1024x768.jpeg\" alt=\"\" class=\"wp-image-458\" srcset=\"\/infantaisabelarago2025\/wp-content\/uploads\/2025\/02\/WhatsApp-Image-2025-02-26-at-20.11.10-1024x768.jpeg 1024w, \/infantaisabelarago2025\/wp-content\/uploads\/2025\/02\/WhatsApp-Image-2025-02-26-at-20.11.10-300x225.jpeg 300w, \/infantaisabelarago2025\/wp-content\/uploads\/2025\/02\/WhatsApp-Image-2025-02-26-at-20.11.10-768x576.jpeg 768w, \/infantaisabelarago2025\/wp-content\/uploads\/2025\/02\/WhatsApp-Image-2025-02-26-at-20.11.10-1536x1152.jpeg 1536w, \/infantaisabelarago2025\/wp-content\/uploads\/2025\/02\/WhatsApp-Image-2025-02-26-at-20.11.10.jpeg 1600w\" sizes=\"auto, (max-width: 767px) 89vw, (max-width: 1000px) 54vw, (max-width: 1071px) 543px, 580px\" \/><\/figure>\n\n\n\n<figure class=\"wp-block-image size-large\"><img loading=\"lazy\" decoding=\"async\" width=\"768\" height=\"1024\" data-id=\"456\" src=\"\/infantaisabelarago2025\/wp-content\/uploads\/2025\/02\/WhatsApp-Image-2025-02-26-at-20.11.09-768x1024.jpeg\" alt=\"\" class=\"wp-image-456\" srcset=\"\/infantaisabelarago2025\/wp-content\/uploads\/2025\/02\/WhatsApp-Image-2025-02-26-at-20.11.09-768x1024.jpeg 768w, \/infantaisabelarago2025\/wp-content\/uploads\/2025\/02\/WhatsApp-Image-2025-02-26-at-20.11.09-225x300.jpeg 225w, \/infantaisabelarago2025\/wp-content\/uploads\/2025\/02\/WhatsApp-Image-2025-02-26-at-20.11.09-1152x1536.jpeg 1152w, \/infantaisabelarago2025\/wp-content\/uploads\/2025\/02\/WhatsApp-Image-2025-02-26-at-20.11.09.jpeg 1200w\" sizes=\"auto, (max-width: 767px) 89vw, (max-width: 1000px) 54vw, (max-width: 1071px) 543px, 580px\" \/><\/figure>\n\n\n\n<figure class=\"wp-block-image size-large\"><img loading=\"lazy\" decoding=\"async\" width=\"768\" height=\"1024\" data-id=\"462\" src=\"\/infantaisabelarago2025\/wp-content\/uploads\/2025\/02\/WhatsApp-Image-2025-02-26-at-20.11.08-1-768x1024.jpeg\" alt=\"\" class=\"wp-image-462\" srcset=\"\/infantaisabelarago2025\/wp-content\/uploads\/2025\/02\/WhatsApp-Image-2025-02-26-at-20.11.08-1-768x1024.jpeg 768w, \/infantaisabelarago2025\/wp-content\/uploads\/2025\/02\/WhatsApp-Image-2025-02-26-at-20.11.08-1-225x300.jpeg 225w, \/infantaisabelarago2025\/wp-content\/uploads\/2025\/02\/WhatsApp-Image-2025-02-26-at-20.11.08-1-1152x1536.jpeg 1152w, \/infantaisabelarago2025\/wp-content\/uploads\/2025\/02\/WhatsApp-Image-2025-02-26-at-20.11.08-1.jpeg 1200w\" sizes=\"auto, (max-width: 767px) 89vw, (max-width: 1000px) 54vw, (max-width: 1071px) 543px, 580px\" \/><\/figure>\n\n\n\n<figure class=\"wp-block-image size-large\"><img loading=\"lazy\" decoding=\"async\" width=\"1024\" height=\"768\" data-id=\"461\" src=\"\/infantaisabelarago2025\/wp-content\/uploads\/2025\/02\/WhatsApp-Image-2025-02-26-at-20.11.08-1024x768.jpeg\" alt=\"\" class=\"wp-image-461\" srcset=\"\/infantaisabelarago2025\/wp-content\/uploads\/2025\/02\/WhatsApp-Image-2025-02-26-at-20.11.08-1024x768.jpeg 1024w, \/infantaisabelarago2025\/wp-content\/uploads\/2025\/02\/WhatsApp-Image-2025-02-26-at-20.11.08-300x225.jpeg 300w, \/infantaisabelarago2025\/wp-content\/uploads\/2025\/02\/WhatsApp-Image-2025-02-26-at-20.11.08-768x576.jpeg 768w, \/infantaisabelarago2025\/wp-content\/uploads\/2025\/02\/WhatsApp-Image-2025-02-26-at-20.11.08-1536x1152.jpeg 1536w, \/infantaisabelarago2025\/wp-content\/uploads\/2025\/02\/WhatsApp-Image-2025-02-26-at-20.11.08.jpeg 1600w\" sizes=\"auto, (max-width: 767px) 89vw, (max-width: 1000px) 54vw, (max-width: 1071px) 543px, 580px\" \/><\/figure>\n\n\n\n<figure class=\"wp-block-image size-large\"><img loading=\"lazy\" decoding=\"async\" width=\"1024\" height=\"768\" data-id=\"464\" src=\"\/infantaisabelarago2025\/wp-content\/uploads\/2025\/02\/WhatsApp-Image-2025-02-26-at-20.11.10-5-1024x768.jpeg\" alt=\"\" class=\"wp-image-464\" srcset=\"\/infantaisabelarago2025\/wp-content\/uploads\/2025\/02\/WhatsApp-Image-2025-02-26-at-20.11.10-5-1024x768.jpeg 1024w, \/infantaisabelarago2025\/wp-content\/uploads\/2025\/02\/WhatsApp-Image-2025-02-26-at-20.11.10-5-300x225.jpeg 300w, \/infantaisabelarago2025\/wp-content\/uploads\/2025\/02\/WhatsApp-Image-2025-02-26-at-20.11.10-5-768x576.jpeg 768w, \/infantaisabelarago2025\/wp-content\/uploads\/2025\/02\/WhatsApp-Image-2025-02-26-at-20.11.10-5-1536x1152.jpeg 1536w, \/infantaisabelarago2025\/wp-content\/uploads\/2025\/02\/WhatsApp-Image-2025-02-26-at-20.11.10-5.jpeg 1600w\" sizes=\"auto, (max-width: 767px) 89vw, (max-width: 1000px) 54vw, (max-width: 1071px) 543px, 580px\" \/><\/figure>\n<\/figure>\n","protected":false},"excerpt":{"rendered":"<p>El dimecres passat, de 15 a 16 h, vam fer la jornada oberta a l&#8217;institut amb tot el grup de joves. Aquesta jornada oberta va consistir en una presentaci\u00f3 per part del grup d&#8217;alumnes, basada en el treball desenvolupat durant el primer i segon trimestre, aix\u00ed com en diverses activitats i din\u00e0miques que el mateix &hellip; <\/p>\n<p class=\"link-more\"><a href=\"\/infantaisabelarago2025\/jornada-oberta-26-febrer\/\" class=\"more-link\">Continua llegint <span class=\"screen-reader-text\">\u00abJornada oberta, 26 febrer.\u00bb<\/span><\/a><\/p>\n","protected":false},"author":13,"featured_media":0,"comment_status":"open","ping_status":"open","sticky":false,"template":"","format":"standard","meta":{"footnotes":""},"categories":[1],"tags":[],"class_list":["post-453","post","type-post","status-publish","format-standard","hentry","category-general"],"_links":{"self":[{"href":"\/infantaisabelarago2025\/wp-json\/wp\/v2\/posts\/453","targetHints":{"allow":["GET"]}}],"collection":[{"href":"\/infantaisabelarago2025\/wp-json\/wp\/v2\/posts"}],"about":[{"href":"\/infantaisabelarago2025\/wp-json\/wp\/v2\/types\/post"}],"author":[{"embeddable":true,"href":"\/infantaisabelarago2025\/wp-json\/wp\/v2\/users\/13"}],"replies":[{"embeddable":true,"href":"\/infantaisabelarago2025\/wp-json\/wp\/v2\/comments?post=453"}],"version-history":[{"count":2,"href":"\/infantaisabelarago2025\/wp-json\/wp\/v2\/posts\/453\/revisions"}],"predecessor-version":[{"id":465,"href":"\/infantaisabelarago2025\/wp-json\/wp\/v2\/posts\/453\/revisions\/465"}],"wp:attachment":[{"href":"\/infantaisabelarago2025\/wp-json\/wp\/v2\/media?parent=453"}],"wp:term":[{"taxonomy":"category","embeddable":true,"href":"\/infantaisabelarago2025\/wp-json\/wp\/v2\/categories?post=453"},{"taxonomy":"post_tag","embeddable":true,"href":"\/infantaisabelarago2025\/wp-json\/wp\/v2\/tags?post=453"}],"curies":[{"name":"wp","href":"https:\/\/api.w.org\/{rel}","templated":true}]}}