{"id":467,"date":"2025-03-20T14:38:41","date_gmt":"2025-03-20T12:38:41","guid":{"rendered":"\/infantaisabelarago2025\/?p=467"},"modified":"2025-03-20T14:38:41","modified_gmt":"2025-03-20T12:38:41","slug":"pensat-la-intervencio-marc","status":"publish","type":"post","link":"\/infantaisabelarago2025\/pensat-la-intervencio-marc\/","title":{"rendered":"Pensat la intervenci\u00f3  (Mar\u00e7)"},"content":{"rendered":"\n<p class=\"wp-block-paragraph\">Durant el mes de mar\u00e7, hem fet la presentaci\u00f3 i hem estat treballant en el marc d&#8217;intervenci\u00f3 del grup en el pati interior, on es troba el hort comunitari del Centre C\u00edvic de Sant Mart\u00ed.<\/p>\n\n\n\n<p class=\"wp-block-paragraph\">Per aix\u00f2, hem fet una sessi\u00f3 de sortida per veure el plantejament de les possibles l\u00ednies d&#8217;un mural. En una altra sessi\u00f3, hem vist models de mural, formes i estils, i tamb\u00e9 Raquel, com a artista muralista, m\u00e9s enll\u00e0 de la seva faceta d&#8217;urbanista, ens ha explicat diferents elements, estils i t\u00e8cniques que es poden posar en joc. Amb aquests elements, cada jove va fer un dibuix o esb\u00f3s inspirat en un mural.<\/p>\n\n\n\n<p class=\"wp-block-paragraph\">En la seg\u00fcent sessi\u00f3, la vam dedicar a planificar la feina general del mural, tenint en compte totes les fases i la meta de fer la presentaci\u00f3 el dia 11 de juny, pel que calculem que tenim unes 10 sessions de treball. A continuaci\u00f3, vam sortir al Centre C\u00edvic a visitar el pati, prenent mides i elaborant dibuixos\/esbossos de cada paret amb l&#8217;objectiu de veure les possibilitats de qu\u00e8 podem posar, tenint en compte el marc d&#8217;intervenci\u00f3 i el desenvolupament del mural. En tot cas, sempre respectant les pautes i el context del Centre C\u00edvic.<\/p>\n\n\n\n<figure class=\"wp-block-gallery has-nested-images columns-default is-cropped wp-block-gallery-1 is-layout-flex wp-block-gallery-is-layout-flex\">\n<figure class=\"wp-block-image size-large\"><img loading=\"lazy\" decoding=\"async\" width=\"1024\" height=\"768\" data-id=\"470\" src=\"\/infantaisabelarago2025\/wp-content\/uploads\/2025\/03\/IMG_20250318_131619-1024x768.jpg\" alt=\"\" class=\"wp-image-470\" srcset=\"\/infantaisabelarago2025\/wp-content\/uploads\/2025\/03\/IMG_20250318_131619-1024x768.jpg 1024w, \/infantaisabelarago2025\/wp-content\/uploads\/2025\/03\/IMG_20250318_131619-300x225.jpg 300w, \/infantaisabelarago2025\/wp-content\/uploads\/2025\/03\/IMG_20250318_131619-768x576.jpg 768w, \/infantaisabelarago2025\/wp-content\/uploads\/2025\/03\/IMG_20250318_131619-1536x1152.jpg 1536w, \/infantaisabelarago2025\/wp-content\/uploads\/2025\/03\/IMG_20250318_131619-2048x1536.jpg 2048w\" sizes=\"auto, (max-width: 767px) 89vw, (max-width: 1000px) 54vw, (max-width: 1071px) 543px, 580px\" \/><\/figure>\n\n\n\n<figure class=\"wp-block-image size-large\"><img loading=\"lazy\" decoding=\"async\" width=\"1024\" height=\"768\" data-id=\"469\" src=\"\/infantaisabelarago2025\/wp-content\/uploads\/2025\/03\/IMG_20250318_125635-1024x768.jpg\" alt=\"\" class=\"wp-image-469\" srcset=\"\/infantaisabelarago2025\/wp-content\/uploads\/2025\/03\/IMG_20250318_125635-1024x768.jpg 1024w, \/infantaisabelarago2025\/wp-content\/uploads\/2025\/03\/IMG_20250318_125635-300x225.jpg 300w, \/infantaisabelarago2025\/wp-content\/uploads\/2025\/03\/IMG_20250318_125635-768x576.jpg 768w, \/infantaisabelarago2025\/wp-content\/uploads\/2025\/03\/IMG_20250318_125635-1536x1152.jpg 1536w, \/infantaisabelarago2025\/wp-content\/uploads\/2025\/03\/IMG_20250318_125635-2048x1536.jpg 2048w\" sizes=\"auto, (max-width: 767px) 89vw, (max-width: 1000px) 54vw, (max-width: 1071px) 543px, 580px\" \/><\/figure>\n\n\n\n<figure class=\"wp-block-image size-large\"><img loading=\"lazy\" decoding=\"async\" width=\"1024\" height=\"768\" data-id=\"468\" src=\"\/infantaisabelarago2025\/wp-content\/uploads\/2025\/03\/IMG_20250318_125730-1024x768.jpg\" alt=\"\" class=\"wp-image-468\" srcset=\"\/infantaisabelarago2025\/wp-content\/uploads\/2025\/03\/IMG_20250318_125730-1024x768.jpg 1024w, \/infantaisabelarago2025\/wp-content\/uploads\/2025\/03\/IMG_20250318_125730-300x225.jpg 300w, \/infantaisabelarago2025\/wp-content\/uploads\/2025\/03\/IMG_20250318_125730-768x576.jpg 768w, \/infantaisabelarago2025\/wp-content\/uploads\/2025\/03\/IMG_20250318_125730-1536x1152.jpg 1536w, \/infantaisabelarago2025\/wp-content\/uploads\/2025\/03\/IMG_20250318_125730-2048x1536.jpg 2048w\" sizes=\"auto, (max-width: 767px) 89vw, (max-width: 1000px) 54vw, (max-width: 1071px) 543px, 580px\" \/><\/figure>\n\n\n\n<figure class=\"wp-block-image size-large\"><img loading=\"lazy\" decoding=\"async\" width=\"12000\" height=\"9000\" data-id=\"471\" src=\"\/infantaisabelarago2025\/wp-content\/uploads\/2025\/03\/IMG_20250318_130528.jpg\" alt=\"\" class=\"wp-image-471\"\/><\/figure>\n<\/figure>\n","protected":false},"excerpt":{"rendered":"<p>Durant el mes de mar\u00e7, hem fet la presentaci\u00f3 i hem estat treballant en el marc d&#8217;intervenci\u00f3 del grup en el pati interior, on es troba el hort comunitari del Centre C\u00edvic de Sant Mart\u00ed. Per aix\u00f2, hem fet una sessi\u00f3 de sortida per veure el plantejament de les possibles l\u00ednies d&#8217;un mural. En una &hellip; <\/p>\n<p class=\"link-more\"><a href=\"\/infantaisabelarago2025\/pensat-la-intervencio-marc\/\" class=\"more-link\">Continua llegint <span class=\"screen-reader-text\">\u00abPensat la intervenci\u00f3  (Mar\u00e7)\u00bb<\/span><\/a><\/p>\n","protected":false},"author":13,"featured_media":0,"comment_status":"open","ping_status":"open","sticky":false,"template":"","format":"standard","meta":{"footnotes":""},"categories":[1],"tags":[],"class_list":["post-467","post","type-post","status-publish","format-standard","hentry","category-general"],"_links":{"self":[{"href":"\/infantaisabelarago2025\/wp-json\/wp\/v2\/posts\/467","targetHints":{"allow":["GET"]}}],"collection":[{"href":"\/infantaisabelarago2025\/wp-json\/wp\/v2\/posts"}],"about":[{"href":"\/infantaisabelarago2025\/wp-json\/wp\/v2\/types\/post"}],"author":[{"embeddable":true,"href":"\/infantaisabelarago2025\/wp-json\/wp\/v2\/users\/13"}],"replies":[{"embeddable":true,"href":"\/infantaisabelarago2025\/wp-json\/wp\/v2\/comments?post=467"}],"version-history":[{"count":1,"href":"\/infantaisabelarago2025\/wp-json\/wp\/v2\/posts\/467\/revisions"}],"predecessor-version":[{"id":472,"href":"\/infantaisabelarago2025\/wp-json\/wp\/v2\/posts\/467\/revisions\/472"}],"wp:attachment":[{"href":"\/infantaisabelarago2025\/wp-json\/wp\/v2\/media?parent=467"}],"wp:term":[{"taxonomy":"category","embeddable":true,"href":"\/infantaisabelarago2025\/wp-json\/wp\/v2\/categories?post=467"},{"taxonomy":"post_tag","embeddable":true,"href":"\/infantaisabelarago2025\/wp-json\/wp\/v2\/tags?post=467"}],"curies":[{"name":"wp","href":"https:\/\/api.w.org\/{rel}","templated":true}]}}