{"id":475,"date":"2025-05-13T14:42:11","date_gmt":"2025-05-13T12:42:11","guid":{"rendered":"\/infantaisabelarago2025\/?p=475"},"modified":"2025-05-13T14:42:11","modified_gmt":"2025-05-13T12:42:11","slug":"abril-preparant-el-mural-dibuixant-i-consensuant-marcs","status":"publish","type":"post","link":"\/infantaisabelarago2025\/abril-preparant-el-mural-dibuixant-i-consensuant-marcs\/","title":{"rendered":"Abril: Preparant el mural \u2013 Dibuixant i consensuant marcs"},"content":{"rendered":"\n<h3 class=\"wp-block-heading\">Aquest mes hem estat immersos en la preparaci\u00f3 del mural: hem treballat intensament en els dibuixos i en la definici\u00f3 del material necessari. Un cop acordada l&#8217;estructura i les parts principals, hem dedicat dues sessions a revisar els actius i espais verds comunitaris que hi volem representar.<\/h3>\n\n\n\n<p class=\"wp-block-paragraph\">Per assegurar una coher\u00e8ncia art\u00edstica, hem creat un <strong>marc com\u00fa<\/strong> que actua com a fil conductor, tant a nivell est\u00e8tic com crom\u00e0tic. A partir d&#8217;aqu\u00ed, vam pensar en un mural amb dues capes d\u2019informaci\u00f3:<\/p>\n\n\n\n<ol class=\"wp-block-list\">\n<li>Una sobre els <strong>espais verds i equipaments de proximitat<\/strong>.<\/li>\n\n\n\n<li>Una altra amb <strong>il\u00b7lustracions de fruites, verdures i llegums de temporada<\/strong>, en connexi\u00f3 amb l\u2019hort urb\u00e0 del centre c\u00edvic.<\/li>\n<\/ol>\n\n\n\n<p class=\"wp-block-paragraph\">Tamb\u00e9 hem treballat la <strong>paleta de colors<\/strong>, i els joves del grup han comen\u00e7at a elaborar els <strong>dibuixos definitius<\/strong> dels diferents espais, incorporant-hi elements significatius per a cadascun. Ara ja tenim totes les il\u00b7lustracions acabades, i amb aquest material, despr\u00e9s de Setmana Santa, passarem a l\u2019execuci\u00f3 del mural amb el disseny final.<\/p>\n\n\n\n<p class=\"wp-block-paragraph\">En una altra sessi\u00f3, vam comen\u00e7ar a treballar en el <strong>fanz\u00edn<\/strong> que desenvoluparem a final de curs. Aquest recollir\u00e0 tot el proc\u00e9s, les diferents fases i els resultats del projecte.<\/p>\n\n\n\n<p class=\"wp-block-paragraph\">D\u2019altra banda, hem fet una <strong>pluja d\u2019idees<\/strong> per trobar un possible <strong>t\u00edtol per al mural<\/strong>. L\u2019objectiu \u00e9s definir una frase breu i senzilla que descrigui de manera efectiva el conjunt del projecte. Continuarem aquesta tasca la setmana vinent.<\/p>\n\n\n\n<p class=\"wp-block-paragraph\">Per acabar el mes d&#8217;abril, en la darrera part de la sessi\u00f3 vam seleccionar les <strong>fruites i verdures de temporada<\/strong> per contextualitzar-les i dibuixar-les dins el mural.<\/p>\n\n\n\n<p class=\"wp-block-paragraph\">La setmana vinent&#8230; <strong>comencem a pintar!<\/strong><\/p>\n\n\n\n<figure class=\"wp-block-gallery has-nested-images columns-default is-cropped wp-block-gallery-1 is-layout-flex wp-block-gallery-is-layout-flex\">\n<figure class=\"wp-block-image size-large\"><img loading=\"lazy\" decoding=\"async\" width=\"1024\" height=\"768\" data-id=\"478\" src=\"\/infantaisabelarago2025\/wp-content\/uploads\/2025\/05\/IMG_20250422_1230461-1024x768.jpg\" alt=\"\" class=\"wp-image-478\" srcset=\"\/infantaisabelarago2025\/wp-content\/uploads\/2025\/05\/IMG_20250422_1230461-1024x768.jpg 1024w, \/infantaisabelarago2025\/wp-content\/uploads\/2025\/05\/IMG_20250422_1230461-300x225.jpg 300w, \/infantaisabelarago2025\/wp-content\/uploads\/2025\/05\/IMG_20250422_1230461-768x576.jpg 768w, \/infantaisabelarago2025\/wp-content\/uploads\/2025\/05\/IMG_20250422_1230461-1536x1152.jpg 1536w, \/infantaisabelarago2025\/wp-content\/uploads\/2025\/05\/IMG_20250422_1230461-2048x1536.jpg 2048w\" sizes=\"auto, (max-width: 767px) 89vw, (max-width: 1000px) 54vw, (max-width: 1071px) 543px, 580px\" \/><\/figure>\n\n\n\n<figure class=\"wp-block-image size-large\"><img loading=\"lazy\" decoding=\"async\" width=\"768\" height=\"1024\" data-id=\"479\" src=\"\/infantaisabelarago2025\/wp-content\/uploads\/2025\/05\/IMG_20250422_125232-768x1024.jpg\" alt=\"\" class=\"wp-image-479\" srcset=\"\/infantaisabelarago2025\/wp-content\/uploads\/2025\/05\/IMG_20250422_125232-768x1024.jpg 768w, \/infantaisabelarago2025\/wp-content\/uploads\/2025\/05\/IMG_20250422_125232-225x300.jpg 225w, \/infantaisabelarago2025\/wp-content\/uploads\/2025\/05\/IMG_20250422_125232-1152x1536.jpg 1152w, \/infantaisabelarago2025\/wp-content\/uploads\/2025\/05\/IMG_20250422_125232-1536x2048.jpg 1536w, \/infantaisabelarago2025\/wp-content\/uploads\/2025\/05\/IMG_20250422_125232-scaled.jpg 1920w\" sizes=\"auto, (max-width: 767px) 89vw, (max-width: 1000px) 54vw, (max-width: 1071px) 543px, 580px\" \/><\/figure>\n\n\n\n<figure class=\"wp-block-image size-large\"><img loading=\"lazy\" decoding=\"async\" width=\"1024\" height=\"768\" data-id=\"477\" src=\"\/infantaisabelarago2025\/wp-content\/uploads\/2025\/05\/IMG_20250422_130728-1024x768.jpg\" alt=\"\" class=\"wp-image-477\" srcset=\"\/infantaisabelarago2025\/wp-content\/uploads\/2025\/05\/IMG_20250422_130728-1024x768.jpg 1024w, \/infantaisabelarago2025\/wp-content\/uploads\/2025\/05\/IMG_20250422_130728-300x225.jpg 300w, \/infantaisabelarago2025\/wp-content\/uploads\/2025\/05\/IMG_20250422_130728-768x576.jpg 768w, \/infantaisabelarago2025\/wp-content\/uploads\/2025\/05\/IMG_20250422_130728-1536x1152.jpg 1536w, \/infantaisabelarago2025\/wp-content\/uploads\/2025\/05\/IMG_20250422_130728-2048x1536.jpg 2048w\" sizes=\"auto, (max-width: 767px) 89vw, (max-width: 1000px) 54vw, (max-width: 1071px) 543px, 580px\" \/><\/figure>\n\n\n\n<figure class=\"wp-block-image size-large\"><img loading=\"lazy\" decoding=\"async\" width=\"1024\" height=\"768\" data-id=\"476\" src=\"\/infantaisabelarago2025\/wp-content\/uploads\/2025\/05\/IMG_20250422_125758-1024x768.jpg\" alt=\"\" class=\"wp-image-476\" srcset=\"\/infantaisabelarago2025\/wp-content\/uploads\/2025\/05\/IMG_20250422_125758-1024x768.jpg 1024w, \/infantaisabelarago2025\/wp-content\/uploads\/2025\/05\/IMG_20250422_125758-300x225.jpg 300w, \/infantaisabelarago2025\/wp-content\/uploads\/2025\/05\/IMG_20250422_125758-768x576.jpg 768w, \/infantaisabelarago2025\/wp-content\/uploads\/2025\/05\/IMG_20250422_125758-1536x1152.jpg 1536w, \/infantaisabelarago2025\/wp-content\/uploads\/2025\/05\/IMG_20250422_125758-2048x1536.jpg 2048w\" sizes=\"auto, (max-width: 767px) 89vw, (max-width: 1000px) 54vw, (max-width: 1071px) 543px, 580px\" \/><\/figure>\n<\/figure>\n","protected":false},"excerpt":{"rendered":"<p>Aquest mes hem estat immersos en la preparaci\u00f3 del mural: hem treballat intensament en els dibuixos i en la definici\u00f3 del material necessari. Un cop acordada l&#8217;estructura i les parts principals, hem dedicat dues sessions a revisar els actius i espais verds comunitaris que hi volem representar. Per assegurar una coher\u00e8ncia art\u00edstica, hem creat un &hellip; <\/p>\n<p class=\"link-more\"><a href=\"\/infantaisabelarago2025\/abril-preparant-el-mural-dibuixant-i-consensuant-marcs\/\" class=\"more-link\">Continua llegint <span class=\"screen-reader-text\">\u00abAbril: Preparant el mural \u2013 Dibuixant i consensuant marcs\u00bb<\/span><\/a><\/p>\n","protected":false},"author":13,"featured_media":0,"comment_status":"open","ping_status":"open","sticky":false,"template":"","format":"standard","meta":{"footnotes":""},"categories":[1],"tags":[],"class_list":["post-475","post","type-post","status-publish","format-standard","hentry","category-general"],"_links":{"self":[{"href":"\/infantaisabelarago2025\/wp-json\/wp\/v2\/posts\/475","targetHints":{"allow":["GET"]}}],"collection":[{"href":"\/infantaisabelarago2025\/wp-json\/wp\/v2\/posts"}],"about":[{"href":"\/infantaisabelarago2025\/wp-json\/wp\/v2\/types\/post"}],"author":[{"embeddable":true,"href":"\/infantaisabelarago2025\/wp-json\/wp\/v2\/users\/13"}],"replies":[{"embeddable":true,"href":"\/infantaisabelarago2025\/wp-json\/wp\/v2\/comments?post=475"}],"version-history":[{"count":1,"href":"\/infantaisabelarago2025\/wp-json\/wp\/v2\/posts\/475\/revisions"}],"predecessor-version":[{"id":480,"href":"\/infantaisabelarago2025\/wp-json\/wp\/v2\/posts\/475\/revisions\/480"}],"wp:attachment":[{"href":"\/infantaisabelarago2025\/wp-json\/wp\/v2\/media?parent=475"}],"wp:term":[{"taxonomy":"category","embeddable":true,"href":"\/infantaisabelarago2025\/wp-json\/wp\/v2\/categories?post=475"},{"taxonomy":"post_tag","embeddable":true,"href":"\/infantaisabelarago2025\/wp-json\/wp\/v2\/tags?post=475"}],"curies":[{"name":"wp","href":"https:\/\/api.w.org\/{rel}","templated":true}]}}