{"id":481,"date":"2025-05-13T14:49:46","date_gmt":"2025-05-13T12:49:46","guid":{"rendered":"\/infantaisabelarago2025\/?p=481"},"modified":"2025-05-13T14:53:29","modified_gmt":"2025-05-13T12:53:29","slug":"habitat-habitat-innuguracino-mural-el-11-juny-17h","status":"publish","type":"post","link":"\/infantaisabelarago2025\/habitat-habitat-innuguracino-mural-el-11-juny-17h\/","title":{"rendered":"H\u00e0bitat habitat. Inauguraci\u00f3 mural l&#8217;11 juny 17\u202fh !!!"},"content":{"rendered":"\n<p class=\"wp-block-paragraph\">Us convidem a la inauguraci\u00f3 <em>d\u2019H\u00e0bitat habitat<\/em> <a href=\"https:\/\/www.instagram.com\/equal.saree\/\"> equal.saree<\/a> EN RESiD\u00c8NCiA a<a href=\"https:\/\/www.instagram.com\/insinfanta\/\"> l&#8217;Institut Infanta Isabel d&#8217;Arag\u00f3<\/a>. Ser\u00e0 el<strong> dimecres 11 de juny a les 17\u202fh a l&#8217;hortet del<\/strong> Centre C\u00edvic Sant Mart\u00ed<br><br>El proc\u00e9s de recerca i cocreaci\u00f3 art\u00edstica ha donat com a fruit <strong>un mural col\u00b7lectiu desenvolupat pel grup de joves <\/strong>incorporant la mirada de l\u2019urbanisme feminista. En la segona fase, han investigat i donat forma al mural, creat espec\u00edficament per al pati interior del Centre C\u00edvic Sant Mart\u00ed.<br><br>L<strong>&#8216;obra<em> H\u00e0bitat habitat<\/em> representa<\/strong> <strong>una mirada sobre el barri <\/strong>on s&#8217;ubica l&#8217;institut i els espais quotidians que habiten els adolescents. A trav\u00e9s d&#8217;un conjunt de recursos gr\u00e0fics, recull tant els espais verds i equipaments comunitaris del barri, com les diverses fruites i verdures estacionals, establint un di\u00e0leg visual amb l&#8217;hort comunitari del Centre C\u00edvic.<br><br><strong>Amb<\/strong> Priscila N. Albarrac\u00edn Duran, Luis \u00c1ngel Angulo Astaiza, Hermes Leonardo Arrieta Boada, Naomi A. Brice\u00f1o Lozano, Ariasne Mu\u00f1oz Vilaza, Luc\u00eda Palacios Hern\u00e1ndez, Sergi P\u00e9rez Mendoza, Martina Ribas Salvador, Mariby A. Salcedo Alviarez, Franco U. Sarmiento Aqueveque, Mateo Sosa i Mariama Soumah Ndao (alumnes) i Esther Villanueva (docent).<\/p>\n\n\n\n<p class=\"wp-block-paragraph\">Moltes gr\u00e0cies al Centre C\u00edvic Sant Mart\u00ed pel seu suport, acollida i di\u00e0leg!<\/p>\n\n\n\n<figure class=\"wp-block-image size-large\"><img loading=\"lazy\" decoding=\"async\" width=\"1024\" height=\"1024\" src=\"\/infantaisabelarago2025\/wp-content\/uploads\/2025\/05\/photo_5843637000501053799_w-1024x1024.jpg\" alt=\"\" class=\"wp-image-485\" srcset=\"\/infantaisabelarago2025\/wp-content\/uploads\/2025\/05\/photo_5843637000501053799_w-1024x1024.jpg 1024w, \/infantaisabelarago2025\/wp-content\/uploads\/2025\/05\/photo_5843637000501053799_w-300x300.jpg 300w, \/infantaisabelarago2025\/wp-content\/uploads\/2025\/05\/photo_5843637000501053799_w-150x150.jpg 150w, \/infantaisabelarago2025\/wp-content\/uploads\/2025\/05\/photo_5843637000501053799_w-768x768.jpg 768w, \/infantaisabelarago2025\/wp-content\/uploads\/2025\/05\/photo_5843637000501053799_w-1536x1536.jpg 1536w, \/infantaisabelarago2025\/wp-content\/uploads\/2025\/05\/photo_5843637000501053799_w-2048x2048.jpg 2048w, \/infantaisabelarago2025\/wp-content\/uploads\/2025\/05\/photo_5843637000501053799_w-100x100.jpg 100w\" sizes=\"auto, (max-width: 767px) 89vw, (max-width: 1000px) 54vw, (max-width: 1071px) 543px, 580px\" \/><\/figure>\n","protected":false},"excerpt":{"rendered":"<p>Us convidem a la inauguraci\u00f3 d\u2019H\u00e0bitat habitat equal.saree EN RESiD\u00c8NCiA a l&#8217;Institut Infanta Isabel d&#8217;Arag\u00f3. Ser\u00e0 el dimecres 11 de juny a les 17\u202fh a l&#8217;hortet del Centre C\u00edvic Sant Mart\u00ed El proc\u00e9s de recerca i cocreaci\u00f3 art\u00edstica ha donat com a fruit un mural col\u00b7lectiu desenvolupat pel grup de joves incorporant la mirada de &hellip; <\/p>\n<p class=\"link-more\"><a href=\"\/infantaisabelarago2025\/habitat-habitat-innuguracino-mural-el-11-juny-17h\/\" class=\"more-link\">Continua llegint <span class=\"screen-reader-text\">\u00abH\u00e0bitat habitat. Inauguraci\u00f3 mural l&#8217;11 juny 17\u202fh !!!\u00bb<\/span><\/a><\/p>\n","protected":false},"author":13,"featured_media":0,"comment_status":"open","ping_status":"open","sticky":false,"template":"","format":"standard","meta":{"footnotes":""},"categories":[1],"tags":[],"class_list":["post-481","post","type-post","status-publish","format-standard","hentry","category-general"],"_links":{"self":[{"href":"\/infantaisabelarago2025\/wp-json\/wp\/v2\/posts\/481","targetHints":{"allow":["GET"]}}],"collection":[{"href":"\/infantaisabelarago2025\/wp-json\/wp\/v2\/posts"}],"about":[{"href":"\/infantaisabelarago2025\/wp-json\/wp\/v2\/types\/post"}],"author":[{"embeddable":true,"href":"\/infantaisabelarago2025\/wp-json\/wp\/v2\/users\/13"}],"replies":[{"embeddable":true,"href":"\/infantaisabelarago2025\/wp-json\/wp\/v2\/comments?post=481"}],"version-history":[{"count":3,"href":"\/infantaisabelarago2025\/wp-json\/wp\/v2\/posts\/481\/revisions"}],"predecessor-version":[{"id":488,"href":"\/infantaisabelarago2025\/wp-json\/wp\/v2\/posts\/481\/revisions\/488"}],"wp:attachment":[{"href":"\/infantaisabelarago2025\/wp-json\/wp\/v2\/media?parent=481"}],"wp:term":[{"taxonomy":"category","embeddable":true,"href":"\/infantaisabelarago2025\/wp-json\/wp\/v2\/categories?post=481"},{"taxonomy":"post_tag","embeddable":true,"href":"\/infantaisabelarago2025\/wp-json\/wp\/v2\/tags?post=481"}],"curies":[{"name":"wp","href":"https:\/\/api.w.org\/{rel}","templated":true}]}}