{"id":490,"date":"2025-05-29T10:41:21","date_gmt":"2025-05-29T08:41:21","guid":{"rendered":"\/infantaisabelarago2025\/?p=490"},"modified":"2025-06-16T10:44:41","modified_gmt":"2025-06-16T08:44:41","slug":"maig-juny-mural-pluges-sol-i-pintura-al-pati","status":"publish","type":"post","link":"\/infantaisabelarago2025\/maig-juny-mural-pluges-sol-i-pintura-al-pati\/","title":{"rendered":"Maig\/ juny: mural, pluges, sol i pintura al pati"},"content":{"rendered":"\n<p class=\"wp-block-paragraph\">Aquest mes de maig hem estat immersos en la <strong>producci\u00f3 final del mural<\/strong>. Vam comen\u00e7ar tra\u00e7ant, amb patrons a escala, les formes de cada element que representa els <strong>actius comunitaris i espais verds del barri<\/strong>. Tamb\u00e9 hem acabat de definir i treballar la <strong>paleta de colors definitiva<\/strong>.<\/p>\n\n\n\n<p class=\"wp-block-paragraph\">Un moment clau del proc\u00e9s ha estat escollir el <strong>t\u00edtol de la pe\u00e7a final<\/strong>:<br><em>\u201c<\/em><strong><em>H\u00e0bitat Habitat\u201d<\/em><\/strong><strong> <\/strong>Un nom que reflecteix molt b\u00e9 la connexi\u00f3 entre el barri, els espais naturals i la vida comunit\u00e0ria.<\/p>\n\n\n\n<p class=\"wp-block-paragraph\">Al llarg de diverses sessions, hem fet <strong>jornades de pintura col\u00b7lectiva<\/strong>. Primer hem pintat les formes generals a la paret, i despr\u00e9s, cada persona ha afegit <strong>detalls dels espais del barri i de les fruites i verdures<\/strong> que hav\u00edem seleccionat pr\u00e8viament. Tot aquest proc\u00e9s ha estat molt enriquidor, tant per al <strong>treball en equip<\/strong> com per a la <strong>traducci\u00f3 visual de les idees i dibuixos<\/strong> de cadasc\u00fa.<\/p>\n\n\n\n<p class=\"wp-block-paragraph\">Tamb\u00e9 hem realitzat una <strong>sessi\u00f3 de retrats<\/strong>, pensada per completar els continguts del <strong>fanz\u00edn final<\/strong>, que recollir\u00e0 tot el proc\u00e9s creatiu i les experi\u00e8ncies del grup.<\/p>\n\n\n\n<p class=\"wp-block-paragraph\">El <strong>pati interior del centre c\u00edvic<\/strong>, on hi ha l\u2019hortet, s\u2019ha convertit en un espai ideal per treballar. Ens ha perm\u00e8s sortir de l\u2019aula, fer din\u00e0miques m\u00e9s tranquil\u00b7les, conversar de manera informal, <strong>pintar, cuidar les plantes i compartir estones de qualitat<\/strong> com a grup.La pe\u00e7a final es <strong>presentar\u00e0 oficialment l\u201911 de juny<\/strong>, en un acte amb tot el grup de joves. Estem molt il\u00b7lusionats!<\/p>\n\n\n\n<figure class=\"wp-block-gallery has-nested-images columns-default is-cropped wp-block-gallery-1 is-layout-flex wp-block-gallery-is-layout-flex\">\n<figure class=\"wp-block-image size-large\"><img loading=\"lazy\" decoding=\"async\" width=\"768\" height=\"1024\" data-id=\"495\" src=\"\/infantaisabelarago2025\/wp-content\/uploads\/2025\/06\/IMG_20250513_114508-768x1024.jpg\" alt=\"\" class=\"wp-image-495\" srcset=\"\/infantaisabelarago2025\/wp-content\/uploads\/2025\/06\/IMG_20250513_114508-768x1024.jpg 768w, \/infantaisabelarago2025\/wp-content\/uploads\/2025\/06\/IMG_20250513_114508-225x300.jpg 225w, \/infantaisabelarago2025\/wp-content\/uploads\/2025\/06\/IMG_20250513_114508-1152x1536.jpg 1152w, \/infantaisabelarago2025\/wp-content\/uploads\/2025\/06\/IMG_20250513_114508-1536x2048.jpg 1536w, \/infantaisabelarago2025\/wp-content\/uploads\/2025\/06\/IMG_20250513_114508-scaled.jpg 1920w\" sizes=\"auto, (max-width: 767px) 89vw, (max-width: 1000px) 54vw, (max-width: 1071px) 543px, 580px\" \/><\/figure>\n\n\n\n<figure class=\"wp-block-image size-large\"><img loading=\"lazy\" decoding=\"async\" width=\"12000\" height=\"9000\" data-id=\"497\" src=\"\/infantaisabelarago2025\/wp-content\/uploads\/2025\/06\/IMG_20250603_125129.jpg\" alt=\"\" class=\"wp-image-497\"\/><\/figure>\n\n\n\n<figure class=\"wp-block-image size-large\"><img loading=\"lazy\" decoding=\"async\" width=\"12000\" height=\"9000\" data-id=\"496\" src=\"\/infantaisabelarago2025\/wp-content\/uploads\/2025\/06\/IMG_20250603_130116.jpg\" alt=\"\" class=\"wp-image-496\"\/><\/figure>\n\n\n\n<figure class=\"wp-block-image size-large\"><img loading=\"lazy\" decoding=\"async\" width=\"1024\" height=\"768\" data-id=\"491\" src=\"\/infantaisabelarago2025\/wp-content\/uploads\/2025\/06\/IMG_20250513_131037-1024x768.jpg\" alt=\"\" class=\"wp-image-491\" srcset=\"\/infantaisabelarago2025\/wp-content\/uploads\/2025\/06\/IMG_20250513_131037-1024x768.jpg 1024w, \/infantaisabelarago2025\/wp-content\/uploads\/2025\/06\/IMG_20250513_131037-300x225.jpg 300w, \/infantaisabelarago2025\/wp-content\/uploads\/2025\/06\/IMG_20250513_131037-768x576.jpg 768w, \/infantaisabelarago2025\/wp-content\/uploads\/2025\/06\/IMG_20250513_131037-1536x1152.jpg 1536w, \/infantaisabelarago2025\/wp-content\/uploads\/2025\/06\/IMG_20250513_131037-2048x1536.jpg 2048w\" sizes=\"auto, (max-width: 767px) 89vw, (max-width: 1000px) 54vw, (max-width: 1071px) 543px, 580px\" \/><\/figure>\n\n\n\n<figure class=\"wp-block-image size-large\"><img loading=\"lazy\" decoding=\"async\" width=\"1024\" height=\"768\" data-id=\"492\" src=\"\/infantaisabelarago2025\/wp-content\/uploads\/2025\/06\/IMG_20250603_125122-1024x768.jpg\" alt=\"\" class=\"wp-image-492\" srcset=\"\/infantaisabelarago2025\/wp-content\/uploads\/2025\/06\/IMG_20250603_125122-1024x768.jpg 1024w, \/infantaisabelarago2025\/wp-content\/uploads\/2025\/06\/IMG_20250603_125122-300x225.jpg 300w, \/infantaisabelarago2025\/wp-content\/uploads\/2025\/06\/IMG_20250603_125122-768x576.jpg 768w, \/infantaisabelarago2025\/wp-content\/uploads\/2025\/06\/IMG_20250603_125122-1536x1152.jpg 1536w, \/infantaisabelarago2025\/wp-content\/uploads\/2025\/06\/IMG_20250603_125122-2048x1536.jpg 2048w\" sizes=\"auto, (max-width: 767px) 89vw, (max-width: 1000px) 54vw, (max-width: 1071px) 543px, 580px\" \/><\/figure>\n\n\n\n<figure class=\"wp-block-image size-large\"><img loading=\"lazy\" decoding=\"async\" width=\"768\" height=\"1024\" data-id=\"493\" src=\"\/infantaisabelarago2025\/wp-content\/uploads\/2025\/06\/IMG_20250513_123654-768x1024.jpg\" alt=\"\" class=\"wp-image-493\" srcset=\"\/infantaisabelarago2025\/wp-content\/uploads\/2025\/06\/IMG_20250513_123654-768x1024.jpg 768w, \/infantaisabelarago2025\/wp-content\/uploads\/2025\/06\/IMG_20250513_123654-225x300.jpg 225w, \/infantaisabelarago2025\/wp-content\/uploads\/2025\/06\/IMG_20250513_123654-1152x1536.jpg 1152w, \/infantaisabelarago2025\/wp-content\/uploads\/2025\/06\/IMG_20250513_123654-1536x2048.jpg 1536w, \/infantaisabelarago2025\/wp-content\/uploads\/2025\/06\/IMG_20250513_123654-scaled.jpg 1920w\" sizes=\"auto, (max-width: 767px) 89vw, (max-width: 1000px) 54vw, (max-width: 1071px) 543px, 580px\" \/><\/figure>\n\n\n\n<figure class=\"wp-block-image size-large\"><img loading=\"lazy\" decoding=\"async\" width=\"768\" height=\"1024\" data-id=\"494\" src=\"\/infantaisabelarago2025\/wp-content\/uploads\/2025\/06\/IMG_20250513_122121-768x1024.jpg\" alt=\"\" class=\"wp-image-494\" srcset=\"\/infantaisabelarago2025\/wp-content\/uploads\/2025\/06\/IMG_20250513_122121-768x1024.jpg 768w, \/infantaisabelarago2025\/wp-content\/uploads\/2025\/06\/IMG_20250513_122121-225x300.jpg 225w, \/infantaisabelarago2025\/wp-content\/uploads\/2025\/06\/IMG_20250513_122121-1152x1536.jpg 1152w, \/infantaisabelarago2025\/wp-content\/uploads\/2025\/06\/IMG_20250513_122121-1536x2048.jpg 1536w, \/infantaisabelarago2025\/wp-content\/uploads\/2025\/06\/IMG_20250513_122121-scaled.jpg 1920w\" sizes=\"auto, (max-width: 767px) 89vw, (max-width: 1000px) 54vw, (max-width: 1071px) 543px, 580px\" \/><\/figure>\n<\/figure>\n","protected":false},"excerpt":{"rendered":"<p>Aquest mes de maig hem estat immersos en la producci\u00f3 final del mural. Vam comen\u00e7ar tra\u00e7ant, amb patrons a escala, les formes de cada element que representa els actius comunitaris i espais verds del barri. Tamb\u00e9 hem acabat de definir i treballar la paleta de colors definitiva. Un moment clau del proc\u00e9s ha estat escollir &hellip; <\/p>\n<p class=\"link-more\"><a href=\"\/infantaisabelarago2025\/maig-juny-mural-pluges-sol-i-pintura-al-pati\/\" class=\"more-link\">Continua llegint <span class=\"screen-reader-text\">\u00abMaig\/ juny: mural, pluges, sol i pintura al pati\u00bb<\/span><\/a><\/p>\n","protected":false},"author":13,"featured_media":0,"comment_status":"open","ping_status":"open","sticky":false,"template":"","format":"standard","meta":{"footnotes":""},"categories":[1],"tags":[],"class_list":["post-490","post","type-post","status-publish","format-standard","hentry","category-general"],"_links":{"self":[{"href":"\/infantaisabelarago2025\/wp-json\/wp\/v2\/posts\/490","targetHints":{"allow":["GET"]}}],"collection":[{"href":"\/infantaisabelarago2025\/wp-json\/wp\/v2\/posts"}],"about":[{"href":"\/infantaisabelarago2025\/wp-json\/wp\/v2\/types\/post"}],"author":[{"embeddable":true,"href":"\/infantaisabelarago2025\/wp-json\/wp\/v2\/users\/13"}],"replies":[{"embeddable":true,"href":"\/infantaisabelarago2025\/wp-json\/wp\/v2\/comments?post=490"}],"version-history":[{"count":1,"href":"\/infantaisabelarago2025\/wp-json\/wp\/v2\/posts\/490\/revisions"}],"predecessor-version":[{"id":498,"href":"\/infantaisabelarago2025\/wp-json\/wp\/v2\/posts\/490\/revisions\/498"}],"wp:attachment":[{"href":"\/infantaisabelarago2025\/wp-json\/wp\/v2\/media?parent=490"}],"wp:term":[{"taxonomy":"category","embeddable":true,"href":"\/infantaisabelarago2025\/wp-json\/wp\/v2\/categories?post=490"},{"taxonomy":"post_tag","embeddable":true,"href":"\/infantaisabelarago2025\/wp-json\/wp\/v2\/tags?post=490"}],"curies":[{"name":"wp","href":"https:\/\/api.w.org\/{rel}","templated":true}]}}