{"id":500,"date":"2025-06-16T11:00:31","date_gmt":"2025-06-16T09:00:31","guid":{"rendered":"\/infantaisabelarago2025\/?p=500"},"modified":"2025-06-30T17:20:20","modified_gmt":"2025-06-30T15:20:20","slug":"presentacio-11-de-juny-habitat-habitat-a-lhortet-del-centre-civic-sant-marti","status":"publish","type":"post","link":"\/infantaisabelarago2025\/presentacio-11-de-juny-habitat-habitat-a-lhortet-del-centre-civic-sant-marti\/","title":{"rendered":"Presentaci\u00f3 11 de juny: H\u00e0bitat Habitat a l\u2019Hortet del Centre C\u00edvic Sant Mart\u00ed"},"content":{"rendered":"\n<p class=\"wp-block-paragraph\">El passat dimecres 11 de juny vam inaugurar el mural <em>H\u00e0bitat Habitat<\/em>, un projecte col\u00b7lectiu que hem portat a terme durant les \u00faltimes tres setmanes amb molt d\u2019esfor\u00e7 i il\u00b7lusi\u00f3. Aquest mural no nom\u00e9s \u00e9s una obra art\u00edstica, sin\u00f3 tamb\u00e9 el reflex d\u2019un proc\u00e9s de treball en equip, de debats i de connexi\u00f3 amb l\u2019espai verd del barri.<\/p>\n\n\n\n<h3 class=\"wp-block-heading\"><strong>La preparaci\u00f3<\/strong>: abans de la presentaci\u00f3, vam dedicar temps a decorar l\u2019espai, organitzar els materials i preparar tot perqu\u00e8 la inauguraci\u00f3 fos especial. Vam crear fins i tot <strong>camisetes personalitzades<\/strong> amb estils de graffiti per a cada participant, convertint-nos en part viva del projecte.<\/h3>\n\n\n\n<h3 class=\"wp-block-heading\"><strong>La presentaci\u00f3, pas a pas<\/strong><\/h3>\n\n\n\n<ul class=\"wp-block-list\">\n<li><strong>Introducci\u00f3 al projecte:<\/strong> Vam explicar el marc d&#8217;E<em>n Resid\u00e8ncia<\/em> i presentar les persones i equips que han fet possible el mural.<\/li>\n\n\n\n<li><strong>Explicaci\u00f3 del mural:<\/strong> Vam descriure la seva concepci\u00f3, les diferents parts que el conformen i la relaci\u00f3 amb els <strong>espais verds i els equipaments del barri<\/strong>, temes que tamb\u00e9 es recullen al fanzine.<\/li>\n\n\n\n<li><strong>Connexi\u00f3 amb l\u2019hort:<\/strong> Vam parlar de la vinculaci\u00f3 del mural amb l\u2019Hortet del Centre C\u00edvic, destacant el cultiu de <strong>fruites i verdures de temporada<\/strong> com a element central.<\/li>\n\n\n\n<li><strong>Llan\u00e7ament del fanzine:<\/strong> Vam presentar aquesta publicaci\u00f3, que documenta tot el proc\u00e9s creatiu, inclou els diferents blocs de contingut i ofereix claus per entendre millor el mural.<\/li>\n\n\n\n<li><strong>Din\u00e0mica participativa:<\/strong> Els assistents van poder dibuixar la seva part preferida del barri en afegint-hi la seva veu al projecte.<\/li>\n<\/ul>\n\n\n\n<p class=\"wp-block-paragraph\">La trobada va acabar amb un <strong>intercanvi d\u2019opinions i preguntes<\/strong>, on vam poder aprofundir en algunes de les q\u00fcestions que van sorgir durant el proc\u00e9s, amb la participaci\u00f3 tant de joves com de mestres i altres membres de la comunitat.<\/p>\n\n\n\n<h3 class=\"wp-block-heading\"><strong>Visita el mural i descobreix el fanz\u00edn<\/strong> !<\/h3>\n\n\n\n<p class=\"wp-block-paragraph\">El mural ja forma part del paisatge urb\u00e0 i podeu visitar-lo <strong>quan vulgueu<\/strong> a l\u2019Hortet del Centre C\u00edvic Sant Mart\u00ed. Si voleu saber-ne m\u00e9s, podeu consultar el <strong>fanz\u00edn complet<\/strong> (<a href=\"https:\/\/drive.google.com\/file\/d\/1I9ZG5tB33YD734QiSl4IABVVujmx1UNU\/view?usp=sharing\" data-type=\"link\" data-id=\"https:\/\/drive.google.com\/file\/d\/1I9ZG5tB33YD734QiSl4IABVVujmx1UNU\/view?usp=sharing\">enlla\u00e7 aqu\u00ed<\/a>), on trobareu tot el treball que hi ha darrere.<\/p>\n\n\n\n<p class=\"wp-block-paragraph\">Us animem a apropar-vos, a gaudir de l\u2019art i a seguir construint junts un barri m\u00e9s verd i m\u00e9s creatiu.<\/p>\n\n\n\n<div class=\"wp-block-columns is-layout-flex wp-container-core-columns-is-layout-8f761849 wp-block-columns-is-layout-flex\">\n<div class=\"wp-block-column is-layout-flow wp-block-column-is-layout-flow\" style=\"flex-basis:100%\">\n<figure class=\"wp-block-gallery has-nested-images columns-default is-cropped wp-block-gallery-1 is-layout-flex wp-block-gallery-is-layout-flex\">\n<figure class=\"wp-block-image size-large\"><img loading=\"lazy\" decoding=\"async\" width=\"12000\" height=\"9000\" data-id=\"507\" src=\"\/infantaisabelarago2025\/wp-content\/uploads\/2025\/06\/IMG_20250611_154217.jpg\" alt=\"\" class=\"wp-image-507\"\/><\/figure>\n\n\n\n<figure class=\"wp-block-image size-large\"><img loading=\"lazy\" decoding=\"async\" width=\"768\" height=\"1024\" data-id=\"502\" src=\"\/infantaisabelarago2025\/wp-content\/uploads\/2025\/06\/IMG_20250611_164729-768x1024.jpg\" alt=\"\" class=\"wp-image-502\" srcset=\"\/infantaisabelarago2025\/wp-content\/uploads\/2025\/06\/IMG_20250611_164729-768x1024.jpg 768w, \/infantaisabelarago2025\/wp-content\/uploads\/2025\/06\/IMG_20250611_164729-225x300.jpg 225w, \/infantaisabelarago2025\/wp-content\/uploads\/2025\/06\/IMG_20250611_164729-1152x1536.jpg 1152w, \/infantaisabelarago2025\/wp-content\/uploads\/2025\/06\/IMG_20250611_164729-1536x2048.jpg 1536w, \/infantaisabelarago2025\/wp-content\/uploads\/2025\/06\/IMG_20250611_164729-scaled.jpg 1920w\" sizes=\"auto, (max-width: 767px) 89vw, (max-width: 1000px) 54vw, (max-width: 1071px) 543px, 580px\" \/><\/figure>\n\n\n\n<figure class=\"wp-block-image size-large\"><img loading=\"lazy\" decoding=\"async\" width=\"1024\" height=\"768\" data-id=\"501\" src=\"\/infantaisabelarago2025\/wp-content\/uploads\/2025\/06\/IMG_20250611_171546-1024x768.jpg\" alt=\"\" class=\"wp-image-501\" srcset=\"\/infantaisabelarago2025\/wp-content\/uploads\/2025\/06\/IMG_20250611_171546-1024x768.jpg 1024w, \/infantaisabelarago2025\/wp-content\/uploads\/2025\/06\/IMG_20250611_171546-300x225.jpg 300w, \/infantaisabelarago2025\/wp-content\/uploads\/2025\/06\/IMG_20250611_171546-768x576.jpg 768w, \/infantaisabelarago2025\/wp-content\/uploads\/2025\/06\/IMG_20250611_171546-1536x1152.jpg 1536w, \/infantaisabelarago2025\/wp-content\/uploads\/2025\/06\/IMG_20250611_171546-2048x1536.jpg 2048w\" sizes=\"auto, (max-width: 767px) 89vw, (max-width: 1000px) 54vw, (max-width: 1071px) 543px, 580px\" \/><\/figure>\n\n\n\n<figure class=\"wp-block-image size-large\"><img loading=\"lazy\" decoding=\"async\" width=\"1024\" height=\"768\" data-id=\"504\" src=\"\/infantaisabelarago2025\/wp-content\/uploads\/2025\/06\/IMG_20250611_171737-1024x768.jpg\" alt=\"\" class=\"wp-image-504\" srcset=\"\/infantaisabelarago2025\/wp-content\/uploads\/2025\/06\/IMG_20250611_171737-1024x768.jpg 1024w, \/infantaisabelarago2025\/wp-content\/uploads\/2025\/06\/IMG_20250611_171737-300x225.jpg 300w, \/infantaisabelarago2025\/wp-content\/uploads\/2025\/06\/IMG_20250611_171737-768x576.jpg 768w, \/infantaisabelarago2025\/wp-content\/uploads\/2025\/06\/IMG_20250611_171737-1536x1152.jpg 1536w, \/infantaisabelarago2025\/wp-content\/uploads\/2025\/06\/IMG_20250611_171737-2048x1536.jpg 2048w\" sizes=\"auto, (max-width: 767px) 89vw, (max-width: 1000px) 54vw, (max-width: 1071px) 543px, 580px\" \/><\/figure>\n\n\n\n<figure class=\"wp-block-image size-large\"><img loading=\"lazy\" decoding=\"async\" width=\"1024\" height=\"768\" data-id=\"503\" src=\"\/infantaisabelarago2025\/wp-content\/uploads\/2025\/06\/IMG_20250611_165058-1024x768.jpg\" alt=\"\" class=\"wp-image-503\" srcset=\"\/infantaisabelarago2025\/wp-content\/uploads\/2025\/06\/IMG_20250611_165058-1024x768.jpg 1024w, \/infantaisabelarago2025\/wp-content\/uploads\/2025\/06\/IMG_20250611_165058-300x225.jpg 300w, \/infantaisabelarago2025\/wp-content\/uploads\/2025\/06\/IMG_20250611_165058-768x576.jpg 768w, \/infantaisabelarago2025\/wp-content\/uploads\/2025\/06\/IMG_20250611_165058-1536x1152.jpg 1536w, \/infantaisabelarago2025\/wp-content\/uploads\/2025\/06\/IMG_20250611_165058-2048x1536.jpg 2048w\" sizes=\"auto, (max-width: 767px) 89vw, (max-width: 1000px) 54vw, (max-width: 1071px) 543px, 580px\" \/><\/figure>\n\n\n\n<figure class=\"wp-block-image size-large\"><img loading=\"lazy\" decoding=\"async\" width=\"1024\" height=\"768\" data-id=\"506\" src=\"\/infantaisabelarago2025\/wp-content\/uploads\/2025\/06\/IMG_20250611_165540-1024x768.jpg\" alt=\"\" class=\"wp-image-506\" srcset=\"\/infantaisabelarago2025\/wp-content\/uploads\/2025\/06\/IMG_20250611_165540-1024x768.jpg 1024w, \/infantaisabelarago2025\/wp-content\/uploads\/2025\/06\/IMG_20250611_165540-300x225.jpg 300w, \/infantaisabelarago2025\/wp-content\/uploads\/2025\/06\/IMG_20250611_165540-768x576.jpg 768w, \/infantaisabelarago2025\/wp-content\/uploads\/2025\/06\/IMG_20250611_165540-1536x1152.jpg 1536w, \/infantaisabelarago2025\/wp-content\/uploads\/2025\/06\/IMG_20250611_165540-2048x1536.jpg 2048w\" sizes=\"auto, (max-width: 767px) 89vw, (max-width: 1000px) 54vw, (max-width: 1071px) 543px, 580px\" \/><\/figure>\n\n\n\n<figure class=\"wp-block-image size-large\"><img loading=\"lazy\" decoding=\"async\" width=\"1024\" height=\"768\" data-id=\"508\" src=\"\/infantaisabelarago2025\/wp-content\/uploads\/2025\/06\/IMG_20250611_163531-1024x768.jpg\" alt=\"\" class=\"wp-image-508\" srcset=\"\/infantaisabelarago2025\/wp-content\/uploads\/2025\/06\/IMG_20250611_163531-1024x768.jpg 1024w, \/infantaisabelarago2025\/wp-content\/uploads\/2025\/06\/IMG_20250611_163531-300x225.jpg 300w, \/infantaisabelarago2025\/wp-content\/uploads\/2025\/06\/IMG_20250611_163531-768x576.jpg 768w, \/infantaisabelarago2025\/wp-content\/uploads\/2025\/06\/IMG_20250611_163531-1536x1152.jpg 1536w, \/infantaisabelarago2025\/wp-content\/uploads\/2025\/06\/IMG_20250611_163531-2048x1536.jpg 2048w\" sizes=\"auto, (max-width: 767px) 89vw, (max-width: 1000px) 54vw, (max-width: 1071px) 543px, 580px\" \/><\/figure>\n<\/figure>\n<\/div>\n<\/div>\n\n\n\n<p class=\"wp-block-paragraph\"><\/p>\n","protected":false},"excerpt":{"rendered":"<p>El passat dimecres 11 de juny vam inaugurar el mural H\u00e0bitat Habitat, un projecte col\u00b7lectiu que hem portat a terme durant les \u00faltimes tres setmanes amb molt d\u2019esfor\u00e7 i il\u00b7lusi\u00f3. Aquest mural no nom\u00e9s \u00e9s una obra art\u00edstica, sin\u00f3 tamb\u00e9 el reflex d\u2019un proc\u00e9s de treball en equip, de debats i de connexi\u00f3 amb l\u2019espai &hellip; <\/p>\n<p class=\"link-more\"><a href=\"\/infantaisabelarago2025\/presentacio-11-de-juny-habitat-habitat-a-lhortet-del-centre-civic-sant-marti\/\" class=\"more-link\">Continua llegint <span class=\"screen-reader-text\">\u00abPresentaci\u00f3 11 de juny: H\u00e0bitat Habitat a l\u2019Hortet del Centre C\u00edvic Sant Mart\u00ed\u00bb<\/span><\/a><\/p>\n","protected":false},"author":13,"featured_media":0,"comment_status":"open","ping_status":"open","sticky":false,"template":"","format":"standard","meta":{"footnotes":""},"categories":[1],"tags":[],"class_list":["post-500","post","type-post","status-publish","format-standard","hentry","category-general"],"_links":{"self":[{"href":"\/infantaisabelarago2025\/wp-json\/wp\/v2\/posts\/500","targetHints":{"allow":["GET"]}}],"collection":[{"href":"\/infantaisabelarago2025\/wp-json\/wp\/v2\/posts"}],"about":[{"href":"\/infantaisabelarago2025\/wp-json\/wp\/v2\/types\/post"}],"author":[{"embeddable":true,"href":"\/infantaisabelarago2025\/wp-json\/wp\/v2\/users\/13"}],"replies":[{"embeddable":true,"href":"\/infantaisabelarago2025\/wp-json\/wp\/v2\/comments?post=500"}],"version-history":[{"count":3,"href":"\/infantaisabelarago2025\/wp-json\/wp\/v2\/posts\/500\/revisions"}],"predecessor-version":[{"id":513,"href":"\/infantaisabelarago2025\/wp-json\/wp\/v2\/posts\/500\/revisions\/513"}],"wp:attachment":[{"href":"\/infantaisabelarago2025\/wp-json\/wp\/v2\/media?parent=500"}],"wp:term":[{"taxonomy":"category","embeddable":true,"href":"\/infantaisabelarago2025\/wp-json\/wp\/v2\/categories?post=500"},{"taxonomy":"post_tag","embeddable":true,"href":"\/infantaisabelarago2025\/wp-json\/wp\/v2\/tags?post=500"}],"curies":[{"name":"wp","href":"https:\/\/api.w.org\/{rel}","templated":true}]}}