{"id":381,"date":"2025-01-14T20:08:10","date_gmt":"2025-01-14T18:08:10","guid":{"rendered":"\/jaumebalmes2025\/?p=381"},"modified":"2025-02-08T10:39:19","modified_gmt":"2025-02-08T08:39:19","slug":"larribada-la-presentacio-i-la-coneixenca-mutua","status":"publish","type":"post","link":"\/jaumebalmes2025\/larribada-la-presentacio-i-la-coneixenca-mutua\/","title":{"rendered":"L\u2019arribada. La presentaci\u00f3 i la coneixen\u00e7a m\u00fatua"},"content":{"rendered":"\n<p class=\"wp-block-paragraph\">L\u2019arribada de l\u2019artista a l\u2019aula \u00e9s un moment esperat amb incertesa per tothom. Per mi com a docent, perqu\u00e8 espero que tot encaixi, que l\u2019artista es trobi a gust i l\u2019alumnat s\u2019hi senti c\u00f2mode i es puguin generar sinergies que permetin aprenentatge profund sobre el fet art\u00edstic.&nbsp;<\/p>\n\n\n\n<p class=\"wp-block-paragraph\">L\u2019artista resident s\u2019enfronta a una situaci\u00f3 totalment desconeguda per ell, amb unes expectatives que s\u2019hauran d\u2019anar matisant i contextualitzant.<\/p>\n\n\n\n<p class=\"wp-block-paragraph\">L\u2019alumnat tamb\u00e9 est\u00e0 expectant, perqu\u00e8 tamb\u00e9 \u00e9s un fet nou per ells que un professional d\u2019un \u00e0mbit s\u2019incorpori a l\u2019aula durant tot el curs i, de fet, aix\u00ed ho manifesten.<\/p>\n\n\n\n<p class=\"wp-block-paragraph\"><em>El dijous 3 d&#8217;octubre va venir en Pere Llobera, l&#8217;artista del que ens havien estat parlant els darrers dies. Tots est\u00e0vem molt emocionats de con\u00e8ixer-lo i de saber que ens explicaria aquesta persona que es dedica completament a l&#8217;art com el seu ofici.<\/em> (Ariadna)<\/p>\n\n\n\n<p class=\"wp-block-paragraph\"><em>Va ser el nostre primer dia amb el Pere Llobera.&nbsp; Com seria aix\u00f2 de tenir una artista a classe? Com seria compartir l&#8217;aula entre molts adults?<\/em> (San\u00e7a)<\/p>\n\n\n\n<p class=\"wp-block-paragraph\"><em>Ens vam seure en unes cadires situades davant de la pissara digital, impacients i expectants per qu\u00e8 era all\u00f2 que ens anava a explicar aquesta persona tan curiosa que acabava d&#8217;entrar a la nostra classe. Quan va acabar la seva presentaci\u00f3 ens vam sentir encara m\u00e9s c\u00f2modes i ens va donar grans expectatives per comen\u00e7ar el projecte, ens va preguntar per all\u00f2 que ens agradava i all\u00f2 que voliem fer, ens va fer ensenyar-li dibuixos que hav\u00edem fet i que m\u00e9s ens havien agradat.<\/em> (Cloe)<\/p>\n\n\n\n<p class=\"wp-block-paragraph\"><em>Ens va fer una petita introducci\u00f3, ens va explicar coses sobre la seva professi\u00f3 i m\u00e9s profundament a que es dedicava.<\/em><\/p>\n\n\n\n<p class=\"wp-block-paragraph\"><em>Va fer una presentaci\u00f3 amb imatges d&#8217;antics projectes seus. El que m\u00e9s em va agradar va ser la seva fotografia imitant els c\u00f2mics de Mortadelo y Filem\u00f3n, tot i estar inacabada em va agradar com de realista i detallista era amb una mica d&#8217;humor.<\/em> (J\u00falia B.)<\/p>\n\n\n\n<p class=\"wp-block-paragraph\"><em>M&#8217;ha agradat molt poder con\u00e8ixer a un artista i veure algunes de les seves obres.<\/em><\/p>\n\n\n\n<p class=\"wp-block-paragraph\"><em>Tamb\u00e9 m&#8217;ha agradat molt que ens vulgui encoratjar a fer el batxillerat art\u00edstic a la gent que ens ho est\u00e0vem pensant o no est\u00e0vem segurs de si fer-ho o no encara. <\/em>(Ariadna)<\/p>\n\n\n\n<p class=\"wp-block-paragraph\"><em>Ens va mostrar el lloc on treballa i unes imatges del seu treball. Despr\u00e9s vam parlar una estona i ens va dir que per les pr\u00f2ximes classes hav\u00edem portat unes imatges que ens representin o ens agradin per poder veure com som i que ens agrada. <\/em>(Evelyn)<\/p>\n\n\n\n<p class=\"wp-block-paragraph\"><em>Ha estat una activitat molt tranquil\u00b7la i crec que molt bona per comen\u00e7ar a con\u00e8ixer-nos. M&#8217;ha agradat molt que ens enseny\u00e9s les seves obres d&#8217;art i ens expliqu\u00e9s el significat ja que crec que ens ajuda a saber m\u00e9s sobre ell.<\/em> (Matilde)<\/p>\n\n\n\n<p class=\"wp-block-paragraph\">Dues sessions despr\u00e9s, cada alumne ha portat una imatge d\u2019alguna cosa que creu que el representa. Les hem compartit i comentat durant una part de la classe i ha ajudat molt a que el Pere, per\u00f2 tamb\u00e9 jo i els mediadors i la resta de companys haguem conegut cadascun dels membres del grup.&nbsp;<\/p>\n\n\n\n<p class=\"wp-block-paragraph\"><em>Avui hem compartit les nostres imatges que ens representen. Cadasc\u00fa ha posat una i hem fet una presentaci\u00f3 amb totes. Tothom ha explicat per que l&#8217;ha triat. Aquesta \u00e9s la meva fotografia, em representa perqu\u00e8 aquest \u00e9s com el meu lloc segur, amb pau i tranquil\u00b7litat. \u00c9s a Menorca, l&#8217;illa d&#8217;on \u00e9s la meva fam\u00edlia.<\/em> (J\u00falia B.)<\/p>\n\n\n\n<p class=\"wp-block-paragraph\"><em>En aquesta classe hem comentat les fotos que alguns van enviar i han explicat per qu\u00e8 la van enviar ja si era per alguna cosa que els agrada, que els identifica o nom\u00e9s una foto que ells van fer i que els agrada.<\/em><em>Aquest dia ha estat molt divertit, ja que a m\u00e9s que el Pere ens ha conegut, nosaltres tamb\u00e9 hem pogut saber una mica m\u00e9s de nosaltres com a classe i hem vist fotos molt boniques i algunes explicacions una mica gracioses.<\/em> (Evelyn)<\/p>\n\n\n\n<figure class=\"wp-block-image\"><img decoding=\"async\" src=\"https:\/\/lh7-rt.googleusercontent.com\/docsz\/AD_4nXdyrmN6ewJmqznOesD9R8ReVTVEhuaZmShTE4yZr7lOjq3c44SiH7e5yGKiKm8kkiiLwL5kEUtIbAnDoDAQGEBeH3l8BmEKiJZQQWdRr4awOCS02TTRCWR9k1g5Pb7IvgsfnqRhvw?key=A2yplQVyqj8AdYO5Bco4oMFA\" alt=\"\"\/><\/figure>\n\n\n\n<figure class=\"wp-block-image\"><img decoding=\"async\" src=\"https:\/\/lh7-rt.googleusercontent.com\/docsz\/AD_4nXd_GYouzsBP9NoweYmU9_YE2cshJ_pHnp0ja9_mFy-wkJt4lEU9kPrJmMAmpAG6b4E_d_lpeSuW3lM4Wx40yMGqxdqILAC18DZkP05TXzWDQHKYA6Yf4CLZWctRDvdSNMqYG1jz1Q?key=A2yplQVyqj8AdYO5Bco4oMFA\" alt=\"\"\/><\/figure>\n\n\n\n<figure class=\"wp-block-image\"><img decoding=\"async\" src=\"https:\/\/lh7-rt.googleusercontent.com\/docsz\/AD_4nXflUbd84f8rkoYX_uuiB1pBuSjDjDj0Way9lM04b_C-HesKvMtE6sfbVWE9VHG3fzYg5er5tCCPj1avdwzrrXSNs6OMNgfUn1pXBKQUIjwVfcrj22LRGgzAQ_y0IZzXKyeMrZH8-Q?key=A2yplQVyqj8AdYO5Bco4oMFA\" alt=\"\"\/><\/figure>\n\n\n\n<figure class=\"wp-block-image\"><img decoding=\"async\" src=\"https:\/\/lh7-rt.googleusercontent.com\/docsz\/AD_4nXdQ8EKTRFv7V2dFbki-8kTlhOTrpJ06BH76kXHy06puMpo7qx0kdu0lmdFBNx6vmVdy1-472D-M1BtRHdKIi9IO5yz3o-q6bMIfc7h6AEKyqC4S-5LkYZqoqzP_bnTU6VohHU0b-Q?key=A2yplQVyqj8AdYO5Bco4oMFA\" alt=\"\"\/><\/figure>\n\n\n\n<figure class=\"wp-block-image\"><img decoding=\"async\" src=\"https:\/\/lh7-rt.googleusercontent.com\/docsz\/AD_4nXeor2ZnEaS0gG6Oz5s0sANxlatOTf_1SiiypMibR0bsvNuWwG9wqTlFgmViKazdr-Ju4qTNL7GlEKcpQPH9fQWxihhwnjap27Myc4-0f3sbG1iLpdK7_s69mzV1IuSWDYTpEZw8_g?key=A2yplQVyqj8AdYO5Bco4oMFA\" alt=\"\"\/><\/figure>\n\n\n\n<p class=\"wp-block-paragraph\"><\/p>\n","protected":false},"excerpt":{"rendered":"<p>L\u2019arribada de l\u2019artista a l\u2019aula \u00e9s un moment esperat amb incertesa per tothom. Per mi com a docent, perqu\u00e8 espero que tot encaixi, que l\u2019artista es trobi a gust i l\u2019alumnat s\u2019hi senti c\u00f2mode i es puguin generar sinergies que permetin aprenentatge profund sobre el fet art\u00edstic.&nbsp; L\u2019artista resident s\u2019enfronta a una situaci\u00f3 totalment desconeguda &hellip; <\/p>\n<p class=\"link-more\"><a href=\"\/jaumebalmes2025\/larribada-la-presentacio-i-la-coneixenca-mutua\/\" class=\"more-link\">Continua llegint <span class=\"screen-reader-text\">\u00abL\u2019arribada. La presentaci\u00f3 i la coneixen\u00e7a m\u00fatua\u00bb<\/span><\/a><\/p>\n","protected":false},"author":15,"featured_media":0,"comment_status":"open","ping_status":"open","sticky":false,"template":"","format":"standard","meta":{"footnotes":""},"categories":[1],"tags":[5,8,7,6],"class_list":["post-381","post","type-post","status-publish","format-standard","hentry","category-general","tag-inici","tag-llobera","tag-pere","tag-presentacio"],"_links":{"self":[{"href":"\/jaumebalmes2025\/wp-json\/wp\/v2\/posts\/381","targetHints":{"allow":["GET"]}}],"collection":[{"href":"\/jaumebalmes2025\/wp-json\/wp\/v2\/posts"}],"about":[{"href":"\/jaumebalmes2025\/wp-json\/wp\/v2\/types\/post"}],"author":[{"embeddable":true,"href":"\/jaumebalmes2025\/wp-json\/wp\/v2\/users\/15"}],"replies":[{"embeddable":true,"href":"\/jaumebalmes2025\/wp-json\/wp\/v2\/comments?post=381"}],"version-history":[{"count":3,"href":"\/jaumebalmes2025\/wp-json\/wp\/v2\/posts\/381\/revisions"}],"predecessor-version":[{"id":384,"href":"\/jaumebalmes2025\/wp-json\/wp\/v2\/posts\/381\/revisions\/384"}],"wp:attachment":[{"href":"\/jaumebalmes2025\/wp-json\/wp\/v2\/media?parent=381"}],"wp:term":[{"taxonomy":"category","embeddable":true,"href":"\/jaumebalmes2025\/wp-json\/wp\/v2\/categories?post=381"},{"taxonomy":"post_tag","embeddable":true,"href":"\/jaumebalmes2025\/wp-json\/wp\/v2\/tags?post=381"}],"curies":[{"name":"wp","href":"https:\/\/api.w.org\/{rel}","templated":true}]}}