{"id":404,"date":"2025-02-11T17:31:14","date_gmt":"2025-02-11T15:31:14","guid":{"rendered":"\/jaumebalmes2025\/?p=404"},"modified":"2025-02-08T17:48:56","modified_gmt":"2025-02-08T15:48:56","slug":"coneixer-artistes-i-fer-los-ressonar","status":"publish","type":"post","link":"\/jaumebalmes2025\/coneixer-artistes-i-fer-los-ressonar\/","title":{"rendered":"Con\u00e8ixer artistes i fer-los ressonar"},"content":{"rendered":"\n<p class=\"wp-block-paragraph\">Despr\u00e9s d&#8217;introduir el treball de taller, molt centrat en el dibuix del natural \u00abold style\u00bb, el Pere va preparar una classe \u00abte\u00f2rica\u00bb on va presentar possibles referents per les obres que proposaven formes art\u00edstiques totalment diferents i que trencaven amb la mirada complaent del dibuix figuratiu, i que provocaven reaccions. Els nois i noies van aterrar de ple en l&#8217;art contemporani.<\/p>\n\n\n\n<p class=\"wp-block-paragraph\">El treball a l&#8217;aula tamb\u00e9 va generar un di\u00e0leg molt interessant a nivell inter-generacional. El millor exemple, el de Keith Haring i l&#8217;impacte de la SIDA a finals dels -80 i principis dels -90<\/p>\n\n\n\n<figure class=\"wp-block-image size-large\"><a href=\"https:\/\/d2zy2h1755x359.cloudfront.net\/public\/DigitalAsset\/74f4a83a-00cd-4460-9bd5-e1e05012629d\/5f984758f4aafff59f95205add87a0fa\/full\/original\/0\/default.mov\"><img loading=\"lazy\" decoding=\"async\" width=\"1024\" height=\"487\" src=\"\/jaumebalmes2025\/wp-content\/uploads\/2025\/02\/2025-02-08-17_01_36-Keith-Haring.-La-recuperacio-dun-mural-emblematic-Enregistrament-audiovisual-p-1024x487.jpg\" alt=\"\" class=\"wp-image-408\" srcset=\"\/jaumebalmes2025\/wp-content\/uploads\/2025\/02\/2025-02-08-17_01_36-Keith-Haring.-La-recuperacio-dun-mural-emblematic-Enregistrament-audiovisual-p-1024x487.jpg 1024w, \/jaumebalmes2025\/wp-content\/uploads\/2025\/02\/2025-02-08-17_01_36-Keith-Haring.-La-recuperacio-dun-mural-emblematic-Enregistrament-audiovisual-p-300x143.jpg 300w, \/jaumebalmes2025\/wp-content\/uploads\/2025\/02\/2025-02-08-17_01_36-Keith-Haring.-La-recuperacio-dun-mural-emblematic-Enregistrament-audiovisual-p-768x365.jpg 768w, \/jaumebalmes2025\/wp-content\/uploads\/2025\/02\/2025-02-08-17_01_36-Keith-Haring.-La-recuperacio-dun-mural-emblematic-Enregistrament-audiovisual-p.jpg 1526w\" sizes=\"auto, (max-width: 767px) 89vw, (max-width: 1000px) 54vw, (max-width: 1071px) 543px, 580px\" \/><\/a><\/figure>\n\n\n\n<figure class=\"wp-block-image size-large\"><img decoding=\"async\" src=\"https:\/\/d2zy2h1755x359.cloudfront.net\/public\/DigitalAsset\/74f4a83a-00cd-4460-9bd5-e1e05012629d\/5f984758f4aafff59f95205add87a0fa\/full\/original\/0\/default.mov\" alt=\"\"\/><\/figure>\n\n\n\n<p class=\"wp-block-paragraph\"><em>Aquest dia va ser molt interessant perqu\u00e8 vam estar comentant unes fotos que el Pere havia portat ja preparades a la classe\u00a0 i vam estar com interpretant el que pens\u00e0vem que expressava la foto i despr\u00e9s ens deia quina era la idea principal que tenia l&#8217;autor <\/em><strong>(Evelyn)<\/strong><\/p>\n\n\n\n<p class=\"wp-block-paragraph\"><em>Pere vino con varias im\u00e1genes de distintos artistas como: <a href=\"https:\/\/tillmans.co.uk\/\" data-type=\"link\" data-id=\"https:\/\/tillmans.co.uk\/\">Wolfgang Tillmans<\/a>, <a href=\"https:\/\/www.haring.com\/\" data-type=\"link\" data-id=\"https:\/\/www.haring.com\/\">Keith Haring<\/a>, <a href=\"https:\/\/ca.wikipedia.org\/wiki\/Marina_Abramovi%C4%87\" data-type=\"link\" data-id=\"https:\/\/ca.wikipedia.org\/wiki\/Marina_Abramovi%C4%87\">Marina Abramovic<\/a>, <a href=\"https:\/\/ca.wikipedia.org\/wiki\/Chris_Burden\" data-type=\"link\" data-id=\"https:\/\/ca.wikipedia.org\/wiki\/Chris_Burden\">Chris Burden<\/a>. etc. Nos habl\u00f3 de sus intereses y las opiniones que tiene de algunas de sus obras, tambi\u00e9n nos pregunt\u00f3 lo que nosotros opinamos y lo que pensamos de esas obras<\/em>. <em>Conocimos una parte distinta y nueva de Pere, logra que pueda ver la pintura, fotograf\u00eda y esculturas de otras maneras, nos ense\u00f1a a interpretarlas y sentirlas de una manera que puede que no sea la habitual entre nosotros.<\/em><strong> (J\u00falia)<\/strong><\/p>\n\n\n\n<p class=\"wp-block-paragraph\"><em>Ens va parlar del Keith Haring (Grafiter), tamb\u00e9 d&#8217;una pintura feta amb excrement d&#8217;elefant de <a href=\"https:\/\/es.wikipedia.org\/wiki\/Chris_Ofili\" data-type=\"link\" data-id=\"https:\/\/es.wikipedia.org\/wiki\/Chris_Ofili\">Chris Ofili<\/a>, va haver-hi molta pol\u00e8mica. <a href=\"http:\/\/marcquinn.com\/\" data-type=\"link\" data-id=\"http:\/\/marcquinn.com\/\">Marc Quinn<\/a> es va fer un retrat amb la seva pr\u00f2pia sang, se la treia i la congelava. <a href=\"https:\/\/francisalys.com\/\" data-type=\"link\" data-id=\"https:\/\/francisalys.com\/\">Francis Alys<\/a> va posar a una guineu dintre d&#8217;un museu i la va gravar.<\/em> <strong>(San\u00e7a)<\/strong><\/p>\n\n\n\n<p class=\"wp-block-paragraph\"><em>M&#8217;ha agradat que nosaltres tamb\u00e9 podem donar la nostra opini\u00f3. La classe no es basa en el Pere parlant i tots els altres nom\u00e9s escoltant, si no que tenim l&#8217;oportunitat de dir el que pensem i de fer preguntes sempre que vulguem.<\/em> <strong>(Matilde)<\/strong><\/p>\n\n\n\n<p class=\"wp-block-paragraph\"><\/p>\n","protected":false},"excerpt":{"rendered":"<p>Despr\u00e9s d&#8217;introduir el treball de taller, molt centrat en el dibuix del natural \u00abold style\u00bb, el Pere va preparar una classe \u00abte\u00f2rica\u00bb on va presentar possibles referents per les obres que proposaven formes art\u00edstiques totalment diferents i que trencaven amb la mirada complaent del dibuix figuratiu, i que provocaven reaccions. Els nois i noies van &hellip; <\/p>\n<p class=\"link-more\"><a href=\"\/jaumebalmes2025\/coneixer-artistes-i-fer-los-ressonar\/\" class=\"more-link\">Continua llegint <span class=\"screen-reader-text\">\u00abCon\u00e8ixer artistes i fer-los ressonar\u00bb<\/span><\/a><\/p>\n","protected":false},"author":15,"featured_media":0,"comment_status":"open","ping_status":"open","sticky":false,"template":"","format":"standard","meta":{"footnotes":""},"categories":[1],"tags":[],"class_list":["post-404","post","type-post","status-publish","format-standard","hentry","category-general"],"_links":{"self":[{"href":"\/jaumebalmes2025\/wp-json\/wp\/v2\/posts\/404","targetHints":{"allow":["GET"]}}],"collection":[{"href":"\/jaumebalmes2025\/wp-json\/wp\/v2\/posts"}],"about":[{"href":"\/jaumebalmes2025\/wp-json\/wp\/v2\/types\/post"}],"author":[{"embeddable":true,"href":"\/jaumebalmes2025\/wp-json\/wp\/v2\/users\/15"}],"replies":[{"embeddable":true,"href":"\/jaumebalmes2025\/wp-json\/wp\/v2\/comments?post=404"}],"version-history":[{"count":7,"href":"\/jaumebalmes2025\/wp-json\/wp\/v2\/posts\/404\/revisions"}],"predecessor-version":[{"id":421,"href":"\/jaumebalmes2025\/wp-json\/wp\/v2\/posts\/404\/revisions\/421"}],"wp:attachment":[{"href":"\/jaumebalmes2025\/wp-json\/wp\/v2\/media?parent=404"}],"wp:term":[{"taxonomy":"category","embeddable":true,"href":"\/jaumebalmes2025\/wp-json\/wp\/v2\/categories?post=404"},{"taxonomy":"post_tag","embeddable":true,"href":"\/jaumebalmes2025\/wp-json\/wp\/v2\/tags?post=404"}],"curies":[{"name":"wp","href":"https:\/\/api.w.org\/{rel}","templated":true}]}}