{"id":436,"date":"2025-02-11T19:00:00","date_gmt":"2025-02-11T17:00:00","guid":{"rendered":"\/jaumebalmes2025\/?p=436"},"modified":"2025-02-10T00:10:43","modified_gmt":"2025-02-09T22:10:43","slug":"la-por-les-pors","status":"publish","type":"post","link":"\/jaumebalmes2025\/la-por-les-pors\/","title":{"rendered":"La por, les pors"},"content":{"rendered":"\n<h2 class=\"wp-block-heading\">No hay arte sin conflicto<\/h2>\n\n\n\n<figure class=\"wp-block-gallery has-nested-images columns-default is-cropped wp-block-gallery-1 is-layout-flex wp-block-gallery-is-layout-flex\">\n<figure class=\"wp-block-image size-large\"><img loading=\"lazy\" decoding=\"async\" width=\"1024\" height=\"768\" data-id=\"459\" src=\"\/jaumebalmes2025\/wp-content\/uploads\/2025\/02\/IMG_4588-1024x768.jpg\" alt=\"\" class=\"wp-image-459\" srcset=\"\/jaumebalmes2025\/wp-content\/uploads\/2025\/02\/IMG_4588-1024x768.jpg 1024w, \/jaumebalmes2025\/wp-content\/uploads\/2025\/02\/IMG_4588-300x225.jpg 300w, \/jaumebalmes2025\/wp-content\/uploads\/2025\/02\/IMG_4588-768x576.jpg 768w, \/jaumebalmes2025\/wp-content\/uploads\/2025\/02\/IMG_4588-1536x1152.jpg 1536w, \/jaumebalmes2025\/wp-content\/uploads\/2025\/02\/IMG_4588.jpg 2016w\" sizes=\"auto, (max-width: 767px) 89vw, (max-width: 1000px) 54vw, (max-width: 1071px) 543px, 580px\" \/><\/figure>\n<\/figure>\n\n\n\n<p class=\"wp-block-paragraph\"><em>A l&#8217;arribar a classe ens vam trobar amb les cadires posades en cercle i cadascuna tenia una llibreta i a sobre estaven les nostres acreditacions del MNAC que ens havien donat el dijous anterior.<\/em><\/p>\n\n\n\n<p class=\"wp-block-paragraph\"><em>En Pere ens va introduir al nou projecte que ens havia preparat. Ens va explicar que aquest projecte va sobre la por, i ens va preguntar pors generals com de la pol\u00edtica o del medi ambient. Despr\u00e9s ens va explicar que el projecte en s\u00ed es tracta de canalitzar una por que escollim en un quadre, dibuix, fotografia, escultura&#8230; en el que nosaltres vulguem.<\/em> <strong>(Ariadna)<\/strong><\/p>\n\n\n\n<p class=\"wp-block-paragraph\"><em>A todos en orden nos pregunt\u00f3 sobre nuestros miedos personales, siento que realmente nadie coment\u00f3 su mayor miedo. Nos dej\u00f3 como tarea pensar en ello y en c\u00f3mo lo representaremos.<\/em><strong><em>&nbsp;<\/em>(<em>J\u00falia A.<\/em>)<\/strong><\/p>\n\n\n\n<p class=\"wp-block-paragraph\"><em>Primer va parlar ell una mica de que es la por i que li fa por i despr\u00e9s ens va preguntar a cada un. Hav\u00edem de dir alguna cosa que ens fes por per\u00f2 no feia falta que fos sentimental sin\u00f3 per exemple la por al canvi clim\u00e0tic, a que es perdi una llengua, una cultura, o por a que algun partit pol\u00edtic guanyi etc<\/em>.<strong> (San\u00e7a)<\/strong><\/p>\n\n\n\n<p class=\"wp-block-paragraph\"><em>Aquesta classe tamb\u00e9 vam parlar molt.<\/em><\/p>\n\n\n\n<p class=\"wp-block-paragraph\"><em>M&#8217;ha agradat molt la idea del projecte, la por pot ser molt interessant d&#8217;explorar i crec que \u00e9s una bona tem\u00e0tica<\/em>. <strong>(Matilde)<\/strong><\/p>\n\n\n\n<p class=\"wp-block-paragraph\"><em>M&#8217;ha agradat molt el concepte del projecte de tractar sobre les pors ja que crec que molta gent t\u00e9 molta vergonya de parlar sobre les seves pors i crec que expressar-les a trav\u00e9s de l&#8217;art ja que, personalment, \u00e9s una manera de canalitzar les emocions que utilitzo bastant i m&#8217;agrada molt.<\/em><\/p>\n\n\n\n<p class=\"wp-block-paragraph\"><em>He extret que per comen\u00e7ar algun projecte art\u00edstic, una bona manera de pensar qu\u00e8 fer \u00e9s aprofundint en els teus sentiments i\/o pensaments.<\/em><\/p>\n\n\n\n<p class=\"wp-block-paragraph\"><em>Ho puc relacionar amb experi\u00e8ncies personals ja que \u00e9s una manera que utilitzo des de que s\u00f3c petita per expressar i canalitzar les meves emocions<\/em>. <strong>(Ariadna)<\/strong><\/p>\n\n\n\n<p class=\"wp-block-paragraph\"><em>El que m\u00e9s m&#8217;ha interessat ha sigut sentir les pors dels altres i veure com aquestes coincidien, m&#8217;ha agradat tenir un espai de comunicaci\u00f3 c\u00f2mode perqu\u00e8 \u00e9s un bon lloc on connectar i per tant un bon lloc on comen\u00e7ar a produir art.<\/em><\/p>\n\n\n\n<p class=\"wp-block-paragraph\"><em>He extret que per comen\u00e7ar a fer art de qualitat \u00e9s important comen\u00e7ar des de coses que ens produeixen algun sentiment o que ens remouen per dins.<\/em><\/p>\n\n\n\n<p class=\"wp-block-paragraph\"><em>Ho puc associar amb moments personals on abans de comen\u00e7ar qualsevol projecte o cosa que em motiva reflexiono sobre el resultat que vull extreure.<\/em> <strong>(Cloe)<\/strong><\/p>\n\n\n\n<p class=\"wp-block-paragraph\"><em>He apr\u00e8s que tothom t\u00e9 pors diferents, i que l&#8217;art no nom\u00e9s ha de ser bellesa si no que \u00e9s important que expressi alguna cosa a qui el mira.<\/em> <strong>(Matilde)<\/strong><\/p>\n\n\n\n<p class=\"wp-block-paragraph\"><em>La segona part de l&#8217;hora va ser per personalitzar la nostra llibreta d&#8217;enguany per en resid\u00e8ncia, va ser un proc\u00e9s que em va agradar molt, perqu\u00e8 aix\u00ed la nostra llibreta no nomes seria mes bonica sin\u00f3 que tamb\u00e9 ens representaria.<\/em> <strong>(Isona)<\/strong><\/p>\n\n\n\n<p class=\"wp-block-paragraph\"><em>Amb trossos de revistes i pintures cadasc\u00fa va poder personalitzar la seva llibreta a la seva manera.<\/em> (<strong>Matilde)<\/strong><\/p>\n\n\n\n<p class=\"wp-block-paragraph\"><em>Fue un proceso que disfrut\u00e9 mucho aunque no haya encontrado los recortes que ten\u00eda en mente.<\/em><strong> (J\u00falia A.)<\/strong><\/p>\n","protected":false},"excerpt":{"rendered":"<p>No hay arte sin conflicto A l&#8217;arribar a classe ens vam trobar amb les cadires posades en cercle i cadascuna tenia una llibreta i a sobre estaven les nostres acreditacions del MNAC que ens havien donat el dijous anterior. En Pere ens va introduir al nou projecte que ens havia preparat. Ens va explicar que &hellip; <\/p>\n<p class=\"link-more\"><a href=\"\/jaumebalmes2025\/la-por-les-pors\/\" class=\"more-link\">Continua llegint <span class=\"screen-reader-text\">\u00abLa por, les pors\u00bb<\/span><\/a><\/p>\n","protected":false},"author":15,"featured_media":0,"comment_status":"open","ping_status":"open","sticky":false,"template":"","format":"standard","meta":{"footnotes":""},"categories":[1],"tags":[],"class_list":["post-436","post","type-post","status-publish","format-standard","hentry","category-general"],"_links":{"self":[{"href":"\/jaumebalmes2025\/wp-json\/wp\/v2\/posts\/436","targetHints":{"allow":["GET"]}}],"collection":[{"href":"\/jaumebalmes2025\/wp-json\/wp\/v2\/posts"}],"about":[{"href":"\/jaumebalmes2025\/wp-json\/wp\/v2\/types\/post"}],"author":[{"embeddable":true,"href":"\/jaumebalmes2025\/wp-json\/wp\/v2\/users\/15"}],"replies":[{"embeddable":true,"href":"\/jaumebalmes2025\/wp-json\/wp\/v2\/comments?post=436"}],"version-history":[{"count":6,"href":"\/jaumebalmes2025\/wp-json\/wp\/v2\/posts\/436\/revisions"}],"predecessor-version":[{"id":462,"href":"\/jaumebalmes2025\/wp-json\/wp\/v2\/posts\/436\/revisions\/462"}],"wp:attachment":[{"href":"\/jaumebalmes2025\/wp-json\/wp\/v2\/media?parent=436"}],"wp:term":[{"taxonomy":"category","embeddable":true,"href":"\/jaumebalmes2025\/wp-json\/wp\/v2\/categories?post=436"},{"taxonomy":"post_tag","embeddable":true,"href":"\/jaumebalmes2025\/wp-json\/wp\/v2\/tags?post=436"}],"curies":[{"name":"wp","href":"https:\/\/api.w.org\/{rel}","templated":true}]}}