{"id":440,"date":"2025-02-11T19:40:00","date_gmt":"2025-02-11T17:40:00","guid":{"rendered":"\/jaumebalmes2025\/?p=440"},"modified":"2025-02-10T13:19:28","modified_gmt":"2025-02-10T11:19:28","slug":"el-taller-del-pere","status":"publish","type":"post","link":"\/jaumebalmes2025\/el-taller-del-pere\/","title":{"rendered":"El taller del Pere"},"content":{"rendered":"\n<h3 class=\"wp-block-heading\"><\/h3>\n\n\n\n<p class=\"wp-block-paragraph\"><em>El dijous 5 de desembre vam fer una excursi\u00f3 al taller del Pere a l&#8217;Hospitalet, i ens va explicar com treballa i com ha fet les seves obres. Tamb\u00e9 hi havia companys seus i vam tenir el plaer de con\u00e8ixer les seves obres tamb\u00e9<\/em>. <strong>(Nora)<\/strong><\/p>\n\n\n\n<p class=\"wp-block-paragraph\"><em>No sab\u00edem que esperar per\u00f2 est\u00e0vem molt emocionats de veure el lloc de treball d&#8217;un artista de veritat.<\/em> <strong>(Matilde)<\/strong><\/p>\n\n\n\n<p class=\"wp-block-paragraph\"><em>Vam veure la part on treballava ell i ens va parlar una mica sobre com s&#8217;organitzaven entre els 3, com s&#8217;organitzava el seu espai, ens va explicar el que est\u00e0 fent ara, ena va parlar del seu ofici com quantes peces havia de fer m\u00e9s o menys per subsistir i tamb\u00e9 ens va dir que estava treballant amb 30 a la vegada, que depenent del dia que tingu\u00e9s es posava amb una o altre<\/em>. <\/p>\n\n\n\n<p class=\"wp-block-paragraph\"><em>A part ens va ensenyar la pe\u00e7a que portar\u00e0 a ARCO (fira d&#8217;art contemporani a Madrid) i ens va explicar que a l&#8217;hora de fer-la es va inspirar, al principi no volunt\u00e0riament, en un amic seu.<\/em><\/p>\n\n\n\n<p class=\"wp-block-paragraph\"><em>M&#8217;ha interessat molt la hist\u00f2ria del seu amic. Ens va dir que aquest amic el va convidar un dia a que vei\u00e9s les seves peces recents ja que no li acabaven de fer el pes i li va explicar que no estava en un molt bon moment. En Pere es va adonar de que totes les peces eren \u00absimples\u00bb, totes tenien formes geom\u00e8triques. Llavors li va comentar aix\u00f2 i li va suggerir que potser eren aix\u00ed perqu\u00e8 el seu cap volia anar per alguna cosa simple i no embolicar-se m\u00e9s.<\/em><\/p>\n\n\n\n<p class=\"wp-block-paragraph\"><em>Penso que \u00e9s una cosa que fem nosaltres quan no estem en un bon moment, encara en coses petites volem anar pel simple, no ens volem complicar m\u00e9s del que ja est\u00e0 la nostra situaci\u00f3 mental.<\/em><\/p>\n\n\n\n<p class=\"wp-block-paragraph\"><em>He apr\u00e8s que a vegades les nostres emocions es poden reflexar en les nostres pintures, dibuixos&#8230; indirectament, que no fa falta que si estem tristos dibuixem una persona trista, que veient el dibuix es poden extreure moltes coses que no tinguin relaci\u00f3 directa i podem trobar-li m\u00e9s d&#8217;un sentit.<\/em><\/p>\n\n\n\n<p class=\"wp-block-paragraph\"><em>Ho puc relacionar amb quan estic passant una etapa no molt bona i ara m&#8217;he donat compte que \u00e9s veritat que vaig per les coses f\u00e0cils, tant en estudis com en l&#8217;esport.<\/em> <strong>(Ariadna)<\/strong><\/p>\n\n\n\n<p class=\"wp-block-paragraph\"><em>Personalment em va agradar molt, \u00e9s un espai amb ple de creativitat i colors. Es un espai per a mi bastant desordenat per\u00f2 aix\u00ed \u00e9s com treballen els pintors<\/em>. <strong>(San\u00e7a)<\/strong><\/p>\n\n\n\n<p class=\"wp-block-paragraph\"><em>M&#8217;ha agradat molt poder veure l&#8217;espai d&#8217;un veritable artista, entendre una mica com es treballa. Veure el que per nosaltres \u00e9s desordre per\u00f2 per ell \u00e9s un ordre espec\u00edfic m&#8217;ha semblat interessant i m&#8217;he sentit molt contenta de poder veure-ho.<\/em> <strong>(Matilde)<\/strong><\/p>\n\n\n\n<p class=\"wp-block-paragraph\"><em>Aquest dia ha estat el millor des del meu punt de vista. Vam comen\u00e7ar per agafar el metro fins a l&#8217;Hospitalet, on rere caminar uns deu minuts vam arribar al taller del Pere, que estava situat en un edifici que es podria considerar antic, per\u00f2 perfecte per a fer projectes art\u00edstics. Una vegada vam arribar vam veure el desordre de la sala, el Pere ens va especificar que no tots els tallers son aix\u00ed per\u00f2 degut al seu desorde el taller estava en aquestes condicions. Ens va ensenyar els seus projectes, com n\u2019eren d\u2019impressionants tant pel tamany com per la t\u00e8cnica que utilitzava. Ens va explicar com era la seva estrat\u00e8gia d&#8217;artista i com s&#8217;organitza per guanyar-se la vida. Tamb\u00e9 vam veure com estava distribu\u00eft un taller, el lloc on es guarden el quadres, el lloc on els pinta, les taules d&#8217;estudi&#8230;<\/em><\/p>\n\n\n\n<h6 class=\"wp-block-heading\"><\/h6>\n\n\n\n<p class=\"wp-block-paragraph\"><em>M&#8217;ha interessat molt poder veure de primera m\u00e0 com es treballa com artista, quins son els processos pels que passa, com els seus projectes estan molt associats a tot el que ell est\u00e0 passant &#8230;. Tamb\u00e9 m&#8217;ha interessat molt veure com s&#8217;organitza un taller on m\u00e9s d&#8217;una persona hi participa.<\/em> <strong>(Cloe)<\/strong><\/p>\n\n\n\n<p class=\"wp-block-paragraph\"><em>I al final del dia li vam entregar un mural on vam posar totes les pors de cadascun<\/em>.<strong> <\/strong> <strong>(Darwin)<\/strong><\/p>\n\n\n\n<figure class=\"wp-block-gallery has-nested-images columns-default is-cropped wp-block-gallery-1 is-layout-flex wp-block-gallery-is-layout-flex\">\n<figure class=\"wp-block-image size-large\"><img loading=\"lazy\" decoding=\"async\" width=\"768\" height=\"1024\" data-id=\"487\" src=\"\/jaumebalmes2025\/wp-content\/uploads\/2025\/02\/IMG_4742-768x1024.jpg\" alt=\"\" class=\"wp-image-487\" srcset=\"\/jaumebalmes2025\/wp-content\/uploads\/2025\/02\/IMG_4742-768x1024.jpg 768w, \/jaumebalmes2025\/wp-content\/uploads\/2025\/02\/IMG_4742-225x300.jpg 225w, \/jaumebalmes2025\/wp-content\/uploads\/2025\/02\/IMG_4742-1152x1536.jpg 1152w, \/jaumebalmes2025\/wp-content\/uploads\/2025\/02\/IMG_4742-rotated.jpg 1512w\" sizes=\"auto, (max-width: 767px) 89vw, (max-width: 1000px) 54vw, (max-width: 1071px) 543px, 580px\" \/><\/figure>\n\n\n\n<figure class=\"wp-block-image size-large\"><img loading=\"lazy\" decoding=\"async\" width=\"1024\" height=\"768\" data-id=\"486\" src=\"\/jaumebalmes2025\/wp-content\/uploads\/2025\/02\/IMG_4744-1024x768.jpg\" alt=\"\" class=\"wp-image-486\" srcset=\"\/jaumebalmes2025\/wp-content\/uploads\/2025\/02\/IMG_4744-1024x768.jpg 1024w, \/jaumebalmes2025\/wp-content\/uploads\/2025\/02\/IMG_4744-300x225.jpg 300w, \/jaumebalmes2025\/wp-content\/uploads\/2025\/02\/IMG_4744-768x576.jpg 768w, \/jaumebalmes2025\/wp-content\/uploads\/2025\/02\/IMG_4744-1536x1152.jpg 1536w, \/jaumebalmes2025\/wp-content\/uploads\/2025\/02\/IMG_4744.jpg 2016w\" sizes=\"auto, (max-width: 767px) 89vw, (max-width: 1000px) 54vw, (max-width: 1071px) 543px, 580px\" \/><\/figure>\n\n\n\n<figure class=\"wp-block-image size-large\"><img loading=\"lazy\" decoding=\"async\" width=\"1024\" height=\"768\" data-id=\"485\" src=\"\/jaumebalmes2025\/wp-content\/uploads\/2025\/02\/IMG_4745-1024x768.jpg\" alt=\"\" class=\"wp-image-485\" srcset=\"\/jaumebalmes2025\/wp-content\/uploads\/2025\/02\/IMG_4745-1024x768.jpg 1024w, \/jaumebalmes2025\/wp-content\/uploads\/2025\/02\/IMG_4745-300x225.jpg 300w, \/jaumebalmes2025\/wp-content\/uploads\/2025\/02\/IMG_4745-768x576.jpg 768w, \/jaumebalmes2025\/wp-content\/uploads\/2025\/02\/IMG_4745-1536x1152.jpg 1536w, \/jaumebalmes2025\/wp-content\/uploads\/2025\/02\/IMG_4745.jpg 2016w\" sizes=\"auto, (max-width: 767px) 89vw, (max-width: 1000px) 54vw, (max-width: 1071px) 543px, 580px\" \/><\/figure>\n<\/figure>\n\n\n\n<figure class=\"wp-block-gallery has-nested-images columns-default is-cropped wp-block-gallery-2 is-layout-flex wp-block-gallery-is-layout-flex\">\n<figure class=\"wp-block-image size-large\"><img loading=\"lazy\" decoding=\"async\" width=\"768\" height=\"1024\" data-id=\"491\" src=\"\/jaumebalmes2025\/wp-content\/uploads\/2025\/02\/IMG_4738-1-768x1024.jpg\" alt=\"\" class=\"wp-image-491\" srcset=\"\/jaumebalmes2025\/wp-content\/uploads\/2025\/02\/IMG_4738-1-768x1024.jpg 768w, \/jaumebalmes2025\/wp-content\/uploads\/2025\/02\/IMG_4738-1-225x300.jpg 225w, \/jaumebalmes2025\/wp-content\/uploads\/2025\/02\/IMG_4738-1-1152x1536.jpg 1152w, \/jaumebalmes2025\/wp-content\/uploads\/2025\/02\/IMG_4738-1-rotated.jpg 1512w\" sizes=\"auto, (max-width: 767px) 89vw, (max-width: 1000px) 54vw, (max-width: 1071px) 543px, 580px\" \/><\/figure>\n\n\n\n<figure class=\"wp-block-image size-large\"><img loading=\"lazy\" decoding=\"async\" width=\"768\" height=\"1024\" data-id=\"492\" src=\"\/jaumebalmes2025\/wp-content\/uploads\/2025\/02\/IMG_4739-1-768x1024.jpg\" alt=\"\" class=\"wp-image-492\" srcset=\"\/jaumebalmes2025\/wp-content\/uploads\/2025\/02\/IMG_4739-1-768x1024.jpg 768w, \/jaumebalmes2025\/wp-content\/uploads\/2025\/02\/IMG_4739-1-225x300.jpg 225w, \/jaumebalmes2025\/wp-content\/uploads\/2025\/02\/IMG_4739-1-1152x1536.jpg 1152w, \/jaumebalmes2025\/wp-content\/uploads\/2025\/02\/IMG_4739-1-rotated.jpg 1512w\" sizes=\"auto, (max-width: 767px) 89vw, (max-width: 1000px) 54vw, (max-width: 1071px) 543px, 580px\" \/><\/figure>\n\n\n\n<figure class=\"wp-block-image size-large\"><img loading=\"lazy\" decoding=\"async\" width=\"1024\" height=\"768\" data-id=\"490\" src=\"\/jaumebalmes2025\/wp-content\/uploads\/2025\/02\/IMG_4737-1-1024x768.jpg\" alt=\"\" class=\"wp-image-490\" srcset=\"\/jaumebalmes2025\/wp-content\/uploads\/2025\/02\/IMG_4737-1-1024x768.jpg 1024w, \/jaumebalmes2025\/wp-content\/uploads\/2025\/02\/IMG_4737-1-300x225.jpg 300w, \/jaumebalmes2025\/wp-content\/uploads\/2025\/02\/IMG_4737-1-768x576.jpg 768w, \/jaumebalmes2025\/wp-content\/uploads\/2025\/02\/IMG_4737-1-1536x1152.jpg 1536w, \/jaumebalmes2025\/wp-content\/uploads\/2025\/02\/IMG_4737-1.jpg 2016w\" sizes=\"auto, (max-width: 767px) 89vw, (max-width: 1000px) 54vw, (max-width: 1071px) 543px, 580px\" \/><\/figure>\n\n\n\n<figure class=\"wp-block-image size-large\"><img loading=\"lazy\" decoding=\"async\" width=\"768\" height=\"1024\" data-id=\"496\" src=\"\/jaumebalmes2025\/wp-content\/uploads\/2025\/02\/IMG_4741-2-768x1024.jpg\" alt=\"\" class=\"wp-image-496\" srcset=\"\/jaumebalmes2025\/wp-content\/uploads\/2025\/02\/IMG_4741-2-768x1024.jpg 768w, \/jaumebalmes2025\/wp-content\/uploads\/2025\/02\/IMG_4741-2-225x300.jpg 225w, \/jaumebalmes2025\/wp-content\/uploads\/2025\/02\/IMG_4741-2-1152x1536.jpg 1152w, \/jaumebalmes2025\/wp-content\/uploads\/2025\/02\/IMG_4741-2-rotated.jpg 1512w\" sizes=\"auto, (max-width: 767px) 89vw, (max-width: 1000px) 54vw, (max-width: 1071px) 543px, 580px\" \/><\/figure>\n\n\n\n<figure class=\"wp-block-image size-large\"><img loading=\"lazy\" decoding=\"async\" width=\"1024\" height=\"768\" data-id=\"488\" src=\"\/jaumebalmes2025\/wp-content\/uploads\/2025\/02\/IMG_4734-1-1024x768.jpg\" alt=\"\" class=\"wp-image-488\" srcset=\"\/jaumebalmes2025\/wp-content\/uploads\/2025\/02\/IMG_4734-1-1024x768.jpg 1024w, \/jaumebalmes2025\/wp-content\/uploads\/2025\/02\/IMG_4734-1-300x225.jpg 300w, \/jaumebalmes2025\/wp-content\/uploads\/2025\/02\/IMG_4734-1-768x576.jpg 768w, \/jaumebalmes2025\/wp-content\/uploads\/2025\/02\/IMG_4734-1-1536x1152.jpg 1536w, \/jaumebalmes2025\/wp-content\/uploads\/2025\/02\/IMG_4734-1.jpg 2016w\" sizes=\"auto, (max-width: 767px) 89vw, (max-width: 1000px) 54vw, (max-width: 1071px) 543px, 580px\" \/><\/figure>\n\n\n\n<figure class=\"wp-block-image size-large\"><img loading=\"lazy\" decoding=\"async\" width=\"1024\" height=\"768\" data-id=\"494\" src=\"\/jaumebalmes2025\/wp-content\/uploads\/2025\/02\/IMG_4740-1-1024x768.jpg\" alt=\"\" class=\"wp-image-494\" srcset=\"\/jaumebalmes2025\/wp-content\/uploads\/2025\/02\/IMG_4740-1-1024x768.jpg 1024w, \/jaumebalmes2025\/wp-content\/uploads\/2025\/02\/IMG_4740-1-300x225.jpg 300w, \/jaumebalmes2025\/wp-content\/uploads\/2025\/02\/IMG_4740-1-768x576.jpg 768w, \/jaumebalmes2025\/wp-content\/uploads\/2025\/02\/IMG_4740-1-1536x1152.jpg 1536w, \/jaumebalmes2025\/wp-content\/uploads\/2025\/02\/IMG_4740-1.jpg 2016w\" sizes=\"auto, (max-width: 767px) 89vw, (max-width: 1000px) 54vw, (max-width: 1071px) 543px, 580px\" \/><\/figure>\n\n\n\n<figure class=\"wp-block-image size-large\"><img loading=\"lazy\" decoding=\"async\" width=\"1024\" height=\"768\" data-id=\"493\" src=\"\/jaumebalmes2025\/wp-content\/uploads\/2025\/02\/IMG_4733-1-1024x768.jpg\" alt=\"\" class=\"wp-image-493\" srcset=\"\/jaumebalmes2025\/wp-content\/uploads\/2025\/02\/IMG_4733-1-1024x768.jpg 1024w, \/jaumebalmes2025\/wp-content\/uploads\/2025\/02\/IMG_4733-1-300x225.jpg 300w, \/jaumebalmes2025\/wp-content\/uploads\/2025\/02\/IMG_4733-1-768x576.jpg 768w, \/jaumebalmes2025\/wp-content\/uploads\/2025\/02\/IMG_4733-1-1536x1152.jpg 1536w, \/jaumebalmes2025\/wp-content\/uploads\/2025\/02\/IMG_4733-1.jpg 2016w\" sizes=\"auto, (max-width: 767px) 89vw, (max-width: 1000px) 54vw, (max-width: 1071px) 543px, 580px\" \/><\/figure>\n<\/figure>\n\n\n\n<figure class=\"wp-block-image size-large\"><img loading=\"lazy\" decoding=\"async\" width=\"1024\" height=\"768\" src=\"\/jaumebalmes2025\/wp-content\/uploads\/2025\/02\/IMG_4751-2-1024x768.jpg\" alt=\"\" class=\"wp-image-497\" srcset=\"\/jaumebalmes2025\/wp-content\/uploads\/2025\/02\/IMG_4751-2-1024x768.jpg 1024w, \/jaumebalmes2025\/wp-content\/uploads\/2025\/02\/IMG_4751-2-300x225.jpg 300w, \/jaumebalmes2025\/wp-content\/uploads\/2025\/02\/IMG_4751-2-768x576.jpg 768w, \/jaumebalmes2025\/wp-content\/uploads\/2025\/02\/IMG_4751-2-1536x1152.jpg 1536w, \/jaumebalmes2025\/wp-content\/uploads\/2025\/02\/IMG_4751-2.jpg 2016w\" sizes=\"auto, (max-width: 767px) 89vw, (max-width: 1000px) 54vw, (max-width: 1071px) 543px, 580px\" \/><\/figure>\n","protected":false},"excerpt":{"rendered":"<p>El dijous 5 de desembre vam fer una excursi\u00f3 al taller del Pere a l&#8217;Hospitalet, i ens va explicar com treballa i com ha fet les seves obres. Tamb\u00e9 hi havia companys seus i vam tenir el plaer de con\u00e8ixer les seves obres tamb\u00e9. (Nora) No sab\u00edem que esperar per\u00f2 est\u00e0vem molt emocionats de veure &hellip; <\/p>\n<p class=\"link-more\"><a href=\"\/jaumebalmes2025\/el-taller-del-pere\/\" class=\"more-link\">Continua llegint <span class=\"screen-reader-text\">\u00abEl taller del Pere\u00bb<\/span><\/a><\/p>\n","protected":false},"author":15,"featured_media":0,"comment_status":"open","ping_status":"open","sticky":false,"template":"","format":"standard","meta":{"footnotes":""},"categories":[1],"tags":[],"class_list":["post-440","post","type-post","status-publish","format-standard","hentry","category-general"],"_links":{"self":[{"href":"\/jaumebalmes2025\/wp-json\/wp\/v2\/posts\/440","targetHints":{"allow":["GET"]}}],"collection":[{"href":"\/jaumebalmes2025\/wp-json\/wp\/v2\/posts"}],"about":[{"href":"\/jaumebalmes2025\/wp-json\/wp\/v2\/types\/post"}],"author":[{"embeddable":true,"href":"\/jaumebalmes2025\/wp-json\/wp\/v2\/users\/15"}],"replies":[{"embeddable":true,"href":"\/jaumebalmes2025\/wp-json\/wp\/v2\/comments?post=440"}],"version-history":[{"count":5,"href":"\/jaumebalmes2025\/wp-json\/wp\/v2\/posts\/440\/revisions"}],"predecessor-version":[{"id":500,"href":"\/jaumebalmes2025\/wp-json\/wp\/v2\/posts\/440\/revisions\/500"}],"wp:attachment":[{"href":"\/jaumebalmes2025\/wp-json\/wp\/v2\/media?parent=440"}],"wp:term":[{"taxonomy":"category","embeddable":true,"href":"\/jaumebalmes2025\/wp-json\/wp\/v2\/categories?post=440"},{"taxonomy":"post_tag","embeddable":true,"href":"\/jaumebalmes2025\/wp-json\/wp\/v2\/tags?post=440"}],"curies":[{"name":"wp","href":"https:\/\/api.w.org\/{rel}","templated":true}]}}