{"id":442,"date":"2025-02-11T20:04:00","date_gmt":"2025-02-11T18:04:00","guid":{"rendered":"\/jaumebalmes2025\/?p=442"},"modified":"2025-02-09T23:52:58","modified_gmt":"2025-02-09T21:52:58","slug":"la-tercera-hora","status":"publish","type":"post","link":"\/jaumebalmes2025\/la-tercera-hora\/","title":{"rendered":"La tercera hora"},"content":{"rendered":"\n<p class=\"wp-block-paragraph\"><strong>Estrat\u00e8gia\/activitat\/acci\u00f3 a duta a terme durant la tercera hora que activi els teus coneixements\/habilitats en relaci\u00f3 amb els de l+s creador+s i l+s mediador+s per contribuir al proc\u00e9s d\u2019ensenyament-aprenentatge<\/strong> <\/p>\n\n\n\n<p class=\"wp-block-paragraph\">Qu\u00e8?<\/p>\n\n\n\n<p class=\"wp-block-paragraph\">De manera recurrent, durant la 3a hora, documentem, de manera individual, el proc\u00e9s art\u00edstic que estem duent a terme. Fem servir una p\u00e0gina SITE, editada de manera individual<\/p>\n\n\n\n<ul class=\"wp-block-list\">\n<li>Per a qu\u00e8? <\/li>\n<\/ul>\n\n\n\n<p class=\"wp-block-paragraph\">Fixar aprenentatges derivats de la sessi\u00f3 amb l&#8217;artista.<\/p>\n\n\n\n<figure class=\"wp-block-image size-full\"><img loading=\"lazy\" decoding=\"async\" width=\"604\" height=\"668\" src=\"\/jaumebalmes2025\/wp-content\/uploads\/2025\/02\/2025-02-09-18_15_58-24_25_JB_enResidencia.jpg\" alt=\"\" class=\"wp-image-446\" srcset=\"\/jaumebalmes2025\/wp-content\/uploads\/2025\/02\/2025-02-09-18_15_58-24_25_JB_enResidencia.jpg 604w, \/jaumebalmes2025\/wp-content\/uploads\/2025\/02\/2025-02-09-18_15_58-24_25_JB_enResidencia-271x300.jpg 271w\" sizes=\"auto, (max-width: 604px) 100vw, 604px\" \/><\/figure>\n\n\n\n<ul class=\"wp-block-list\">\n<li>Qui? <\/li>\n<\/ul>\n\n\n\n<p class=\"wp-block-paragraph\">L&#8217;alumnat i jo<\/p>\n\n\n\n<ul class=\"wp-block-list\">\n<li>Com? <\/li>\n<\/ul>\n\n\n\n<p class=\"wp-block-paragraph\">Cada alumne t\u00e9 el seu propi espai. Poden entrar a les p\u00e0gines dels seus companys i con\u00e8ixer els altres relats.<\/p>\n\n\n\n<p class=\"wp-block-paragraph\">Es fa \u00e8mfasi en qu\u00e8 recullin els processos en mode de diari i que tamb\u00e9 recullin referents i vocabulari. <\/p>\n\n\n\n<p class=\"wp-block-paragraph\"><strong>Criteris d\u2019avaluaci\u00f3<\/strong><\/p>\n\n\n\n<p class=\"wp-block-paragraph\">Els criteris b\u00e0sics amb qu\u00e8 haurem d\u2019avaluar l\u2019acci\u00f3 proposada s\u00f3n:<\/p>\n\n\n\n<p class=\"wp-block-paragraph\">\u2022 Foment de la cooperaci\u00f3 entre el rol docent i l\u2019art\u00edstic\/creatiu.<\/p>\n\n\n\n<p class=\"wp-block-paragraph\">\u2022 Aprofundiment i consolidaci\u00f3 dels aprenentatges de l\u2019alumnat.<\/p>\n\n\n\n<p class=\"wp-block-paragraph\">\u2022 Contribuci\u00f3 a la reflexi\u00f3 conjunta de tots els implicats en el proc\u00e9s creatiu i d\u2019ensenyament-aprenentatge.<\/p>\n\n\n\n<p class=\"wp-block-paragraph\">Afegeix altres criteris d\u2019avaluaci\u00f3 que calgui tenir en compte en relaci\u00f3 amb l\u2019estrat\u00e8gia proposada:<\/p>\n\n\n\n<figure class=\"wp-block-image size-large\"><img loading=\"lazy\" decoding=\"async\" width=\"1024\" height=\"529\" src=\"\/jaumebalmes2025\/wp-content\/uploads\/2025\/02\/2025-02-09-23_13_59-Creadors-en-Residencia-Rubrica-site-Fulls-de-calcul-de-Google.pdf-Adobe-Acro-1024x529.jpg\" alt=\"\" class=\"wp-image-449\" srcset=\"\/jaumebalmes2025\/wp-content\/uploads\/2025\/02\/2025-02-09-23_13_59-Creadors-en-Residencia-Rubrica-site-Fulls-de-calcul-de-Google.pdf-Adobe-Acro-1024x529.jpg 1024w, \/jaumebalmes2025\/wp-content\/uploads\/2025\/02\/2025-02-09-23_13_59-Creadors-en-Residencia-Rubrica-site-Fulls-de-calcul-de-Google.pdf-Adobe-Acro-300x155.jpg 300w, \/jaumebalmes2025\/wp-content\/uploads\/2025\/02\/2025-02-09-23_13_59-Creadors-en-Residencia-Rubrica-site-Fulls-de-calcul-de-Google.pdf-Adobe-Acro-768x397.jpg 768w, \/jaumebalmes2025\/wp-content\/uploads\/2025\/02\/2025-02-09-23_13_59-Creadors-en-Residencia-Rubrica-site-Fulls-de-calcul-de-Google.pdf-Adobe-Acro.jpg 1203w\" sizes=\"auto, (max-width: 767px) 89vw, (max-width: 1000px) 54vw, (max-width: 1071px) 543px, 580px\" \/><\/figure>\n\n\n\n<p class=\"wp-block-paragraph\">Qu\u00e8 aporto com a docent:<\/p>\n\n\n\n<ul class=\"wp-block-list\">\n<li>Coneixement del centre i de la seva \u00abecologia\u00bb<\/li>\n\n\n\n<li>Gesti\u00f3 de l&#8217;aula<\/li>\n\n\n\n<li>Aterrament d&#8217;idees i propostes dels agents externs, per millor comprensi\u00f3 de l&#8217;alumnat<\/li>\n\n\n\n<li>Experi\u00e8ncia en avaluaci\u00f3\/per avaluar el proc\u00e9s<\/li>\n<\/ul>\n\n\n\n<p class=\"wp-block-paragraph\">Qu\u00e8 aporten l+(s) creador+(s) implicat+(s)<\/p>\n\n\n\n<ul class=\"wp-block-list\">\n<li>Figura catalitzadora de processos<\/li>\n\n\n\n<li>Sabers espec\u00edfics<\/li>\n\n\n\n<li>Mirada fresca i propostes externes al m\u00f3n educatiu. Trencament de rutines, sorpresa<\/li>\n\n\n\n<li>Connexions<\/li>\n<\/ul>\n\n\n\n<p class=\"wp-block-paragraph\">Qu\u00e8 aporten l+(s) mediador+(s) implicat+(s)<\/p>\n\n\n\n<ul class=\"wp-block-list\">\n<li>Acompanyament t\u00e8cnic i log\u00edstic<\/li>\n\n\n\n<li>Pont entre l&#8217;aula i l&#8217;artista<\/li>\n\n\n\n<li>Relaci\u00f3 amb l&#8217;organitzaci\u00f3 i altres centres<\/li>\n\n\n\n<li>Aterrament de propostes<\/li>\n<\/ul>\n","protected":false},"excerpt":{"rendered":"<p>Estrat\u00e8gia\/activitat\/acci\u00f3 a duta a terme durant la tercera hora que activi els teus coneixements\/habilitats en relaci\u00f3 amb els de l+s creador+s i l+s mediador+s per contribuir al proc\u00e9s d\u2019ensenyament-aprenentatge Qu\u00e8? De manera recurrent, durant la 3a hora, documentem, de manera individual, el proc\u00e9s art\u00edstic que estem duent a terme. Fem servir una p\u00e0gina SITE, editada &hellip; <\/p>\n<p class=\"link-more\"><a href=\"\/jaumebalmes2025\/la-tercera-hora\/\" class=\"more-link\">Continua llegint <span class=\"screen-reader-text\">\u00abLa tercera hora\u00bb<\/span><\/a><\/p>\n","protected":false},"author":15,"featured_media":0,"comment_status":"open","ping_status":"open","sticky":false,"template":"","format":"standard","meta":{"footnotes":""},"categories":[1],"tags":[],"class_list":["post-442","post","type-post","status-publish","format-standard","hentry","category-general"],"_links":{"self":[{"href":"\/jaumebalmes2025\/wp-json\/wp\/v2\/posts\/442","targetHints":{"allow":["GET"]}}],"collection":[{"href":"\/jaumebalmes2025\/wp-json\/wp\/v2\/posts"}],"about":[{"href":"\/jaumebalmes2025\/wp-json\/wp\/v2\/types\/post"}],"author":[{"embeddable":true,"href":"\/jaumebalmes2025\/wp-json\/wp\/v2\/users\/15"}],"replies":[{"embeddable":true,"href":"\/jaumebalmes2025\/wp-json\/wp\/v2\/comments?post=442"}],"version-history":[{"count":5,"href":"\/jaumebalmes2025\/wp-json\/wp\/v2\/posts\/442\/revisions"}],"predecessor-version":[{"id":450,"href":"\/jaumebalmes2025\/wp-json\/wp\/v2\/posts\/442\/revisions\/450"}],"wp:attachment":[{"href":"\/jaumebalmes2025\/wp-json\/wp\/v2\/media?parent=442"}],"wp:term":[{"taxonomy":"category","embeddable":true,"href":"\/jaumebalmes2025\/wp-json\/wp\/v2\/categories?post=442"},{"taxonomy":"post_tag","embeddable":true,"href":"\/jaumebalmes2025\/wp-json\/wp\/v2\/tags?post=442"}],"curies":[{"name":"wp","href":"https:\/\/api.w.org\/{rel}","templated":true}]}}