{"id":546,"date":"2025-05-13T12:04:30","date_gmt":"2025-05-13T10:04:30","guid":{"rendered":"\/jaumebalmes2025\/?p=546"},"modified":"2025-05-13T12:33:04","modified_gmt":"2025-05-13T10:33:04","slug":"el-museu-com-a-part-del-projecte","status":"publish","type":"post","link":"\/jaumebalmes2025\/el-museu-com-a-part-del-projecte\/","title":{"rendered":"El museu com a part del projecte"},"content":{"rendered":"\n<p class=\"wp-block-paragraph\"><strong>Visita a la col\u00b7lecci\u00f3 del MNAC.  3 d&#8217;abril de 2025.<\/strong><\/p>\n\n\n\n<p class=\"wp-block-paragraph\">La visita al MNAC va tenir una altra pota molt important. El <strong>FIto Conesa<\/strong> va col\u00b7laborar construint una pe\u00e7a audiovisual a partir de la visita. Durant aquest dia va enregistrar els comentaris i reaccions de l&#8217;alumnat i tamb\u00e9 les intervencions del Pere Llobera i el David Pablo. L&#8217;alumnat va participar de l&#8217;enregistrament amb les c\u00e0meres i la gravadora de so, i fent l&#8217;escaleta de la gravaci\u00f3.<\/p>\n\n\n\n<p class=\"wp-block-paragraph\">El resultat es projectar\u00e0 durant l&#8217;exposici\u00f3.<\/p>\n\n\n\n<figure class=\"wp-block-image size-large\"><img loading=\"lazy\" decoding=\"async\" width=\"1024\" height=\"683\" src=\"\/jaumebalmes2025\/wp-content\/uploads\/2025\/05\/IMG_0875-1024x683.jpg\" alt=\"\" class=\"wp-image-540\" srcset=\"\/jaumebalmes2025\/wp-content\/uploads\/2025\/05\/IMG_0875-1024x683.jpg 1024w, \/jaumebalmes2025\/wp-content\/uploads\/2025\/05\/IMG_0875-300x200.jpg 300w, \/jaumebalmes2025\/wp-content\/uploads\/2025\/05\/IMG_0875-768x512.jpg 768w, \/jaumebalmes2025\/wp-content\/uploads\/2025\/05\/IMG_0875-1536x1024.jpg 1536w\" sizes=\"auto, (max-width: 767px) 89vw, (max-width: 1000px) 54vw, (max-width: 1071px) 543px, 580px\" \/><\/figure>\n","protected":false},"excerpt":{"rendered":"<p>Visita a la col\u00b7lecci\u00f3 del MNAC. 3 d&#8217;abril de 2025. La visita al MNAC va tenir una altra pota molt important. El FIto Conesa va col\u00b7laborar construint una pe\u00e7a audiovisual a partir de la visita. Durant aquest dia va enregistrar els comentaris i reaccions de l&#8217;alumnat i tamb\u00e9 les intervencions del Pere Llobera i el &hellip; <\/p>\n<p class=\"link-more\"><a href=\"\/jaumebalmes2025\/el-museu-com-a-part-del-projecte\/\" class=\"more-link\">Continua llegint <span class=\"screen-reader-text\">\u00abEl museu com a part del projecte\u00bb<\/span><\/a><\/p>\n","protected":false},"author":15,"featured_media":0,"comment_status":"open","ping_status":"open","sticky":false,"template":"","format":"standard","meta":{"footnotes":""},"categories":[1],"tags":[],"class_list":["post-546","post","type-post","status-publish","format-standard","hentry","category-general"],"_links":{"self":[{"href":"\/jaumebalmes2025\/wp-json\/wp\/v2\/posts\/546","targetHints":{"allow":["GET"]}}],"collection":[{"href":"\/jaumebalmes2025\/wp-json\/wp\/v2\/posts"}],"about":[{"href":"\/jaumebalmes2025\/wp-json\/wp\/v2\/types\/post"}],"author":[{"embeddable":true,"href":"\/jaumebalmes2025\/wp-json\/wp\/v2\/users\/15"}],"replies":[{"embeddable":true,"href":"\/jaumebalmes2025\/wp-json\/wp\/v2\/comments?post=546"}],"version-history":[{"count":4,"href":"\/jaumebalmes2025\/wp-json\/wp\/v2\/posts\/546\/revisions"}],"predecessor-version":[{"id":550,"href":"\/jaumebalmes2025\/wp-json\/wp\/v2\/posts\/546\/revisions\/550"}],"wp:attachment":[{"href":"\/jaumebalmes2025\/wp-json\/wp\/v2\/media?parent=546"}],"wp:term":[{"taxonomy":"category","embeddable":true,"href":"\/jaumebalmes2025\/wp-json\/wp\/v2\/categories?post=546"},{"taxonomy":"post_tag","embeddable":true,"href":"\/jaumebalmes2025\/wp-json\/wp\/v2\/tags?post=546"}],"curies":[{"name":"wp","href":"https:\/\/api.w.org\/{rel}","templated":true}]}}