{"id":1,"date":"2025-09-16T09:20:40","date_gmt":"2025-09-16T07:20:40","guid":{"rendered":"\/jaumebalmes2026\/?p=1"},"modified":"2025-10-06T09:06:58","modified_gmt":"2025-10-06T07:06:58","slug":"paula-vicente-en-residencia-a-linstitut-jaume-balmes","status":"publish","type":"post","link":"\/jaumebalmes2026\/paula-vicente-en-residencia-a-linstitut-jaume-balmes\/","title":{"rendered":"Paula Vicente EN RESiD\u00c8NCiA a l&#8217;Institut Jaume Balmes"},"content":{"rendered":"\n<p class=\"wp-block-paragraph\">Paula Vicente ja ha iniciat el proc\u00e9s de creaci\u00f3 EN RESiD\u00c8NCiA a l&#8217;Institut Jaume Balmes (La Dreta de l\u2019Eixample, Barcelona). En aquest blog podreu seguir els moments clau d\u2019un proc\u00e9s obert, amb un final no predefinit. Fins molt aviat!!<\/p>\n\n\n\n<p class=\"wp-block-paragraph\"><\/p>\n","protected":false},"excerpt":{"rendered":"<p>Paula Vicente ja ha iniciat el proc\u00e9s de creaci\u00f3 EN RESiD\u00c8NCiA a l&#8217;Institut Jaume Balmes (La Dreta de l\u2019Eixample, Barcelona). En aquest blog podreu seguir els moments clau d\u2019un proc\u00e9s obert, amb un final no predefinit. Fins molt aviat!!<\/p>\n","protected":false},"author":1,"featured_media":0,"comment_status":"open","ping_status":"open","sticky":false,"template":"","format":"standard","meta":{"footnotes":""},"categories":[1],"tags":[],"class_list":["post-1","post","type-post","status-publish","format-standard","hentry","category-general"],"_links":{"self":[{"href":"\/jaumebalmes2026\/wp-json\/wp\/v2\/posts\/1","targetHints":{"allow":["GET"]}}],"collection":[{"href":"\/jaumebalmes2026\/wp-json\/wp\/v2\/posts"}],"about":[{"href":"\/jaumebalmes2026\/wp-json\/wp\/v2\/types\/post"}],"author":[{"embeddable":true,"href":"\/jaumebalmes2026\/wp-json\/wp\/v2\/users\/1"}],"replies":[{"embeddable":true,"href":"\/jaumebalmes2026\/wp-json\/wp\/v2\/comments?post=1"}],"version-history":[{"count":1,"href":"\/jaumebalmes2026\/wp-json\/wp\/v2\/posts\/1\/revisions"}],"predecessor-version":[{"id":49,"href":"\/jaumebalmes2026\/wp-json\/wp\/v2\/posts\/1\/revisions\/49"}],"wp:attachment":[{"href":"\/jaumebalmes2026\/wp-json\/wp\/v2\/media?parent=1"}],"wp:term":[{"taxonomy":"category","embeddable":true,"href":"\/jaumebalmes2026\/wp-json\/wp\/v2\/categories?post=1"},{"taxonomy":"post_tag","embeddable":true,"href":"\/jaumebalmes2026\/wp-json\/wp\/v2\/tags?post=1"}],"curies":[{"name":"wp","href":"https:\/\/api.w.org\/{rel}","templated":true}]}}