{"id":51,"date":"2025-12-28T17:33:22","date_gmt":"2025-12-28T15:33:22","guid":{"rendered":"\/jaumebalmes2026\/?p=51"},"modified":"2025-12-27T18:56:48","modified_gmt":"2025-12-27T16:56:48","slug":"el-primer-dia-9-doctubre","status":"publish","type":"post","link":"\/jaumebalmes2026\/el-primer-dia-9-doctubre\/","title":{"rendered":"EL primer dia. 9 d&#8217;octubre"},"content":{"rendered":"\n<p class=\"wp-block-paragraph\">Avui ha estat el primer dia de la Paula i la Francesca. Primer, s&#8217;han presentat i Per ajudar-nos a con\u00e8ixer-nos millor, la Paula ens ha fet dibuixar com hem arribat fins aqu\u00ed. <strong>(Kaidi Xu)<\/strong>\u00a0<\/p>\n\n\n\n<p class=\"wp-block-paragraph\">Per presentar-nos nosaltres, ens ha proposat una activitat que consisteix en que tots hem dibuixat com hem arribat fins aqu\u00ed. Llavors cada un ha explicat el seu cam\u00ed.\u00a0<strong> (J\u00falia Salma Mart\u00ednez)\u00a0<\/strong><\/p>\n\n\n\n<p class=\"wp-block-paragraph\">Hem posat\u00a0 un full gran i, al centre, on hi havia escrita la paraula \u201caqu\u00ed\u201d.\u00a0Hi hem dibuixat un recorregut que expliqui com hem arribat fins aqu\u00ed.\u00a0Aquesta activitat m\u2019ha fet pensar en totes les coses que ens han portat al moment present, i aix\u00f2 m&#8217;ha impactat m\u00e9s del que esperaba. <strong>(Naia Valero)<\/strong><\/p>\n\n\n\n<p class=\"wp-block-paragraph\">M\u2019ha semblat for\u00e7a divertit, tot i que al principi no he ent\u00e8s del tot de qu\u00e8 anava. Jo he dibuixat una versi\u00f3 m\u00e9s imaginativa: primer hem agafat un avi\u00f3, despr\u00e9s he pujat a un n\u00favol, despr\u00e9s a un coet, m\u00e9s tard he assegut a estrelles i finalment hem arribat aqu\u00ed. Despr\u00e9s d&#8217;aix\u00f2, la Paula ha donat una bossa m\u00e0gica i n&#8217;hem tret llavors. Jo he agafat la m\u00e9s gran, que crec que era un pinyol d&#8217;alvocat. Hem caminat agafant el pinyol i hem fet diversos gestos amb les mans. M\u00e9s tard, ens han fet per parelles. Tot i que no m&#8217;ha agradat gaire perqu\u00e8 era el primer dia i no coneixia ning\u00fa, aix\u00ed que ha estat una mica inc\u00f2mode.<strong> (Kaidi Xu)<\/strong><\/p>\n\n\n\n<p class=\"wp-block-paragraph\">Les seves hist\u00f2ries,, aprenentatges i moments que els han marcat, han perm\u00e8s entendre el cam\u00ed que han recorregut fins al present. Cada intervenci\u00f3 ha aportat una mirada personal que, en conjunt, dibuixa un trajecte compartit per\u00f2 alhora \u00fanic per a cadascun de nosaltres. <strong>(Claudia Royuela)<\/strong><\/p>\n\n\n\n<p class=\"wp-block-paragraph\">A continuaci\u00f3 d&#8217;aix\u00f2, hem fet una altre activitat, que consisteix en qu\u00e8 per petits grups de 3 persones hem de caminar mentre aguantem una llavor amb una m\u00e0\u00a0 de cada persona. <strong>(J\u00falia Salma Mart\u00ednez)\u00a0<\/strong><\/p>\n\n\n\n<p class=\"wp-block-paragraph\">Ens han donat una llibreta per dibuixar a cadascuna. Despr\u00e9s hem jugat a un joc on hav\u00edem de dibuixar una l\u00ednia recta fins al nas, tot i que molts de nosaltres no ho hem ent\u00e8s.<strong> (Kaidi Xu)<\/strong><\/p>\n\n\n\n<p class=\"wp-block-paragraph\">Hi hem enganxat alguns fragments de poemes.\u00a0 A la llibreta ens ha demanat que tracem el recorregut que hi ha des del nas fins al paper. D\u2019entrada m\u2019ha semblat una activitat estranya, per\u00f2 m\u2019ha fet reflexionar sobre el significat d&#8217;aix\u00f2. <strong>(Naia Valero)<\/strong><\/p>\n\n\n\n<p class=\"wp-block-paragraph\">L\u2019experi\u00e8ncia m\u2019ha agradat perqu\u00e8 m\u2019ha fet aturar i pensar en com faig les coses.\u00a0 M\u2019han interessat sobretot les activitats que et fan reflexionar sense adonar-te\u2019n. <strong>(Naia Valero)<\/strong><\/p>\n\n\n\n<p class=\"wp-block-paragraph\">Les activitats que ens ha proposat la Paula m\u2019han semblat molt interessants i din\u00e0miques. A trav\u00e9s d&#8217;aquestes activitats, vol transmetre creativitat, cooperaci\u00f3 i\u00a0 reflexi\u00f3. Tamb\u00e9 m&#8217;ha semblat molt bona idea lo de les llibretes, aix\u00ed podem dibuixar i expressar-nos com vulguem.<strong> (J\u00falia Salma Mart\u00ednez)\u00a0<\/strong><\/p>\n\n\n\n<p class=\"wp-block-paragraph\">He apr\u00e8s una nova visi\u00f3 de l&#8217;art,. M\u2019he adonat m\u00e9s de les maneres que es pot interpretar una cosa, perqu\u00e8 la Paula ha anat demanant dibuixos i tal i com tu pensaves o podies fer, o sigui que tenia diferents \u00abrespostes\u00bb i totes s\u00f3n v\u00e0lides. Tamb\u00e9 he treballat la improvisaci\u00f3, perqu\u00e8 en poc temps havia de fer un dibuix. El treball en equip i la paci\u00e8ncia cap a la resta del grup. I per \u00faltim la motivaci\u00f3, perqu\u00e8 sense motivaci\u00f3 no pots arribar a res. <strong>(Cristina Wacily) <\/strong><\/p>\n\n\n\n<p class=\"wp-block-paragraph\">He apr\u00e8s que l\u2019art pot comen\u00e7ar amb coses molt petites i quotidianes, i que observar amb detall ajuda molt a crear idees. Aquesta activitat m\u2019ha recordat altres moments a classe on hav\u00edem treballat l\u2019observaci\u00f3, per\u00f2 aquesta vegada ha estat m\u00e9s pr\u00e0ctica i art\u00edstica. <strong>(Naiara C\u00e1rdenas)<\/strong><\/p>\n","protected":false},"excerpt":{"rendered":"<p>Avui ha estat el primer dia de la Paula i la Francesca. Primer, s&#8217;han presentat i Per ajudar-nos a con\u00e8ixer-nos millor, la Paula ens ha fet dibuixar com hem arribat fins aqu\u00ed. (Kaidi Xu)\u00a0 Per presentar-nos nosaltres, ens ha proposat una activitat que consisteix en que tots hem dibuixat com hem arribat fins aqu\u00ed. Llavors &hellip; <\/p>\n<p class=\"link-more\"><a href=\"\/jaumebalmes2026\/el-primer-dia-9-doctubre\/\" class=\"more-link\">Continua llegint <span class=\"screen-reader-text\">\u00abEL primer dia. 9 d&#8217;octubre\u00bb<\/span><\/a><\/p>\n","protected":false},"author":5,"featured_media":0,"comment_status":"closed","ping_status":"","sticky":false,"template":"","format":"standard","meta":{"footnotes":""},"categories":[1],"tags":[],"class_list":["post-51","post","type-post","status-publish","format-standard","hentry","category-general"],"_links":{"self":[{"href":"\/jaumebalmes2026\/wp-json\/wp\/v2\/posts\/51","targetHints":{"allow":["GET"]}}],"collection":[{"href":"\/jaumebalmes2026\/wp-json\/wp\/v2\/posts"}],"about":[{"href":"\/jaumebalmes2026\/wp-json\/wp\/v2\/types\/post"}],"author":[{"embeddable":true,"href":"\/jaumebalmes2026\/wp-json\/wp\/v2\/users\/5"}],"replies":[{"embeddable":true,"href":"\/jaumebalmes2026\/wp-json\/wp\/v2\/comments?post=51"}],"version-history":[{"count":3,"href":"\/jaumebalmes2026\/wp-json\/wp\/v2\/posts\/51\/revisions"}],"predecessor-version":[{"id":53,"href":"\/jaumebalmes2026\/wp-json\/wp\/v2\/posts\/51\/revisions\/53"}],"wp:attachment":[{"href":"\/jaumebalmes2026\/wp-json\/wp\/v2\/media?parent=51"}],"wp:term":[{"taxonomy":"category","embeddable":true,"href":"\/jaumebalmes2026\/wp-json\/wp\/v2\/categories?post=51"},{"taxonomy":"post_tag","embeddable":true,"href":"\/jaumebalmes2026\/wp-json\/wp\/v2\/tags?post=51"}],"curies":[{"name":"wp","href":"https:\/\/api.w.org\/{rel}","templated":true}]}}