{"id":55,"date":"2025-12-28T18:01:00","date_gmt":"2025-12-28T16:01:00","guid":{"rendered":"\/jaumebalmes2026\/?p=55"},"modified":"2025-12-29T00:55:42","modified_gmt":"2025-12-28T22:55:42","slug":"gestos-i-llavors-16-doctubre","status":"publish","type":"post","link":"\/jaumebalmes2026\/gestos-i-llavors-16-doctubre\/","title":{"rendered":"Qu\u00e8 em sustenta. Gestos i llavors. 16 d&#8217;octubre"},"content":{"rendered":"\n<figure class=\"wp-block-image size-large\"><img loading=\"lazy\" decoding=\"async\" width=\"1024\" height=\"768\" src=\"\/jaumebalmes2026\/wp-content\/uploads\/2025\/12\/IMG_7773-1024x768.jpg\" alt=\"\" class=\"wp-image-168\" srcset=\"\/jaumebalmes2026\/wp-content\/uploads\/2025\/12\/IMG_7773-1024x768.jpg 1024w, \/jaumebalmes2026\/wp-content\/uploads\/2025\/12\/IMG_7773-300x225.jpg 300w, \/jaumebalmes2026\/wp-content\/uploads\/2025\/12\/IMG_7773-768x576.jpg 768w, \/jaumebalmes2026\/wp-content\/uploads\/2025\/12\/IMG_7773-1536x1152.jpg 1536w, \/jaumebalmes2026\/wp-content\/uploads\/2025\/12\/IMG_7773.jpg 2016w\" sizes=\"auto, (max-width: 767px) 89vw, (max-width: 1000px) 54vw, (max-width: 1071px) 543px, 580px\" \/><\/figure>\n\n\n\n<p class=\"wp-block-paragraph\">Avui, la Paula ens ha portat les llavors de l&#8217;\u00faltima vegada. Ens hem dividit en grups de tres i cadascun de nosaltres ha dibuixat una figura mentre les altres dues persones agafaven les llavors i feien figuretes. Despr\u00e9s, la tercera persona ha dibuixat una figura. <strong>(Kaidi Xu)<\/strong><\/p>\n\n\n\n<p class=\"wp-block-paragraph\">Al meu grup ens hem organitzat d&#8217;aquesta manera: una persona dibuixava mentre les altres dues observ\u00e0vem la llavor i an\u00e0vem comentant detalls, i despr\u00e9s ens an\u00e0vem tornant perqu\u00e8 cadasc\u00fa pogu\u00e9s participar dibuixant. Aix\u00f2 feia que el dibuix fos realment un treball compartit, on totes col\u00b7labor\u00e0vem. <strong>(Cristina Wacily)<\/strong><\/p>\n\n\n\n<p class=\"wp-block-paragraph\">Ens hem dividit per grups, alternant-nos&nbsp; per fer diferents activitats, per\u00f2 que tenen relaci\u00f3 en una cosa, que \u00e9s en adoptar una variaci\u00f3 de formes amb mans mentres sostenim llavors molt petites o d&#8217;un tamany&nbsp; mitj\u00e0. <strong>(Jan Marc Le\u00f3n)<\/strong><\/p>\n\n\n\n<p class=\"wp-block-paragraph\">En parelles hem fet una forma amb les mans ii l\u2019hem cobert d\u2019escaiola, aix\u00ed quan s&#8217;ha assecat, ens podia quedar una figura curiosa.<strong> (Lola Moral)&nbsp;<\/strong><\/p>\n\n\n\n<p class=\"wp-block-paragraph\">Primer hem preparat el material, despr\u00e9s l\u2019hem modelat i li hem donat forma amb les mans o amb eines, explorant textures, volums i relleus. L\u2019objectiu era entendre el proc\u00e9s de transformaci\u00f3 del material i experimentar amb el treball tridimensional. <strong>(Claudia Royuela)<\/strong><\/p>\n\n\n\n<p class=\"wp-block-paragraph\">El nostre grup ha fet una estrella de cinc puntes agafant una de les mans de la Paula. Aquest proc\u00e9s ha estat for\u00e7a dif\u00edcil perqu\u00e8 hav\u00edem de mantenir les mans aixecades en tot moment i no pod\u00edem moure&#8217;ns massa, cosa que era cansada. De totes maneres, m&#8217;ha agradat for\u00e7a aquesta activitat perqu\u00e8 m&#8217;ha perm\u00e8s participar. <strong>(Kaidi Xu)<\/strong><\/p>\n\n\n\n<p class=\"wp-block-paragraph\">Nosaltres hem ajuntat les 4 mans de costat creant com un remol\u00ed. M\u2019ha semblat una activitat curiosa perqu\u00e8 nom\u00e9s jugant amb les mans podem crear figures molt diferents. <strong>(Naia Valero)<\/strong><\/p>\n\n\n\n<p class=\"wp-block-paragraph\">Despr\u00e9s d\u2019una estona, els grups s\u2019anaven intercanviant les activitats perqu\u00e8 tothom pogu\u00e9s provar tant el dibuix com la creaci\u00f3 amb guix, combinant aix\u00ed l\u2019observaci\u00f3, la creativitat i el treball manual. <strong>(Claudia Royuela)<\/strong><\/p>\n\n\n\n<p class=\"wp-block-paragraph\">Despr\u00e9s, cada grup ha hagut d\u2019explicar el que havia fet i arribar a una conclusi\u00f3 sobre el proc\u00e9s i el resultat de l\u2019activitat. He apr\u00e8s a expressar les conclusions d\u2019una activitat. M\u2019ha agradat treballar en grup i veure com cada persona aporta una idea diferent. Tamb\u00e9 m\u2019ha cridat l\u2019atenci\u00f3 fer servir guix per fer motlles, era una cosa nova. Ens ha costat una mica posar-nos d\u2019acord al principi, per\u00f2 despr\u00e9s ha anat b\u00e9. <strong>(Naiara C\u00e1rdenas)<\/strong><\/p>\n\n\n\n<p class=\"wp-block-paragraph\">He gaudit molt de les dues activitats. Treballar en grup m&#8217;agrada per passar m\u00e9s temps amb companys i m\u2019ha agradat veure com cadasc\u00fa ha aportat al dibuix conjunt, em semblava graci\u00f3s. Dibuixar entre tres ha estat divertit i alhora hem hagut de posar-nos d\u2019acord i coordinar-nos. L\u2019activitat del guix tamb\u00e9 m\u2019ha sorpr\u00e8s, perqu\u00e8 era una manera molt divertida de crear una pe\u00e7a en grup. M\u2019he sentit c\u00f2moda i motivada en el que f\u00e8iem. He apr\u00e8s que el treball en equip funciona millor i \u00e9s m\u00e9s divertit quan tothom participa i aporta. Tamb\u00e9 he vist que l\u2019art no sempre \u00e9s individual, sin\u00f3 que pots compartir-lo. A m\u00e9s, m\u2019ha ajudat a millorar la meva observaci\u00f3 i la paci\u00e8ncia&nbsp; per d\u2019adaptar-me m\u00e9s. <strong>(Cristina Wacily)<\/strong><\/p>\n\n\n\n<figure class=\"wp-block-gallery has-nested-images columns-default is-cropped wp-block-gallery-1 is-layout-flex wp-block-gallery-is-layout-flex\">\n<figure class=\"wp-block-image size-large\"><img loading=\"lazy\" decoding=\"async\" width=\"1024\" height=\"768\" data-id=\"166\" src=\"\/jaumebalmes2026\/wp-content\/uploads\/2025\/12\/IMG_7776-1024x768.jpg\" alt=\"\" class=\"wp-image-166\" srcset=\"\/jaumebalmes2026\/wp-content\/uploads\/2025\/12\/IMG_7776-1024x768.jpg 1024w, \/jaumebalmes2026\/wp-content\/uploads\/2025\/12\/IMG_7776-300x225.jpg 300w, \/jaumebalmes2026\/wp-content\/uploads\/2025\/12\/IMG_7776-768x576.jpg 768w, \/jaumebalmes2026\/wp-content\/uploads\/2025\/12\/IMG_7776-1536x1152.jpg 1536w, \/jaumebalmes2026\/wp-content\/uploads\/2025\/12\/IMG_7776.jpg 2016w\" sizes=\"auto, (max-width: 767px) 89vw, (max-width: 1000px) 54vw, (max-width: 1071px) 543px, 580px\" \/><\/figure>\n\n\n\n<figure class=\"wp-block-image size-large\"><img loading=\"lazy\" decoding=\"async\" width=\"1024\" height=\"768\" data-id=\"167\" src=\"\/jaumebalmes2026\/wp-content\/uploads\/2025\/12\/IMG_7774-1024x768.jpg\" alt=\"\" class=\"wp-image-167\" srcset=\"\/jaumebalmes2026\/wp-content\/uploads\/2025\/12\/IMG_7774-1024x768.jpg 1024w, \/jaumebalmes2026\/wp-content\/uploads\/2025\/12\/IMG_7774-300x225.jpg 300w, \/jaumebalmes2026\/wp-content\/uploads\/2025\/12\/IMG_7774-768x576.jpg 768w, \/jaumebalmes2026\/wp-content\/uploads\/2025\/12\/IMG_7774-1536x1152.jpg 1536w, \/jaumebalmes2026\/wp-content\/uploads\/2025\/12\/IMG_7774.jpg 2016w\" sizes=\"auto, (max-width: 767px) 89vw, (max-width: 1000px) 54vw, (max-width: 1071px) 543px, 580px\" \/><\/figure>\n<\/figure>\n","protected":false},"excerpt":{"rendered":"<p>Avui, la Paula ens ha portat les llavors de l&#8217;\u00faltima vegada. Ens hem dividit en grups de tres i cadascun de nosaltres ha dibuixat una figura mentre les altres dues persones agafaven les llavors i feien figuretes. Despr\u00e9s, la tercera persona ha dibuixat una figura. (Kaidi Xu) Al meu grup ens hem organitzat d&#8217;aquesta manera: &hellip; <\/p>\n<p class=\"link-more\"><a href=\"\/jaumebalmes2026\/gestos-i-llavors-16-doctubre\/\" class=\"more-link\">Continua llegint <span class=\"screen-reader-text\">\u00abQu\u00e8 em sustenta. Gestos i llavors. 16 d&#8217;octubre\u00bb<\/span><\/a><\/p>\n","protected":false},"author":5,"featured_media":0,"comment_status":"closed","ping_status":"","sticky":false,"template":"","format":"standard","meta":{"footnotes":""},"categories":[1],"tags":[],"class_list":["post-55","post","type-post","status-publish","format-standard","hentry","category-general"],"_links":{"self":[{"href":"\/jaumebalmes2026\/wp-json\/wp\/v2\/posts\/55","targetHints":{"allow":["GET"]}}],"collection":[{"href":"\/jaumebalmes2026\/wp-json\/wp\/v2\/posts"}],"about":[{"href":"\/jaumebalmes2026\/wp-json\/wp\/v2\/types\/post"}],"author":[{"embeddable":true,"href":"\/jaumebalmes2026\/wp-json\/wp\/v2\/users\/5"}],"replies":[{"embeddable":true,"href":"\/jaumebalmes2026\/wp-json\/wp\/v2\/comments?post=55"}],"version-history":[{"count":4,"href":"\/jaumebalmes2026\/wp-json\/wp\/v2\/posts\/55\/revisions"}],"predecessor-version":[{"id":172,"href":"\/jaumebalmes2026\/wp-json\/wp\/v2\/posts\/55\/revisions\/172"}],"wp:attachment":[{"href":"\/jaumebalmes2026\/wp-json\/wp\/v2\/media?parent=55"}],"wp:term":[{"taxonomy":"category","embeddable":true,"href":"\/jaumebalmes2026\/wp-json\/wp\/v2\/categories?post=55"},{"taxonomy":"post_tag","embeddable":true,"href":"\/jaumebalmes2026\/wp-json\/wp\/v2\/tags?post=55"}],"curies":[{"name":"wp","href":"https:\/\/api.w.org\/{rel}","templated":true}]}}