{"id":58,"date":"2025-12-28T20:08:51","date_gmt":"2025-12-28T18:08:51","guid":{"rendered":"\/jaumebalmes2026\/?p=58"},"modified":"2025-12-29T00:58:52","modified_gmt":"2025-12-28T22:58:52","slug":"jardins-i-remolins","status":"publish","type":"post","link":"\/jaumebalmes2026\/jardins-i-remolins\/","title":{"rendered":"Jardins i remolins. 30 d&#8217;octubre"},"content":{"rendered":"\n<p class=\"wp-block-paragraph\">Avui primer hem posat en com\u00fa els dibuixos de les mans i les formes de guix que hav\u00edem fet en grups i les hem posat totes juntes formant un jard\u00ed subjectiu. Cada grup ha explicat qu\u00e8 representen les coses que han posat. <strong>(Sara Alejandre)<\/strong><\/p>\n\n\n\n<figure class=\"wp-block-gallery has-nested-images columns-default is-cropped wp-block-gallery-1 is-layout-flex wp-block-gallery-is-layout-flex\">\n<figure class=\"wp-block-image size-large\"><img loading=\"lazy\" decoding=\"async\" width=\"1024\" height=\"768\" data-id=\"175\" src=\"\/jaumebalmes2026\/wp-content\/uploads\/2025\/12\/IMG_7946-1024x768.jpg\" alt=\"\" class=\"wp-image-175\" srcset=\"\/jaumebalmes2026\/wp-content\/uploads\/2025\/12\/IMG_7946-1024x768.jpg 1024w, \/jaumebalmes2026\/wp-content\/uploads\/2025\/12\/IMG_7946-300x225.jpg 300w, \/jaumebalmes2026\/wp-content\/uploads\/2025\/12\/IMG_7946-768x576.jpg 768w, \/jaumebalmes2026\/wp-content\/uploads\/2025\/12\/IMG_7946-1536x1152.jpg 1536w, \/jaumebalmes2026\/wp-content\/uploads\/2025\/12\/IMG_7946.jpg 2016w\" sizes=\"auto, (max-width: 767px) 89vw, (max-width: 1000px) 54vw, (max-width: 1071px) 543px, 580px\" \/><\/figure>\n\n\n\n<figure class=\"wp-block-image size-large\"><img loading=\"lazy\" decoding=\"async\" width=\"1024\" height=\"768\" data-id=\"174\" src=\"\/jaumebalmes2026\/wp-content\/uploads\/2025\/12\/IMG_7947-1024x768.jpg\" alt=\"\" class=\"wp-image-174\" srcset=\"\/jaumebalmes2026\/wp-content\/uploads\/2025\/12\/IMG_7947-1024x768.jpg 1024w, \/jaumebalmes2026\/wp-content\/uploads\/2025\/12\/IMG_7947-300x225.jpg 300w, \/jaumebalmes2026\/wp-content\/uploads\/2025\/12\/IMG_7947-768x576.jpg 768w, \/jaumebalmes2026\/wp-content\/uploads\/2025\/12\/IMG_7947-1536x1152.jpg 1536w, \/jaumebalmes2026\/wp-content\/uploads\/2025\/12\/IMG_7947.jpg 2016w\" sizes=\"auto, (max-width: 767px) 89vw, (max-width: 1000px) 54vw, (max-width: 1071px) 543px, 580px\" \/><\/figure>\n<\/figure>\n\n\n\n<p class=\"wp-block-paragraph\">Despr\u00e9s la Paula ens ha donat la carta del remol\u00ed que ens havia tocat el dia de l&#8217;excursi\u00f3 i l\u2019hem enganxat a la llibreta, i al costat de la carta hem fet una llista de llocs, objectes, persones, sentiments i animals que ens fessin pensar en un remol\u00ed<strong>. (Sara Alejandre)<\/strong><\/p>\n\n\n\n<p class=\"wp-block-paragraph\">Hem parlat sobre qu\u00e8 significa per a nosaltres la paraula \u00abremol\u00ed\u00bb. Molts de nosaltres hem dit que ens recorda a un lloc amb molt embolic, perdut, amb r\u00e0bia, per\u00f2 tamb\u00e9 ens recorda a coses positives com un remol\u00ed de amor, com quan sents el sentiment de estar enamorada o enamorat o que t&#8217;agrada alg\u00fa. <strong>(J\u00falia Garcia)<\/strong><\/p>\n\n\n\n<p class=\"wp-block-paragraph\">Ens ha dit que fem dibuixos sobre representar llocs, sentiments, objectes que relacionem amb el remol\u00ed; despr\u00e9s hem triat un d&#8217;aquells dibuixos per convertir-lo en fang. <strong>(Naiara C\u00e1rdenas)<\/strong><\/p>\n\n\n\n<p class=\"wp-block-paragraph\">Quan hem anat acabant&nbsp; la Paula ens ha donat fang i hem fet alguna de les coses que hav\u00edem apuntat o alguna altre cosa que ens fes pensar en un remol\u00ed. <strong>(Sara Alejandre)<\/strong><\/p>\n\n\n\n<p class=\"wp-block-paragraph\">Hem fet figures de fang que havien de representar i cadasc\u00fa ha fet un objecte diferent. Jo he fet un rellotge. <strong>(Andreu Casas)<\/strong><\/p>\n\n\n\n<p class=\"wp-block-paragraph\">Jo he fet una flor perqu\u00e8 he pensat que com hi ha molts tipus de flors i amb moltes mescles de colors \u00e9s bona idea fer una flor i que representi aquestes coses. Per altre banda, he fet una flor tamb\u00e9 perqu\u00e8 m&#8217;agrada la naturalesa i ho volia relacionar amb alguna cosa que tingui a veure.<strong> (J\u00falia Salma Mart\u00ednez)<\/strong><\/p>\n\n\n\n<p class=\"wp-block-paragraph\">Jo he ficat uns noms que representen molt a un amic. <strong>(Jose Vilela)<\/strong><\/p>\n\n\n\n<p class=\"wp-block-paragraph\">En el meu cas he fet una petita piscina amb aig\u00fces mogudes i una mandala. La piscina amb aig\u00fces mogudes, perqu\u00e8 em recorda els nervis i l&#8217;estr\u00e8s estar all\u00e0 dins, com a un remol\u00ed, i la mandala perqu\u00e8 \u00e9s el contrari, quan faig mandales em concentro i em relaxen. <strong>(Lola Moral)<\/strong><\/p>\n\n\n\n<p class=\"wp-block-paragraph\">En el meu cas, un v\u00e0ter amb una caca per representar el gir de l\u2019aigua.<strong> (Yassine Tazi)<\/strong><\/p>\n\n\n\n<p class=\"wp-block-paragraph\">He fet una tassa de caf\u00e8 perqu\u00e8 representa un nou dia per a mi. <strong>(Kaidi Xu)<\/strong><\/p>\n\n\n\n<p class=\"wp-block-paragraph\">Jo he decidit representar un cargol amb el fang, perqu\u00e8 la seva forma en espiral em recorda al moviment d\u2019un remol\u00ed. Per comen\u00e7ar, he agafat un tros de fang i l\u2019he treballat una mica amb les mans i l&#8217;aigua per estovar-lo i fer-lo m\u00e9s manejable. Despr\u00e9s he modelat primer el cos allargat del caragol. Tamb\u00e9 he fet detalls de la cara amb un llapis. Al final he afegit alguns detalls, com la punta de les antenes o petites marques a la closca per fer-la m\u00e9s realista. L\u2019activitat m\u2019ha agradat perqu\u00e8 he pogut transformar una idea en una figura amb les mans, i aix\u00f2 m\u2019ha fet reflexionar sobre la idea de \u201cremol\u00ed\u201d i en coses presents al meu entorn que em que em transmeten aquest sentiment. <strong>(Naia Valero)<\/strong><\/p>\n\n\n\n<p class=\"wp-block-paragraph\">M\u2019ha agradat molt imaginar qu\u00e8 ens transmet el remol\u00ed i transformar-ho en un dibuix. Convertir-lo en fang ha estat divertit per\u00f2 tamb\u00e9 complicat. M\u2019ha sorpr\u00e8s com cadasc\u00fa interpretava el remol\u00ed de forma diferent. Es relaciona amb els dies anteriors perqu\u00e8 continuem treballant el tema del moviment, les formes i l\u2019art amb materials naturals.<strong> (Naiara C\u00e1rdenas)<\/strong><\/p>\n\n\n\n<p class=\"wp-block-paragraph\">He trobat divertida l\u2019activitat inicial de pensar paraules relacionades amb un remol\u00ed, perqu\u00e8 m\u2019ha fet veure com cadasc\u00fa t\u00e9 el seu punt de vista.&nbsp; La idea de treballar amb fang al principi no m&#8217;ha agradat, per\u00f2 despr\u00e9s poc a poc m\u2019ha anat agradant; ha estat entretingut. M\u2019he sentit c\u00f2moda, relaxada i bastant creativa.&nbsp;He apr\u00e8s que una mateixa paraula pot tenir idees molt diferents. Aquesta activitat m\u2019ha ajudat a interpretar i imaginar. Puc relacionar aquesta sessi\u00f3 amb altres activitats creatives, com l\u2019escriptura o el dibuix, on tamb\u00e9 has de tenir una idea i posar la creativitat i imaginaci\u00f3. A m\u00e9s, em recorda exercicis de brainstorming&nbsp; que es fan en projectes de classe o treballs en grup. <strong>(Cristina Wacily<\/strong>)<\/p>\n\n\n\n<figure class=\"wp-block-image size-large\"><img loading=\"lazy\" decoding=\"async\" width=\"1024\" height=\"683\" src=\"\/jaumebalmes2026\/wp-content\/uploads\/2025\/12\/IMG_1585-1-1024x683.jpg\" alt=\"\" class=\"wp-image-105\" srcset=\"\/jaumebalmes2026\/wp-content\/uploads\/2025\/12\/IMG_1585-1-1024x683.jpg 1024w, \/jaumebalmes2026\/wp-content\/uploads\/2025\/12\/IMG_1585-1-300x200.jpg 300w, \/jaumebalmes2026\/wp-content\/uploads\/2025\/12\/IMG_1585-1-768x512.jpg 768w, \/jaumebalmes2026\/wp-content\/uploads\/2025\/12\/IMG_1585-1-1536x1024.jpg 1536w\" sizes=\"auto, (max-width: 767px) 89vw, (max-width: 1000px) 54vw, (max-width: 1071px) 543px, 580px\" \/><\/figure>\n\n\n\n<figure class=\"wp-block-image size-large\"><img loading=\"lazy\" decoding=\"async\" width=\"1024\" height=\"683\" src=\"\/jaumebalmes2026\/wp-content\/uploads\/2025\/12\/IMG_1581-1-1024x683.jpg\" alt=\"\" class=\"wp-image-104\" srcset=\"\/jaumebalmes2026\/wp-content\/uploads\/2025\/12\/IMG_1581-1-1024x683.jpg 1024w, \/jaumebalmes2026\/wp-content\/uploads\/2025\/12\/IMG_1581-1-300x200.jpg 300w, \/jaumebalmes2026\/wp-content\/uploads\/2025\/12\/IMG_1581-1-768x512.jpg 768w, \/jaumebalmes2026\/wp-content\/uploads\/2025\/12\/IMG_1581-1-1536x1024.jpg 1536w\" sizes=\"auto, (max-width: 767px) 89vw, (max-width: 1000px) 54vw, (max-width: 1071px) 543px, 580px\" \/><\/figure>\n\n\n\n<figure class=\"wp-block-image size-large\"><img loading=\"lazy\" decoding=\"async\" width=\"1024\" height=\"683\" src=\"\/jaumebalmes2026\/wp-content\/uploads\/2025\/12\/IMG_1577-1-1024x683.jpg\" alt=\"\" class=\"wp-image-101\" srcset=\"\/jaumebalmes2026\/wp-content\/uploads\/2025\/12\/IMG_1577-1-1024x683.jpg 1024w, \/jaumebalmes2026\/wp-content\/uploads\/2025\/12\/IMG_1577-1-300x200.jpg 300w, \/jaumebalmes2026\/wp-content\/uploads\/2025\/12\/IMG_1577-1-768x512.jpg 768w\" sizes=\"auto, (max-width: 767px) 89vw, (max-width: 1000px) 54vw, (max-width: 1071px) 543px, 580px\" \/><\/figure>\n\n\n\n<figure class=\"wp-block-image size-large\"><img loading=\"lazy\" decoding=\"async\" width=\"1024\" height=\"683\" src=\"\/jaumebalmes2026\/wp-content\/uploads\/2025\/12\/IMG_1586-1-1024x683.jpg\" alt=\"\" class=\"wp-image-102\" srcset=\"\/jaumebalmes2026\/wp-content\/uploads\/2025\/12\/IMG_1586-1-1024x683.jpg 1024w, \/jaumebalmes2026\/wp-content\/uploads\/2025\/12\/IMG_1586-1-300x200.jpg 300w, \/jaumebalmes2026\/wp-content\/uploads\/2025\/12\/IMG_1586-1-768x512.jpg 768w\" sizes=\"auto, (max-width: 767px) 89vw, (max-width: 1000px) 54vw, (max-width: 1071px) 543px, 580px\" \/><\/figure>\n\n\n\n<figure class=\"wp-block-image size-large\"><img loading=\"lazy\" decoding=\"async\" width=\"1024\" height=\"683\" src=\"\/jaumebalmes2026\/wp-content\/uploads\/2025\/12\/IMG_1587-1-1024x683.jpg\" alt=\"\" class=\"wp-image-103\" srcset=\"\/jaumebalmes2026\/wp-content\/uploads\/2025\/12\/IMG_1587-1-1024x683.jpg 1024w, \/jaumebalmes2026\/wp-content\/uploads\/2025\/12\/IMG_1587-1-300x200.jpg 300w, \/jaumebalmes2026\/wp-content\/uploads\/2025\/12\/IMG_1587-1-768x512.jpg 768w\" sizes=\"auto, (max-width: 767px) 89vw, (max-width: 1000px) 54vw, (max-width: 1071px) 543px, 580px\" \/><\/figure>\n\n\n\n<figure class=\"wp-block-image size-large\"><img loading=\"lazy\" decoding=\"async\" width=\"1024\" height=\"683\" src=\"\/jaumebalmes2026\/wp-content\/uploads\/2025\/12\/IMG_1574-1-1024x683.jpg\" alt=\"\" class=\"wp-image-100\" srcset=\"\/jaumebalmes2026\/wp-content\/uploads\/2025\/12\/IMG_1574-1-1024x683.jpg 1024w, \/jaumebalmes2026\/wp-content\/uploads\/2025\/12\/IMG_1574-1-300x200.jpg 300w, \/jaumebalmes2026\/wp-content\/uploads\/2025\/12\/IMG_1574-1-768x512.jpg 768w\" sizes=\"auto, (max-width: 767px) 89vw, (max-width: 1000px) 54vw, (max-width: 1071px) 543px, 580px\" \/><\/figure>\n\n\n\n<figure class=\"wp-block-image size-large\"><img loading=\"lazy\" decoding=\"async\" width=\"1024\" height=\"683\" src=\"\/jaumebalmes2026\/wp-content\/uploads\/2025\/12\/IMG_1579-1024x683.jpg\" alt=\"\" class=\"wp-image-84\" srcset=\"\/jaumebalmes2026\/wp-content\/uploads\/2025\/12\/IMG_1579-1024x683.jpg 1024w, \/jaumebalmes2026\/wp-content\/uploads\/2025\/12\/IMG_1579-300x200.jpg 300w, \/jaumebalmes2026\/wp-content\/uploads\/2025\/12\/IMG_1579-768x512.jpg 768w, \/jaumebalmes2026\/wp-content\/uploads\/2025\/12\/IMG_1579-1536x1024.jpg 1536w\" sizes=\"auto, (max-width: 767px) 89vw, (max-width: 1000px) 54vw, (max-width: 1071px) 543px, 580px\" \/><\/figure>\n","protected":false},"excerpt":{"rendered":"<p>Avui primer hem posat en com\u00fa els dibuixos de les mans i les formes de guix que hav\u00edem fet en grups i les hem posat totes juntes formant un jard\u00ed subjectiu. Cada grup ha explicat qu\u00e8 representen les coses que han posat. (Sara Alejandre) Despr\u00e9s la Paula ens ha donat la carta del remol\u00ed que &hellip; <\/p>\n<p class=\"link-more\"><a href=\"\/jaumebalmes2026\/jardins-i-remolins\/\" class=\"more-link\">Continua llegint <span class=\"screen-reader-text\">\u00abJardins i remolins. 30 d&#8217;octubre\u00bb<\/span><\/a><\/p>\n","protected":false},"author":5,"featured_media":0,"comment_status":"closed","ping_status":"","sticky":false,"template":"","format":"standard","meta":{"footnotes":""},"categories":[1],"tags":[],"class_list":["post-58","post","type-post","status-publish","format-standard","hentry","category-general"],"_links":{"self":[{"href":"\/jaumebalmes2026\/wp-json\/wp\/v2\/posts\/58","targetHints":{"allow":["GET"]}}],"collection":[{"href":"\/jaumebalmes2026\/wp-json\/wp\/v2\/posts"}],"about":[{"href":"\/jaumebalmes2026\/wp-json\/wp\/v2\/types\/post"}],"author":[{"embeddable":true,"href":"\/jaumebalmes2026\/wp-json\/wp\/v2\/users\/5"}],"replies":[{"embeddable":true,"href":"\/jaumebalmes2026\/wp-json\/wp\/v2\/comments?post=58"}],"version-history":[{"count":6,"href":"\/jaumebalmes2026\/wp-json\/wp\/v2\/posts\/58\/revisions"}],"predecessor-version":[{"id":176,"href":"\/jaumebalmes2026\/wp-json\/wp\/v2\/posts\/58\/revisions\/176"}],"wp:attachment":[{"href":"\/jaumebalmes2026\/wp-json\/wp\/v2\/media?parent=58"}],"wp:term":[{"taxonomy":"category","embeddable":true,"href":"\/jaumebalmes2026\/wp-json\/wp\/v2\/categories?post=58"},{"taxonomy":"post_tag","embeddable":true,"href":"\/jaumebalmes2026\/wp-json\/wp\/v2\/tags?post=58"}],"curies":[{"name":"wp","href":"https:\/\/api.w.org\/{rel}","templated":true}]}}