{"id":63,"date":"2025-12-28T20:18:54","date_gmt":"2025-12-28T18:18:54","guid":{"rendered":"\/jaumebalmes2026\/?p=63"},"modified":"2025-12-29T01:03:06","modified_gmt":"2025-12-28T23:03:06","slug":"artistes","status":"publish","type":"post","link":"\/jaumebalmes2026\/artistes\/","title":{"rendered":"Artistes i m\u00e9s remol\u00ed. 6 de novembre"},"content":{"rendered":"\n<h1 class=\"wp-block-heading\"><\/h1>\n\n\n\n<p class=\"wp-block-paragraph\">Hem comen\u00e7at la sessi\u00f3 veient v\u00eddeos de diferents artistes. La Paula ens ha mostrat fragments breus amb v\u00eddeos dels seus treballs i de diversos creadors contemporanis. Cada artista treballa amb materials o idees diferents. Aquests s\u00f3n els artistes que hem vist i, qu\u00e8 fa cadascun:<\/p>\n\n\n\n<ol class=\"wp-block-list\">\n<li>Dami\u00e1n Ortega \u2013 objectes desmuntats<\/li>\n\n\n\n<li>-Fischli &amp; Weiss \u2013 accions chain-reaction<\/li>\n\n\n\n<li>-Tarek Atoui \u2013 so experimental<\/li>\n\n\n\n<li>-Maika Garnica \u2013 cer\u00e0mica sonora<\/li>\n\n\n\n<li>-Leon D. V\u00e1squez \u2013 escultura org\u00e0nica<\/li>\n\n\n\n<li>-Paula Bruna \u2013 art-natura<\/li>\n<\/ol>\n\n\n\n<p class=\"wp-block-paragraph\">Despr\u00e9s de visualitzar aquests v\u00eddeos, la Paula ens ha explicat una mica m\u00e9s sobre alguns dels projectes, circuits o obres que han realitzat.<\/p>\n\n\n\n<figure class=\"wp-block-gallery has-nested-images columns-default is-cropped wp-block-gallery-1 is-layout-flex wp-block-gallery-is-layout-flex\">\n<figure class=\"wp-block-image size-large\"><img loading=\"lazy\" decoding=\"async\" width=\"1024\" height=\"768\" data-id=\"136\" src=\"\/jaumebalmes2026\/wp-content\/uploads\/2025\/12\/IMG_7975-1024x768.jpg\" alt=\"\" class=\"wp-image-136\" srcset=\"\/jaumebalmes2026\/wp-content\/uploads\/2025\/12\/IMG_7975-1024x768.jpg 1024w, \/jaumebalmes2026\/wp-content\/uploads\/2025\/12\/IMG_7975-300x225.jpg 300w, \/jaumebalmes2026\/wp-content\/uploads\/2025\/12\/IMG_7975-768x576.jpg 768w, \/jaumebalmes2026\/wp-content\/uploads\/2025\/12\/IMG_7975-1536x1152.jpg 1536w, \/jaumebalmes2026\/wp-content\/uploads\/2025\/12\/IMG_7975-2048x1536.jpg 2048w\" sizes=\"auto, (max-width: 767px) 89vw, (max-width: 1000px) 54vw, (max-width: 1071px) 543px, 580px\" \/><\/figure>\n\n\n\n<figure class=\"wp-block-image size-large\"><img loading=\"lazy\" decoding=\"async\" width=\"1024\" height=\"768\" data-id=\"138\" src=\"\/jaumebalmes2026\/wp-content\/uploads\/2025\/12\/IMG_7978-1024x768.jpg\" alt=\"\" class=\"wp-image-138\" srcset=\"\/jaumebalmes2026\/wp-content\/uploads\/2025\/12\/IMG_7978-1024x768.jpg 1024w, \/jaumebalmes2026\/wp-content\/uploads\/2025\/12\/IMG_7978-300x225.jpg 300w, \/jaumebalmes2026\/wp-content\/uploads\/2025\/12\/IMG_7978-768x576.jpg 768w, \/jaumebalmes2026\/wp-content\/uploads\/2025\/12\/IMG_7978-1536x1152.jpg 1536w, \/jaumebalmes2026\/wp-content\/uploads\/2025\/12\/IMG_7978-2048x1536.jpg 2048w\" sizes=\"auto, (max-width: 767px) 89vw, (max-width: 1000px) 54vw, (max-width: 1071px) 543px, 580px\" \/><\/figure>\n\n\n\n<figure class=\"wp-block-image size-large\"><img loading=\"lazy\" decoding=\"async\" width=\"1024\" height=\"768\" data-id=\"139\" src=\"\/jaumebalmes2026\/wp-content\/uploads\/2025\/12\/IMG_7977-1024x768.jpg\" alt=\"\" class=\"wp-image-139\" srcset=\"\/jaumebalmes2026\/wp-content\/uploads\/2025\/12\/IMG_7977-1024x768.jpg 1024w, \/jaumebalmes2026\/wp-content\/uploads\/2025\/12\/IMG_7977-300x225.jpg 300w, \/jaumebalmes2026\/wp-content\/uploads\/2025\/12\/IMG_7977-768x576.jpg 768w, \/jaumebalmes2026\/wp-content\/uploads\/2025\/12\/IMG_7977-1536x1152.jpg 1536w, \/jaumebalmes2026\/wp-content\/uploads\/2025\/12\/IMG_7977-2048x1536.jpg 2048w\" sizes=\"auto, (max-width: 767px) 89vw, (max-width: 1000px) 54vw, (max-width: 1071px) 543px, 580px\" \/><\/figure>\n<\/figure>\n\n\n\n<p class=\"wp-block-paragraph\">Quan hem acabat aquesta primera part, hem passat a una activitat pr\u00e0ctica. Amb celo enganxat al terra, objectes de la classe i el fang que hav\u00edem creat el dia anterior, hav\u00edem de construir entre tots un gran remol\u00ed. El celo marcava el recorregut, i a partir d\u2019aqu\u00ed cada persona podia col\u00b7locar lliurement objectes o la seva pe\u00e7a de fang dins del circuit del remol\u00ed.<\/p>\n\n\n\n<p class=\"wp-block-paragraph\">Quan el remol\u00ed ha quedat complet, hem fet una volta seguint el cam\u00ed que hav\u00edem creat. En ordre, cada persona explicava qu\u00e8 havia posat, on, i sobretot per qu\u00e8, incloent la ra\u00f3 de la pe\u00e7a de fang que hav\u00edem fet el dia anterior. <\/p>\n\n\n\n<p class=\"wp-block-paragraph\">M&#8217;ha agradat molt veure v\u00eddeos d\u2019artistes diferents, sobretot perqu\u00e8 cadascun treballa d\u2019una manera molt distinta. M&#8217;ha donat noves idees sobre l\u2019art. L\u2019activitat del remol\u00ed ha estat divertida i molt col\u00b7laborativa. Explicar qu\u00e8 havia fet i per qu\u00e8 tamb\u00e9 m&#8217;ha ajudat a ser m\u00e9s conscient del que estava creant.&nbsp;<\/p>\n\n\n\n<p class=\"wp-block-paragraph\">He apr\u00e8s que l\u2019art pot prendre moltes formes i que els artistes utilitzen materials molt diversos. Tamb\u00e9 he ent\u00e8s que un treball col\u00b7laboratiu necessita participaci\u00f3 conjunta i sentit. A m\u00e9s, m\u2019ha ajudat a reflexionar sobre la meva pr\u00f2pia pe\u00e7a de fang i sobre la intenci\u00f3 que hi havia al darrere.&nbsp;<strong>(Cristina Wacily)<\/strong><\/p>\n\n\n\n<p class=\"wp-block-paragraph\">Un dels artistes que m&#8217;ha cridat m\u00e9s l\u2019atenci\u00f3 \u00e9s Fischli and Weiss. En un dels seus v\u00eddeos, hem vist un circuit creat amb tot tipus d\u2019objectes que s\u2019activaven els uns als altres, com una reacci\u00f3 en cadena. El recorregut acaba amb tot en flames.<\/p>\n\n\n\n<p class=\"wp-block-paragraph\">Finalment, hem reflexionat conjuntament sobre per qu\u00e8 hav\u00edem situat cada objecte en un lloc concret del remol\u00ed i que representava.&nbsp;<strong>(Naia Valero)<\/strong><\/p>\n","protected":false},"excerpt":{"rendered":"<p>Hem comen\u00e7at la sessi\u00f3 veient v\u00eddeos de diferents artistes. La Paula ens ha mostrat fragments breus amb v\u00eddeos dels seus treballs i de diversos creadors contemporanis. Cada artista treballa amb materials o idees diferents. Aquests s\u00f3n els artistes que hem vist i, qu\u00e8 fa cadascun: Despr\u00e9s de visualitzar aquests v\u00eddeos, la Paula ens ha explicat &hellip; <\/p>\n<p class=\"link-more\"><a href=\"\/jaumebalmes2026\/artistes\/\" class=\"more-link\">Continua llegint <span class=\"screen-reader-text\">\u00abArtistes i m\u00e9s remol\u00ed. 6 de novembre\u00bb<\/span><\/a><\/p>\n","protected":false},"author":5,"featured_media":0,"comment_status":"closed","ping_status":"","sticky":false,"template":"","format":"standard","meta":{"footnotes":""},"categories":[1],"tags":[],"class_list":["post-63","post","type-post","status-publish","format-standard","hentry","category-general"],"_links":{"self":[{"href":"\/jaumebalmes2026\/wp-json\/wp\/v2\/posts\/63","targetHints":{"allow":["GET"]}}],"collection":[{"href":"\/jaumebalmes2026\/wp-json\/wp\/v2\/posts"}],"about":[{"href":"\/jaumebalmes2026\/wp-json\/wp\/v2\/types\/post"}],"author":[{"embeddable":true,"href":"\/jaumebalmes2026\/wp-json\/wp\/v2\/users\/5"}],"replies":[{"embeddable":true,"href":"\/jaumebalmes2026\/wp-json\/wp\/v2\/comments?post=63"}],"version-history":[{"count":7,"href":"\/jaumebalmes2026\/wp-json\/wp\/v2\/posts\/63\/revisions"}],"predecessor-version":[{"id":181,"href":"\/jaumebalmes2026\/wp-json\/wp\/v2\/posts\/63\/revisions\/181"}],"wp:attachment":[{"href":"\/jaumebalmes2026\/wp-json\/wp\/v2\/media?parent=63"}],"wp:term":[{"taxonomy":"category","embeddable":true,"href":"\/jaumebalmes2026\/wp-json\/wp\/v2\/categories?post=63"},{"taxonomy":"post_tag","embeddable":true,"href":"\/jaumebalmes2026\/wp-json\/wp\/v2\/tags?post=63"}],"curies":[{"name":"wp","href":"https:\/\/api.w.org\/{rel}","templated":true}]}}