{"id":73,"date":"2025-12-28T21:53:05","date_gmt":"2025-12-28T19:53:05","guid":{"rendered":"\/jaumebalmes2026\/?p=73"},"modified":"2025-12-29T01:35:38","modified_gmt":"2025-12-28T23:35:38","slug":"nostalgia-del-futur-travessant-el-collapse-a-la-capella","status":"publish","type":"post","link":"\/jaumebalmes2026\/nostalgia-del-futur-travessant-el-collapse-a-la-capella\/","title":{"rendered":"\u201cNost\u00e0lgia del futur: travessant el col\u00b7lapse\u201d, a La Capella. 4 de desembre"},"content":{"rendered":"\n<p class=\"wp-block-paragraph\"><a href=\"https:\/\/www.lacapella.barcelona\/ca\/programacio\/exposicions\/nostalgia-de-futur-travessant-el-collapse\">https:\/\/www.lacapella.barcelona\/ca\/programacio\/exposicions\/nostalgia-de-futur-travessant-el-collapse<\/a> <\/p>\n\n\n\n<p class=\"wp-block-paragraph\"><a href=\"https:\/\/www.bonart.cat\/ca\/n\/45854\/nostalgia-de-futur-atravesant-el-collaps\">https:\/\/www.bonart.cat\/ca\/n\/45854\/nostalgia-de-futur-atravesant-el-collaps<\/a><\/p>\n\n\n\n<p class=\"wp-block-paragraph\"><\/p>\n\n\n\n<p class=\"wp-block-paragraph\">Hem fet una sortida al Raval per visitar una exposici\u00f3. Primer hem recorregut una mica la zona per situar-nos i entendre l\u2019entorn, i despr\u00e9s hem entrat a l\u2019exposici\u00f3 per observar les obres amb calma.<\/p>\n\n\n\n<p class=\"wp-block-paragraph\">Un cop dins, hem fet una activitat per grups. Cada grup havia d\u2019escollir un element o una obra de l\u2019exposici\u00f3 i imaginar-li una nova funci\u00f3, de la mateixa manera que ja hav\u00edem fet en una activitat anterior amb els invents. La idea era mirar les peces d\u2019una altra manera i transformar el seu significat a trav\u00e9s de la imaginaci\u00f3.<\/p>\n\n\n\n<p class=\"wp-block-paragraph\">Quan ha acabat l\u2019activitat, hem compartit les idees entre els grups i aix\u00ed s&#8217;ha tancat la sessi\u00f3.<\/p>\n\n\n\n<p class=\"wp-block-paragraph\">M&#8217;ha agradat sortir del centre i visitar una exposici\u00f3 real, perqu\u00e8 veure les obres fa que tot tingui m\u00e9s sentit. Treballar en grup m&#8217;ha ajudat a escoltar idees diferents i a construir una proposta conjunta. Tamb\u00e9 m&#8217;ha semblat interessant tornar a fer l\u2019exercici de canviar la funci\u00f3 d\u2019un objecte, per\u00f2 aquesta vegada a partir d\u2019obres d\u2019art.&nbsp;<\/p>\n\n\n\n<p class=\"wp-block-paragraph\">He apr\u00e8s que una exposici\u00f3 no nom\u00e9s serveix per mirar, sin\u00f3 tamb\u00e9 per pensar i reinterpretar. Canviar la funci\u00f3 d\u2019una obra m\u2019ha ajudat a entendre que l\u2019art no necessita paraules. Tamb\u00e9 he apr\u00e8s a observar amb m\u00e9s atenci\u00f3 i a treballar en grup. <strong>(Cristina Wacily)<\/strong><\/p>\n\n\n\n<p class=\"wp-block-paragraph\">Hem entrat a una exposici\u00f3 que es diu \u201c<em>Nost\u00e0lgia del futur: travessant el col\u00b7lapse<\/em>\u201d, que parla d\u2019una mena de nost\u00e0lgia per un futur que no arribar\u00e0. Primer, en grups, ens hem inventat el significat d\u2019un objecte i hem explicat el seu origen i tot el que ens imagin\u00e0vem. Despr\u00e9s ens han fer una visita guiada per tota l\u2019exposici\u00f3.<br>L\u2019exposici\u00f3 m&#8217;ha fet pensar en com sovint imaginem futurs perfectes que despr\u00e9s no passen com esper\u00e0vem. M&#8217;ha agradat perqu\u00e8 barrejava art i imaginaci\u00f3, i et feia mirar els objectes d\u2019una manera diferent, com si tots poguessin explicar una hist\u00f2ria. Tamb\u00e9 m&#8217;ha servit per entendre que el futur no \u00e9s una cosa fixa, sin\u00f3 que va canviant segons com mirem el present. Ha estat una experi\u00e8ncia interessant i diferent del que fem normalment a classe. <strong>(Claudia Royuela)<\/strong><\/p>\n\n\n\n<p class=\"wp-block-paragraph\">Nosaltres hem triat uns fils molt llargs que penjaven i els hem donat el significat d&#8217;un arpa que cada corda \u00e9s un record. Despr\u00e9s de posar-ho en com\u00fa hem fet una visita guiada. L&#8217;exposici\u00f3 va sobre un futur apocal\u00edptic i la nost\u00e0lgia de pensar en un futur que podr\u00edem haver tingut per\u00f2 no tindrem.<\/p>\n\n\n\n<p class=\"wp-block-paragraph\">M&#8217;ha agradat molt la exposici\u00f3 ja que m&#8217;ha fet reflexionar sobre el mal que hem fet els humans al planeta i m&#8217;ha fet pensar en com crec que ser\u00e0 el futur d&#8217;aqu\u00ed molts anys. <strong>(Sara Alejandre)<\/strong><\/p>\n\n\n\n<p class=\"wp-block-paragraph\">M&#8217;ha agradat poder escollir lliurement un objecte de l\u2019exposici\u00f3 i imaginar-lo com si fos meu. M&#8217;ha semblat interessant escoltar les explicacions dels companys i veure que un mateix objecte pot tenir significats molt diferents. <\/p>\n\n\n\n<p class=\"wp-block-paragraph\">He apr\u00e8s a interpretar obres i objectes d\u2019una exposici\u00f3 d\u2019una manera m\u00e9s personal, i a expressar les meves idees davant dels altres.<\/p>\n\n\n\n<p class=\"wp-block-paragraph\">Aquesta activitat es relaciona amb el dia 13 de novembre, quan vam transformar objectes i imaginar-los amb funcions diferents. Tamb\u00e9 connecta amb tot el projecte, ja que treballa la creativitat i l\u2019expressi\u00f3 personal. <strong>(Naiara C\u00e1rdenas)<\/strong><\/p>\n\n\n\n<figure class=\"wp-block-gallery has-nested-images columns-default is-cropped wp-block-gallery-1 is-layout-flex wp-block-gallery-is-layout-flex\">\n<figure class=\"wp-block-image size-large\"><img loading=\"lazy\" decoding=\"async\" width=\"640\" height=\"480\" data-id=\"197\" src=\"\/jaumebalmes2026\/wp-content\/uploads\/2025\/12\/image-3.png\" alt=\"\" class=\"wp-image-197\" srcset=\"\/jaumebalmes2026\/wp-content\/uploads\/2025\/12\/image-3.png 640w, \/jaumebalmes2026\/wp-content\/uploads\/2025\/12\/image-3-300x225.png 300w\" sizes=\"auto, (max-width: 640px) 100vw, 640px\" \/><\/figure>\n\n\n\n<figure class=\"wp-block-image size-large\"><img loading=\"lazy\" decoding=\"async\" width=\"640\" height=\"520\" data-id=\"198\" src=\"\/jaumebalmes2026\/wp-content\/uploads\/2025\/12\/image-2.png\" alt=\"\" class=\"wp-image-198\" srcset=\"\/jaumebalmes2026\/wp-content\/uploads\/2025\/12\/image-2.png 640w, \/jaumebalmes2026\/wp-content\/uploads\/2025\/12\/image-2-300x244.png 300w\" sizes=\"auto, (max-width: 640px) 100vw, 640px\" \/><\/figure>\n<\/figure>\n\n\n\n<figure class=\"wp-block-image size-large\"><img loading=\"lazy\" decoding=\"async\" width=\"640\" height=\"480\" src=\"\/jaumebalmes2026\/wp-content\/uploads\/2025\/12\/image.png\" alt=\"\" class=\"wp-image-200\" srcset=\"\/jaumebalmes2026\/wp-content\/uploads\/2025\/12\/image.png 640w, \/jaumebalmes2026\/wp-content\/uploads\/2025\/12\/image-300x225.png 300w\" sizes=\"auto, (max-width: 640px) 100vw, 640px\" \/><\/figure>\n","protected":false},"excerpt":{"rendered":"<p>https:\/\/www.lacapella.barcelona\/ca\/programacio\/exposicions\/nostalgia-de-futur-travessant-el-collapse https:\/\/www.bonart.cat\/ca\/n\/45854\/nostalgia-de-futur-atravesant-el-collaps Hem fet una sortida al Raval per visitar una exposici\u00f3. Primer hem recorregut una mica la zona per situar-nos i entendre l\u2019entorn, i despr\u00e9s hem entrat a l\u2019exposici\u00f3 per observar les obres amb calma. Un cop dins, hem fet una activitat per grups. Cada grup havia d\u2019escollir un element o una obra de &hellip; <\/p>\n<p class=\"link-more\"><a href=\"\/jaumebalmes2026\/nostalgia-del-futur-travessant-el-collapse-a-la-capella\/\" class=\"more-link\">Continua llegint <span class=\"screen-reader-text\">\u00ab\u201cNost\u00e0lgia del futur: travessant el col\u00b7lapse\u201d, a La Capella. 4 de desembre\u00bb<\/span><\/a><\/p>\n","protected":false},"author":5,"featured_media":0,"comment_status":"closed","ping_status":"","sticky":false,"template":"","format":"standard","meta":{"footnotes":""},"categories":[1],"tags":[],"class_list":["post-73","post","type-post","status-publish","format-standard","hentry","category-general"],"_links":{"self":[{"href":"\/jaumebalmes2026\/wp-json\/wp\/v2\/posts\/73","targetHints":{"allow":["GET"]}}],"collection":[{"href":"\/jaumebalmes2026\/wp-json\/wp\/v2\/posts"}],"about":[{"href":"\/jaumebalmes2026\/wp-json\/wp\/v2\/types\/post"}],"author":[{"embeddable":true,"href":"\/jaumebalmes2026\/wp-json\/wp\/v2\/users\/5"}],"replies":[{"embeddable":true,"href":"\/jaumebalmes2026\/wp-json\/wp\/v2\/comments?post=73"}],"version-history":[{"count":3,"href":"\/jaumebalmes2026\/wp-json\/wp\/v2\/posts\/73\/revisions"}],"predecessor-version":[{"id":202,"href":"\/jaumebalmes2026\/wp-json\/wp\/v2\/posts\/73\/revisions\/202"}],"wp:attachment":[{"href":"\/jaumebalmes2026\/wp-json\/wp\/v2\/media?parent=73"}],"wp:term":[{"taxonomy":"category","embeddable":true,"href":"\/jaumebalmes2026\/wp-json\/wp\/v2\/categories?post=73"},{"taxonomy":"post_tag","embeddable":true,"href":"\/jaumebalmes2026\/wp-json\/wp\/v2\/tags?post=73"}],"curies":[{"name":"wp","href":"https:\/\/api.w.org\/{rel}","templated":true}]}}