{"id":52,"date":"2025-11-05T14:29:00","date_gmt":"2025-11-05T12:29:00","guid":{"rendered":"\/jaumebotey2026\/?p=52"},"modified":"2025-11-05T14:29:00","modified_gmt":"2025-11-05T12:29:00","slug":"primeres-sessions-a-la-capella-i-a-linstitut","status":"publish","type":"post","link":"\/jaumebotey2026\/primeres-sessions-a-la-capella-i-a-linstitut\/","title":{"rendered":"Primeres sessions: a La Capella i a l&#8217;Institut"},"content":{"rendered":"\n<p class=\"wp-block-paragraph\">El 25 de setembre, la classe d\u2019Expressi\u00f3 Art\u00edstica de l&#8217;Institut Jaume Botey de l&#8217;Hospitalet es va reunir a la Capella amb l\u2019artista Milena Rossignoli i la mediadora Agn\u00e8s Sebasti\u00e0. La finalitat era visitar l\u2019exposici\u00f3 de la Milena en el marc del projecte En Resid\u00e8ncia, del qual formem part integrant.<\/p>\n\n\n\n<p class=\"wp-block-paragraph\">Vam accedir a l\u2019exposici\u00f3 per la part del darrere, que \u00e9s per on entren els treballadors, els artistes i els organitzadors. All\u00e0 vam veure diferents obres d\u2019artistes i el treball de la Milena. Ella ens va explicar que expressava algunes de\u00a0 les seves viv\u00e8ncies i que moltes d\u2019aquestes quedaven integrades en el proc\u00e9s de l\u2019obra (la mort del seu pare, les guerres al m\u00f3n representades per la hist\u00f2ria de Bola de Drac, l\u2019Art Marcial de l\u2019Aikid\u014d).<\/p>\n\n\n\n<figure class=\"wp-block-image size-large\"><img loading=\"lazy\" decoding=\"async\" width=\"768\" height=\"1024\" src=\"\/jaumebotey2026\/wp-content\/uploads\/2025\/11\/image-1-768x1024.jpeg\" alt=\"\" class=\"wp-image-54\" srcset=\"\/jaumebotey2026\/wp-content\/uploads\/2025\/11\/image-1-768x1024.jpeg 768w, \/jaumebotey2026\/wp-content\/uploads\/2025\/11\/image-1-225x300.jpeg 225w, \/jaumebotey2026\/wp-content\/uploads\/2025\/11\/image-1-1152x1536.jpeg 1152w, \/jaumebotey2026\/wp-content\/uploads\/2025\/11\/image-1.jpeg 1200w\" sizes=\"auto, (max-width: 767px) 89vw, (max-width: 1000px) 54vw, (max-width: 1071px) 543px, 580px\" \/><\/figure>\n\n\n\n<p class=\"wp-block-paragraph\">Despr\u00e9s de consultar els nostres dubtes i fer diferents preguntes,&nbsp; l\u2019artista ens va animar a fer propostes que durem a terme al llarg de les properes sessions&nbsp; (fer segells, mini figures de cer\u00e0mica, un escape room art\u00edstic, fer paper reciclat, fer una classe d\u2019Aikido, entre altres).&nbsp;<\/p>\n\n\n\n<figure class=\"wp-block-gallery has-nested-images columns-default is-cropped wp-block-gallery-1 is-layout-flex wp-block-gallery-is-layout-flex\">\n<figure class=\"wp-block-image size-full\"><img loading=\"lazy\" decoding=\"async\" width=\"1600\" height=\"1200\" data-id=\"57\" src=\"\/jaumebotey2026\/wp-content\/uploads\/2025\/11\/25_09_25_La_Capella22.jpeg\" alt=\"\" class=\"wp-image-57\" srcset=\"\/jaumebotey2026\/wp-content\/uploads\/2025\/11\/25_09_25_La_Capella22.jpeg 1600w, \/jaumebotey2026\/wp-content\/uploads\/2025\/11\/25_09_25_La_Capella22-300x225.jpeg 300w, \/jaumebotey2026\/wp-content\/uploads\/2025\/11\/25_09_25_La_Capella22-1024x768.jpeg 1024w, \/jaumebotey2026\/wp-content\/uploads\/2025\/11\/25_09_25_La_Capella22-768x576.jpeg 768w, \/jaumebotey2026\/wp-content\/uploads\/2025\/11\/25_09_25_La_Capella22-1536x1152.jpeg 1536w\" sizes=\"auto, (max-width: 767px) 89vw, (max-width: 1000px) 54vw, (max-width: 1071px) 543px, 580px\" \/><\/figure>\n\n\n\n<figure class=\"wp-block-image size-full\"><img loading=\"lazy\" decoding=\"async\" width=\"1024\" height=\"683\" data-id=\"63\" src=\"\/jaumebotey2026\/wp-content\/uploads\/2025\/11\/25_09_25_La_Capella07.jpg\" alt=\"\" class=\"wp-image-63\" srcset=\"\/jaumebotey2026\/wp-content\/uploads\/2025\/11\/25_09_25_La_Capella07.jpg 1024w, \/jaumebotey2026\/wp-content\/uploads\/2025\/11\/25_09_25_La_Capella07-300x200.jpg 300w, \/jaumebotey2026\/wp-content\/uploads\/2025\/11\/25_09_25_La_Capella07-768x512.jpg 768w\" sizes=\"auto, (max-width: 767px) 89vw, (max-width: 1000px) 54vw, (max-width: 1071px) 543px, 580px\" \/><\/figure>\n\n\n\n<figure class=\"wp-block-image size-full\"><img loading=\"lazy\" decoding=\"async\" width=\"1024\" height=\"683\" data-id=\"61\" src=\"\/jaumebotey2026\/wp-content\/uploads\/2025\/11\/25_09_25_La_Capella13-1.jpg\" alt=\"\" class=\"wp-image-61\" srcset=\"\/jaumebotey2026\/wp-content\/uploads\/2025\/11\/25_09_25_La_Capella13-1.jpg 1024w, \/jaumebotey2026\/wp-content\/uploads\/2025\/11\/25_09_25_La_Capella13-1-300x200.jpg 300w, \/jaumebotey2026\/wp-content\/uploads\/2025\/11\/25_09_25_La_Capella13-1-768x512.jpg 768w\" sizes=\"auto, (max-width: 767px) 89vw, (max-width: 1000px) 54vw, (max-width: 1071px) 543px, 580px\" \/><\/figure>\n\n\n\n<figure class=\"wp-block-image size-full\"><img loading=\"lazy\" decoding=\"async\" width=\"1024\" height=\"683\" data-id=\"62\" src=\"\/jaumebotey2026\/wp-content\/uploads\/2025\/11\/25_09_25_La_Capella19-1.jpg\" alt=\"\" class=\"wp-image-62\" srcset=\"\/jaumebotey2026\/wp-content\/uploads\/2025\/11\/25_09_25_La_Capella19-1.jpg 1024w, \/jaumebotey2026\/wp-content\/uploads\/2025\/11\/25_09_25_La_Capella19-1-300x200.jpg 300w, \/jaumebotey2026\/wp-content\/uploads\/2025\/11\/25_09_25_La_Capella19-1-768x512.jpg 768w\" sizes=\"auto, (max-width: 767px) 89vw, (max-width: 1000px) 54vw, (max-width: 1071px) 543px, 580px\" \/><\/figure>\n\n\n\n<figure class=\"wp-block-image size-full\"><img loading=\"lazy\" decoding=\"async\" width=\"1024\" height=\"683\" data-id=\"60\" src=\"\/jaumebotey2026\/wp-content\/uploads\/2025\/11\/25_09_25_La_Capella11-1.jpg\" alt=\"\" class=\"wp-image-60\" srcset=\"\/jaumebotey2026\/wp-content\/uploads\/2025\/11\/25_09_25_La_Capella11-1.jpg 1024w, \/jaumebotey2026\/wp-content\/uploads\/2025\/11\/25_09_25_La_Capella11-1-300x200.jpg 300w, \/jaumebotey2026\/wp-content\/uploads\/2025\/11\/25_09_25_La_Capella11-1-768x512.jpg 768w\" sizes=\"auto, (max-width: 767px) 89vw, (max-width: 1000px) 54vw, (max-width: 1071px) 543px, 580px\" \/><\/figure>\n<\/figure>\n\n\n\n<p class=\"wp-block-paragraph\">Tamb\u00e9 hem preparat la benvinguda de la Milena i l&#8217;Agn\u00e8s al nostre institut.\u00a0<\/p>\n\n\n\n<p class=\"wp-block-paragraph\">La Milena ha visitat l\u2019institut i l\u2019hem fet un tour per totes les instal\u00b7lacions, vam comen\u00e7ar pel final, com va fer ella quan la vam visitar, entrant per la part del darrere. El fet de fer aix\u00f2 reivindica la part menys visible d\u2019una exposici\u00f3, com el personal obrer que construeix l\u2019exposici\u00f3: t\u00e8cnics, personal administratiu, neteja etc. <\/p>\n\n\n\n<figure class=\"wp-block-gallery has-nested-images columns-default is-cropped wp-block-gallery-2 is-layout-flex wp-block-gallery-is-layout-flex\">\n<figure class=\"wp-block-image size-large\"><img loading=\"lazy\" decoding=\"async\" width=\"1024\" height=\"768\" data-id=\"67\" src=\"\/jaumebotey2026\/wp-content\/uploads\/2025\/11\/WhatsApp-Image-2025-11-05-at-13.13.33-1-1024x768.jpeg\" alt=\"\" class=\"wp-image-67\" srcset=\"\/jaumebotey2026\/wp-content\/uploads\/2025\/11\/WhatsApp-Image-2025-11-05-at-13.13.33-1-1024x768.jpeg 1024w, \/jaumebotey2026\/wp-content\/uploads\/2025\/11\/WhatsApp-Image-2025-11-05-at-13.13.33-1-300x225.jpeg 300w, \/jaumebotey2026\/wp-content\/uploads\/2025\/11\/WhatsApp-Image-2025-11-05-at-13.13.33-1-768x576.jpeg 768w, \/jaumebotey2026\/wp-content\/uploads\/2025\/11\/WhatsApp-Image-2025-11-05-at-13.13.33-1-1536x1152.jpeg 1536w, \/jaumebotey2026\/wp-content\/uploads\/2025\/11\/WhatsApp-Image-2025-11-05-at-13.13.33-1.jpeg 1600w\" sizes=\"auto, (max-width: 767px) 89vw, (max-width: 1000px) 54vw, (max-width: 1071px) 543px, 580px\" \/><\/figure>\n\n\n\n<figure class=\"wp-block-image size-large\"><img loading=\"lazy\" decoding=\"async\" width=\"1024\" height=\"768\" data-id=\"68\" src=\"\/jaumebotey2026\/wp-content\/uploads\/2025\/11\/WhatsApp-Image-2025-11-05-at-13.13.33-1024x768.jpeg\" alt=\"\" class=\"wp-image-68\" srcset=\"\/jaumebotey2026\/wp-content\/uploads\/2025\/11\/WhatsApp-Image-2025-11-05-at-13.13.33-1024x768.jpeg 1024w, \/jaumebotey2026\/wp-content\/uploads\/2025\/11\/WhatsApp-Image-2025-11-05-at-13.13.33-300x225.jpeg 300w, \/jaumebotey2026\/wp-content\/uploads\/2025\/11\/WhatsApp-Image-2025-11-05-at-13.13.33-768x576.jpeg 768w, \/jaumebotey2026\/wp-content\/uploads\/2025\/11\/WhatsApp-Image-2025-11-05-at-13.13.33-1536x1152.jpeg 1536w, \/jaumebotey2026\/wp-content\/uploads\/2025\/11\/WhatsApp-Image-2025-11-05-at-13.13.33.jpeg 1600w\" sizes=\"auto, (max-width: 767px) 89vw, (max-width: 1000px) 54vw, (max-width: 1071px) 543px, 580px\" \/><\/figure>\n\n\n\n<figure class=\"wp-block-image size-large\"><img loading=\"lazy\" decoding=\"async\" width=\"1024\" height=\"768\" data-id=\"69\" src=\"\/jaumebotey2026\/wp-content\/uploads\/2025\/11\/WhatsApp-Image-2025-11-05-at-13.13.35-1-1024x768.jpeg\" alt=\"\" class=\"wp-image-69\" srcset=\"\/jaumebotey2026\/wp-content\/uploads\/2025\/11\/WhatsApp-Image-2025-11-05-at-13.13.35-1-1024x768.jpeg 1024w, \/jaumebotey2026\/wp-content\/uploads\/2025\/11\/WhatsApp-Image-2025-11-05-at-13.13.35-1-300x225.jpeg 300w, \/jaumebotey2026\/wp-content\/uploads\/2025\/11\/WhatsApp-Image-2025-11-05-at-13.13.35-1-768x576.jpeg 768w, \/jaumebotey2026\/wp-content\/uploads\/2025\/11\/WhatsApp-Image-2025-11-05-at-13.13.35-1-1536x1152.jpeg 1536w, \/jaumebotey2026\/wp-content\/uploads\/2025\/11\/WhatsApp-Image-2025-11-05-at-13.13.35-1.jpeg 1600w\" sizes=\"auto, (max-width: 767px) 89vw, (max-width: 1000px) 54vw, (max-width: 1071px) 543px, 580px\" \/><\/figure>\n<\/figure>\n\n\n\n<p class=\"wp-block-paragraph\">Ens vam dividir en grups i cadasc\u00fa va presentar una part diferent: els m\u00f2duls, l\u2019edifici principal i el pati, fent intervencions sobre les nostres viv\u00e8ncies a cada lloc, les nostres queixes i experi\u00e8ncies negatives tamb\u00e9. Vam fer una parada als lavabos, explicant com de controlats els tenen i la poca higiene que hi ha. Tamb\u00e9 al pati explicant els llocs m\u00e9s amagats i parts del pati que voldr\u00edem decorar com els bancs, la taula de pedra, part del terra, etc.<\/p>\n\n\n\n<p class=\"wp-block-paragraph\">En aquest recorregut, recollim les queixes que van sorgir amb la Milena:<\/p>\n\n\n\n<ol class=\"wp-block-list\">\n<li><strong>Alguns profes tendeixen a no escoltar, acabant en malentesos<\/strong>. Pensem en propostes per convertir aquesta queixa en una proposta art\u00edstica, per exemple: Com fer que el professorat escolti activament? Podem dissenyar des de l\u2019art un \u201cdispositiu d\u2019escolta activa per professorat? Com seria? Unes senyes (performance) per a qu\u00e8 el professor es doni compte que ha d\u2019escoltar? Pensem en possibilitats&#8230; Els profes sempre volen que diguem la nostra opini\u00f3 com ells volen. Tenim la sensaci\u00f3 que a vegades els professors ens menteixen, no fan repassos d&#8217;ex\u00e0mens quan potser una setmana abans deien que si. Altres no s&#8217;enteren del dia m\u00e0xim que poden posar les notes i de sobte ens canvien les dates d\u2019entregues o d\u2019examens dies o incl\u00fas setmanes abans.\u00a0<\/li>\n<\/ol>\n\n\n\n<ol start=\"2\" class=\"wp-block-list\">\n<li><strong>Els lavabos estan bruts i quasi sempre estan tancats o espatllats.<\/strong> A m\u00e9s\u00a0 a primera i a \u00faltima hora no ens deixen anar-hi, igual que abans del pati i despr\u00e9s. I si et deixen has de buscar al professor\/a de gu\u00e0rdia dels m\u00f2duls i\u00a0 apuntar el teu nom, cognoms, la data, el curs, l\u2019hora i classe. Moltes vegades no hi ha gu\u00e0rdia als m\u00f2duls i hem d\u2019anar a l\u2019edifici a buscar al professor de gu\u00e0rdia per anar al lavabo all\u00e0, ja que molt sovint quan no hi ha gu\u00e0rdia\u00a0 els tenim tancats aqui. Ens agradaria que el paper estigu\u00e9s dins, tamb\u00e9 que hi hagu\u00e9s sab\u00f3 i fins i tot productes com compreses.<\/li>\n<\/ol>\n\n\n\n<ol start=\"3\" class=\"wp-block-list\">\n<li><strong>El pati \u00e9s molt lleig i brut<\/strong>. Amb poc manteniment i material molt vell,\u00a0 poques papereres, ja que nom\u00e9s en tenim 5,\u00a0 hi ha moltes que de les que estan a la paret que si llences algo cau tot\u00a0 per sota. D\u2019altra banda est\u00e0 tot ple de males herbes, hi ha vegades que vas pel pati i les herbes t\u2019arriben pel genoll. A m\u00e9s a m\u00e9s li falta m\u00e9s color, tant dins com fora.\u00a0<\/li>\n<\/ol>\n","protected":false},"excerpt":{"rendered":"<p>El 25 de setembre, la classe d\u2019Expressi\u00f3 Art\u00edstica de l&#8217;Institut Jaume Botey de l&#8217;Hospitalet es va reunir a la Capella amb l\u2019artista Milena Rossignoli i la mediadora Agn\u00e8s Sebasti\u00e0. La finalitat era visitar l\u2019exposici\u00f3 de la Milena en el marc del projecte En Resid\u00e8ncia, del qual formem part integrant. Vam accedir a l\u2019exposici\u00f3 per la &hellip; <\/p>\n<p class=\"link-more\"><a href=\"\/jaumebotey2026\/primeres-sessions-a-la-capella-i-a-linstitut\/\" class=\"more-link\">Continua llegint <span class=\"screen-reader-text\">\u00abPrimeres sessions: a La Capella i a l&#8217;Institut\u00bb<\/span><\/a><\/p>\n","protected":false},"author":3,"featured_media":0,"comment_status":"closed","ping_status":"","sticky":false,"template":"","format":"standard","meta":{"footnotes":""},"categories":[1],"tags":[],"class_list":["post-52","post","type-post","status-publish","format-standard","hentry","category-general"],"_links":{"self":[{"href":"\/jaumebotey2026\/wp-json\/wp\/v2\/posts\/52","targetHints":{"allow":["GET"]}}],"collection":[{"href":"\/jaumebotey2026\/wp-json\/wp\/v2\/posts"}],"about":[{"href":"\/jaumebotey2026\/wp-json\/wp\/v2\/types\/post"}],"author":[{"embeddable":true,"href":"\/jaumebotey2026\/wp-json\/wp\/v2\/users\/3"}],"replies":[{"embeddable":true,"href":"\/jaumebotey2026\/wp-json\/wp\/v2\/comments?post=52"}],"version-history":[{"count":1,"href":"\/jaumebotey2026\/wp-json\/wp\/v2\/posts\/52\/revisions"}],"predecessor-version":[{"id":70,"href":"\/jaumebotey2026\/wp-json\/wp\/v2\/posts\/52\/revisions\/70"}],"wp:attachment":[{"href":"\/jaumebotey2026\/wp-json\/wp\/v2\/media?parent=52"}],"wp:term":[{"taxonomy":"category","embeddable":true,"href":"\/jaumebotey2026\/wp-json\/wp\/v2\/categories?post=52"},{"taxonomy":"post_tag","embeddable":true,"href":"\/jaumebotey2026\/wp-json\/wp\/v2\/tags?post=52"}],"curies":[{"name":"wp","href":"https:\/\/api.w.org\/{rel}","templated":true}]}}