{"id":97,"date":"2026-04-12T21:40:10","date_gmt":"2026-04-12T19:40:10","guid":{"rendered":"\/jaumebotey2026\/?p=97"},"modified":"2026-04-12T21:40:10","modified_gmt":"2026-04-12T19:40:10","slug":"les-illes","status":"publish","type":"post","link":"\/jaumebotey2026\/les-illes\/","title":{"rendered":"Les illes"},"content":{"rendered":"\n<p class=\"wp-block-paragraph\">Hem preparat la presentaci\u00f3 al professorat del nostre proc\u00e9s de creaci\u00f3 amb la Milena Rossignoli. Com que hem descobet m\u00f3ns molt diversos per\u00f2 entre ells tots interconnectats, vam pensar que podiem explicar-ho com un viatge per diverses illes. Cada illa contenia el m\u00f3n que hav\u00edem explorat juntes.<\/p>\n\n\n\n<p class=\"wp-block-paragraph\"><strong>ILLA DELS CONCEPTES<\/strong><\/p>\n\n\n\n<p class=\"wp-block-paragraph\">\u00c9s una illa amb base estampada i una capella feta de filferro, on penja un brillantet que simila el cristall de l\u2019expo de la Milena. Vam explicar les nostres percepcions del dia que la vam con\u00e8ixer i el significat de la seva exposici\u00f3.<\/p>\n\n\n\n<p class=\"wp-block-paragraph\"><strong>ILLA DE LA PROTESTA&nbsp;<\/strong><\/p>\n\n\n\n<p class=\"wp-block-paragraph\">\u00c9s una illa en forma de \u201cA\u201d an\u00e0rquica amb elements protestants de la kefia que vam fer amb la Milena i juntament amb els segells que vam fer nosaltres. Tamb\u00e9 van posar les activitats que vam realitzar durant aquests dies.<\/p>\n\n\n\n<p class=\"wp-block-paragraph\"><strong>ILLA AIKIDO \ud83e\udd77<\/strong><\/p>\n\n\n\n<p class=\"wp-block-paragraph\">l&#8217;illa de l&#8217;aikido la representem amb un arbre de sakura, perqu\u00e8 l&#8217;arbre de sakura \u00e9s delicat i representa la pau, i representa molt b\u00e9 l\u2019Aikido,que \u00e9s un art marcial que no cerca la vio\u00e8ncia i no busca competir, busca la resoluci\u00f3 pac\u00edfica de conflictes.<\/p>\n\n\n\n<p class=\"wp-block-paragraph\"><strong>ILLA ALEGRIA \ud83d\ude42<\/strong><\/p>\n\n\n\n<p class=\"wp-block-paragraph\">Aquesta \u00e9s una illa en forma d\u2019emoji amb cara feli\u00e7 perqu\u00e8 est\u00e0 basada en la Galeria Alegria es diu aix\u00ed perqu\u00e8 es una galeria independent, que no esta sempre oberta al p\u00fablic.&nbsp; Aquesta plataforma de difusi\u00f3 d\u2019obres d\u2019art busca difondre artistes que no tenen tanta visibilitat en el mon art\u00edstic.&nbsp;<\/p>\n\n\n\n<p class=\"wp-block-paragraph\">En aquesta illa hem descobert una galeria diferent; un centre d\u2019art que ajuda als artistes a difondre les seves idees pol\u00edtiques.&nbsp;<\/p>\n\n\n\n<p class=\"wp-block-paragraph\">La galeria es dividia en diferents espais:&nbsp;<\/p>\n\n\n\n<ol class=\"wp-block-list\">\n<li>La sala d&#8217;exposici\u00f3: \u00e9s un espai on estan les obres expostes, que en aquest cas eren kefias.<\/li>\n\n\n\n<li>El magatzem d\u2019obres d\u2019art: es una zona on hi han obres i escultures guardades per ser expostes m\u00e9s tard.<\/li>\n\n\n\n<li>La terrassa: \u00e9s un espai que s\u2019accedeix mediant una escala molt empinada on pots relaxar-te i passar l\u2019estona.<\/li>\n<\/ol>\n\n\n\n<p class=\"wp-block-paragraph\"><strong>ILLA DELS DESITJOS<\/strong><\/p>\n\n\n\n<p class=\"wp-block-paragraph\">\u00c9s una illa en forma de calcifer un dels personatges de la pel\u00edcula, que en la pel\u00edcula aquest personatge era una estrella. Tamb\u00e9 tenim dues illes flotants, i unes altres estrellas flotant. Tota la illa representa la dificultat de poder arribar als desitjos.<\/p>\n\n\n\n<figure class=\"wp-block-gallery has-nested-images columns-default is-cropped wp-block-gallery-1 is-layout-flex wp-block-gallery-is-layout-flex\">\n<figure class=\"wp-block-image size-large\"><img loading=\"lazy\" decoding=\"async\" width=\"1024\" height=\"683\" data-id=\"100\" src=\"\/jaumebotey2026\/wp-content\/uploads\/2026\/04\/26_02_25_presentacio_profes_i_esculturetes_01-1024x683.jpg\" alt=\"\" class=\"wp-image-100\" srcset=\"\/jaumebotey2026\/wp-content\/uploads\/2026\/04\/26_02_25_presentacio_profes_i_esculturetes_01-1024x683.jpg 1024w, \/jaumebotey2026\/wp-content\/uploads\/2026\/04\/26_02_25_presentacio_profes_i_esculturetes_01-300x200.jpg 300w, \/jaumebotey2026\/wp-content\/uploads\/2026\/04\/26_02_25_presentacio_profes_i_esculturetes_01-768x512.jpg 768w, \/jaumebotey2026\/wp-content\/uploads\/2026\/04\/26_02_25_presentacio_profes_i_esculturetes_01-1536x1024.jpg 1536w, \/jaumebotey2026\/wp-content\/uploads\/2026\/04\/26_02_25_presentacio_profes_i_esculturetes_01-2048x1365.jpg 2048w\" sizes=\"auto, (max-width: 767px) 89vw, (max-width: 1000px) 54vw, (max-width: 1071px) 543px, 580px\" \/><\/figure>\n\n\n\n<figure class=\"wp-block-image size-large\"><img loading=\"lazy\" decoding=\"async\" width=\"1024\" height=\"683\" data-id=\"99\" src=\"\/jaumebotey2026\/wp-content\/uploads\/2026\/04\/26_02_25_presentacio_profes_i_esculturetes_05-1024x683.jpg\" alt=\"\" class=\"wp-image-99\" srcset=\"\/jaumebotey2026\/wp-content\/uploads\/2026\/04\/26_02_25_presentacio_profes_i_esculturetes_05-1024x683.jpg 1024w, \/jaumebotey2026\/wp-content\/uploads\/2026\/04\/26_02_25_presentacio_profes_i_esculturetes_05-300x200.jpg 300w, \/jaumebotey2026\/wp-content\/uploads\/2026\/04\/26_02_25_presentacio_profes_i_esculturetes_05-768x512.jpg 768w, \/jaumebotey2026\/wp-content\/uploads\/2026\/04\/26_02_25_presentacio_profes_i_esculturetes_05-1536x1024.jpg 1536w, \/jaumebotey2026\/wp-content\/uploads\/2026\/04\/26_02_25_presentacio_profes_i_esculturetes_05-2048x1365.jpg 2048w\" sizes=\"auto, (max-width: 767px) 89vw, (max-width: 1000px) 54vw, (max-width: 1071px) 543px, 580px\" \/><\/figure>\n\n\n\n<figure class=\"wp-block-image size-large\"><img loading=\"lazy\" decoding=\"async\" width=\"1024\" height=\"683\" data-id=\"98\" src=\"\/jaumebotey2026\/wp-content\/uploads\/2026\/04\/26_02_25_presentacio_profes_i_esculturetes_09-1024x683.jpg\" alt=\"\" class=\"wp-image-98\" srcset=\"\/jaumebotey2026\/wp-content\/uploads\/2026\/04\/26_02_25_presentacio_profes_i_esculturetes_09-1024x683.jpg 1024w, \/jaumebotey2026\/wp-content\/uploads\/2026\/04\/26_02_25_presentacio_profes_i_esculturetes_09-300x200.jpg 300w, \/jaumebotey2026\/wp-content\/uploads\/2026\/04\/26_02_25_presentacio_profes_i_esculturetes_09-768x512.jpg 768w, \/jaumebotey2026\/wp-content\/uploads\/2026\/04\/26_02_25_presentacio_profes_i_esculturetes_09-1536x1024.jpg 1536w, \/jaumebotey2026\/wp-content\/uploads\/2026\/04\/26_02_25_presentacio_profes_i_esculturetes_09-2048x1365.jpg 2048w\" sizes=\"auto, (max-width: 767px) 89vw, (max-width: 1000px) 54vw, (max-width: 1071px) 543px, 580px\" \/><\/figure>\n<\/figure>\n","protected":false},"excerpt":{"rendered":"<p>Hem preparat la presentaci\u00f3 al professorat del nostre proc\u00e9s de creaci\u00f3 amb la Milena Rossignoli. Com que hem descobet m\u00f3ns molt diversos per\u00f2 entre ells tots interconnectats, vam pensar que podiem explicar-ho com un viatge per diverses illes. Cada illa contenia el m\u00f3n que hav\u00edem explorat juntes. ILLA DELS CONCEPTES \u00c9s una illa amb base &hellip; <\/p>\n<p class=\"link-more\"><a href=\"\/jaumebotey2026\/les-illes\/\" class=\"more-link\">Continua llegint <span class=\"screen-reader-text\">\u00abLes illes\u00bb<\/span><\/a><\/p>\n","protected":false},"author":3,"featured_media":0,"comment_status":"closed","ping_status":"","sticky":false,"template":"","format":"standard","meta":{"footnotes":""},"categories":[1],"tags":[],"class_list":["post-97","post","type-post","status-publish","format-standard","hentry","category-general"],"_links":{"self":[{"href":"\/jaumebotey2026\/wp-json\/wp\/v2\/posts\/97","targetHints":{"allow":["GET"]}}],"collection":[{"href":"\/jaumebotey2026\/wp-json\/wp\/v2\/posts"}],"about":[{"href":"\/jaumebotey2026\/wp-json\/wp\/v2\/types\/post"}],"author":[{"embeddable":true,"href":"\/jaumebotey2026\/wp-json\/wp\/v2\/users\/3"}],"replies":[{"embeddable":true,"href":"\/jaumebotey2026\/wp-json\/wp\/v2\/comments?post=97"}],"version-history":[{"count":1,"href":"\/jaumebotey2026\/wp-json\/wp\/v2\/posts\/97\/revisions"}],"predecessor-version":[{"id":101,"href":"\/jaumebotey2026\/wp-json\/wp\/v2\/posts\/97\/revisions\/101"}],"wp:attachment":[{"href":"\/jaumebotey2026\/wp-json\/wp\/v2\/media?parent=97"}],"wp:term":[{"taxonomy":"category","embeddable":true,"href":"\/jaumebotey2026\/wp-json\/wp\/v2\/categories?post=97"},{"taxonomy":"post_tag","embeddable":true,"href":"\/jaumebotey2026\/wp-json\/wp\/v2\/tags?post=97"}],"curies":[{"name":"wp","href":"https:\/\/api.w.org\/{rel}","templated":true}]}}