{"id":51,"date":"2025-10-21T11:54:57","date_gmt":"2025-10-21T09:54:57","guid":{"rendered":"\/joseppla2026\/?p=51"},"modified":"2025-10-21T11:54:57","modified_gmt":"2025-10-21T09:54:57","slug":"ens-presentem","status":"publish","type":"post","link":"\/joseppla2026\/ens-presentem\/","title":{"rendered":"Ens presentem!"},"content":{"rendered":"Hola! <br \/><br \/>Som els alumnes de 4t de la ESO de l&#8217;institut Josep Pla, i aquest curs estem fent l\u2019assignatura d\u2019Arts Esc\u00e8niques, que participa en el projecte \u201cEn resid\u00e8ncia\u201d.<br \/>Al principi pens\u00e0vem que far\u00edem teatre, m\u00fasica, ball\u2026Per\u00f2 la realitat va ser una altra: vam fer activitats de moviment corporal, vam donar-li diferents usos a la cadira, vam fer una actuaci\u00f3 m\u00edmica i la interpretaci\u00f3 de personatges.<br \/>El passat 9 d\u2019octubre van venir dos artistes, el Pau i la C\u00e8lia, que es dediquen al m\u00f3n del teatre i la m\u00fasica, i esper\u00e0vem fer representacions teatrals i tamb\u00e9 textos. Al principi est\u00e0vem una mica nerviosos, ja que no sab\u00edem qu\u00e8 ens farien fer, per\u00f2 a la vegada tamb\u00e9 sent\u00edem curiositat, per\u00f2 va ser una sorpresa tot el que ens van preparar.<br \/>Primer de tot ens vam presentar i cadasc\u00fa va dir el que havia esmorzat, per\u00f2 ning\u00fa havia menjat res. Despr\u00e9s vam pujar al pati i vam jugar al joc de fet i amagat i, per acabar la sessi\u00f3, vam fer una visita per l\u2019institut als artistes, i els vam explicar les an\u00e8cdotes que hav\u00edem viscut a cada espai. All\u00f2 que ens va sorprendre m\u00e9s d\u2019aquesta visita va ser el descobriment d\u2019una caixa forta al despatx de direcci\u00f3, ja que ens van dir que feia molt temps que estava all\u00e0, perqu\u00e8 estava enganxada a terra i ning\u00fa l&#8217;havia pogut obrir.<br \/>Ens ho vam passar molt b\u00e9 el primer dia, ja que vam descobrir coses que no sab\u00edem i vam fer activitats que no ens esper\u00e0vem.<br \/>Estem molt il\u00b7lusionats amb aquest projecte!<br \/>","protected":false},"excerpt":{"rendered":"<p>Hola! Som els alumnes de 4t de la ESO de l&#8217;institut Josep Pla, i aquest curs estem fent l\u2019assignatura d\u2019Arts Esc\u00e8niques, que participa en el projecte \u201cEn resid\u00e8ncia\u201d.Al principi pens\u00e0vem que far\u00edem teatre, m\u00fasica, ball\u2026Per\u00f2 la realitat va ser una altra: vam fer activitats de moviment corporal, vam donar-li diferents usos a la cadira, vam &hellip; <\/p>\n<p class=\"link-more\"><a href=\"\/joseppla2026\/ens-presentem\/\" class=\"more-link\">Continua llegint <span class=\"screen-reader-text\">\u00abEns presentem!\u00bb<\/span><\/a><\/p>\n","protected":false},"author":6,"featured_media":0,"comment_status":"closed","ping_status":"","sticky":false,"template":"","format":"standard","meta":{"footnotes":""},"categories":[1],"tags":[],"class_list":["post-51","post","type-post","status-publish","format-standard","hentry","category-general"],"_links":{"self":[{"href":"\/joseppla2026\/wp-json\/wp\/v2\/posts\/51","targetHints":{"allow":["GET"]}}],"collection":[{"href":"\/joseppla2026\/wp-json\/wp\/v2\/posts"}],"about":[{"href":"\/joseppla2026\/wp-json\/wp\/v2\/types\/post"}],"author":[{"embeddable":true,"href":"\/joseppla2026\/wp-json\/wp\/v2\/users\/6"}],"replies":[{"embeddable":true,"href":"\/joseppla2026\/wp-json\/wp\/v2\/comments?post=51"}],"version-history":[{"count":1,"href":"\/joseppla2026\/wp-json\/wp\/v2\/posts\/51\/revisions"}],"predecessor-version":[{"id":52,"href":"\/joseppla2026\/wp-json\/wp\/v2\/posts\/51\/revisions\/52"}],"wp:attachment":[{"href":"\/joseppla2026\/wp-json\/wp\/v2\/media?parent=51"}],"wp:term":[{"taxonomy":"category","embeddable":true,"href":"\/joseppla2026\/wp-json\/wp\/v2\/categories?post=51"},{"taxonomy":"post_tag","embeddable":true,"href":"\/joseppla2026\/wp-json\/wp\/v2\/tags?post=51"}],"curies":[{"name":"wp","href":"https:\/\/api.w.org\/{rel}","templated":true}]}}