{"id":56,"date":"2025-12-09T10:17:13","date_gmt":"2025-12-09T08:17:13","guid":{"rendered":"\/joseppla2026\/?p=56"},"modified":"2026-01-15T17:02:01","modified_gmt":"2026-01-15T15:02:01","slug":"a-laire-lliure","status":"publish","type":"post","link":"\/joseppla2026\/a-laire-lliure\/","title":{"rendered":"A l&#8217;aire lliure!"},"content":{"rendered":"\n<p class=\"wp-block-paragraph\">El dijous 13\/11\/25 va ser la primera vegada que vam sortir fora de l&#8217;institut per fer activitats a l&#8217;aire lliure. Va ser un dia normal\u2026 Normal en el sentit que un altre cop quasi ning\u00fa havia esmorzat i ten\u00edem l&#8217;energia baixa, per\u00f2 emoci\u00f3 de comen\u00e7ar un dia m\u00e9s. Vam comen\u00e7ar al gimn\u00e0s, i de sobte el Pau diu \u201cAnem al tur\u00f3\u201d.<\/p>\n\n\n\n<p class=\"wp-block-paragraph\">Ens vam quedar parats durant cinc segons, no s\u00e9 si era perqu\u00e8 tots an\u00e0vem mig adormits o per si no ens esperaven aquestes paraules. Encara no hav\u00edem flipat prou, perqu\u00e8 nom\u00e9s posar un peu al tur\u00f3 el Pau va dir que hav\u00edem de fer una carrera fins a la creu que estava a dalt de tot. Molts van comen\u00e7ar a remugar com av\u00eds, per\u00f2 vam pujar contents, i en el meu cas em vaig il\u00b7luminar i vaig c\u00f3rrer fins a dalt. I el premi? Arribar el primer i acabar exhaust. En un temps d\u2019uns cinc minuts van arribar tots i ens vam posar en cercle. Va arribar la C\u00e8lia, i comen\u00e7arem l\u2019activitat. El Pau no s\u00e9 qu\u00e8 s\u2019havia pres al mat\u00ed, per\u00f2 ens va fer cridar. Va fer un exemple i vam esclatar a riure de qu\u00e8 absurd que ens va semblar. En anar un per un ten\u00edem m\u00e9s vergonya, per\u00f2 quan ens vam deixar anar i semblarem bojos escapats d\u2019un manicomi (en resum ens vam quedar a gust); va ser la millor activitat que vam fer dijous.<\/p>\n\n\n\n<p class=\"wp-block-paragraph\">Despr\u00e9s vam haver de donar una volta pel parc per poder intentar retratar-lo (ho vam fer per grups). Un cop tots junts amb els esquemes, el Pau junt amb la C\u00e8lia van demanar dos voluntaris perqu\u00e8 s\u2019amaguessin en alguna part del parc i amb els seus crits poder esbrinar on estaven. Uns quants se&#8217;n van assabentar i uns quants altres no. Va acabar d\u2019una forma estranya perqu\u00e8 van desapar\u00e8ixer, per\u00f2 va ser un gran dia.<\/p>\n\n\n\n<figure class=\"wp-block-image size-large\"><img loading=\"lazy\" decoding=\"async\" width=\"1024\" height=\"768\" src=\"\/joseppla2026\/wp-content\/uploads\/2025\/12\/WhatsApp-Image-2025-12-18-at-10.59.24-1-1024x768.jpeg\" alt=\"\" class=\"wp-image-67\" srcset=\"\/joseppla2026\/wp-content\/uploads\/2025\/12\/WhatsApp-Image-2025-12-18-at-10.59.24-1-1024x768.jpeg 1024w, \/joseppla2026\/wp-content\/uploads\/2025\/12\/WhatsApp-Image-2025-12-18-at-10.59.24-1-300x225.jpeg 300w, \/joseppla2026\/wp-content\/uploads\/2025\/12\/WhatsApp-Image-2025-12-18-at-10.59.24-1-768x576.jpeg 768w, \/joseppla2026\/wp-content\/uploads\/2025\/12\/WhatsApp-Image-2025-12-18-at-10.59.24-1-1536x1152.jpeg 1536w, \/joseppla2026\/wp-content\/uploads\/2025\/12\/WhatsApp-Image-2025-12-18-at-10.59.24-1.jpeg 1600w\" sizes=\"auto, (max-width: 767px) 89vw, (max-width: 1000px) 54vw, (max-width: 1071px) 543px, 580px\" \/><\/figure>\n","protected":false},"excerpt":{"rendered":"<p>El dijous 13\/11\/25 va ser la primera vegada que vam sortir fora de l&#8217;institut per fer activitats a l&#8217;aire lliure. Va ser un dia normal\u2026 Normal en el sentit que un altre cop quasi ning\u00fa havia esmorzat i ten\u00edem l&#8217;energia baixa, per\u00f2 emoci\u00f3 de comen\u00e7ar un dia m\u00e9s. Vam comen\u00e7ar al gimn\u00e0s, i de sobte &hellip; <\/p>\n<p class=\"link-more\"><a href=\"\/joseppla2026\/a-laire-lliure\/\" class=\"more-link\">Continua llegint <span class=\"screen-reader-text\">\u00abA l&#8217;aire lliure!\u00bb<\/span><\/a><\/p>\n","protected":false},"author":6,"featured_media":0,"comment_status":"closed","ping_status":"","sticky":false,"template":"","format":"standard","meta":{"footnotes":""},"categories":[1],"tags":[],"class_list":["post-56","post","type-post","status-publish","format-standard","hentry","category-general"],"_links":{"self":[{"href":"\/joseppla2026\/wp-json\/wp\/v2\/posts\/56","targetHints":{"allow":["GET"]}}],"collection":[{"href":"\/joseppla2026\/wp-json\/wp\/v2\/posts"}],"about":[{"href":"\/joseppla2026\/wp-json\/wp\/v2\/types\/post"}],"author":[{"embeddable":true,"href":"\/joseppla2026\/wp-json\/wp\/v2\/users\/6"}],"replies":[{"embeddable":true,"href":"\/joseppla2026\/wp-json\/wp\/v2\/comments?post=56"}],"version-history":[{"count":3,"href":"\/joseppla2026\/wp-json\/wp\/v2\/posts\/56\/revisions"}],"predecessor-version":[{"id":69,"href":"\/joseppla2026\/wp-json\/wp\/v2\/posts\/56\/revisions\/69"}],"wp:attachment":[{"href":"\/joseppla2026\/wp-json\/wp\/v2\/media?parent=56"}],"wp:term":[{"taxonomy":"category","embeddable":true,"href":"\/joseppla2026\/wp-json\/wp\/v2\/categories?post=56"},{"taxonomy":"post_tag","embeddable":true,"href":"\/joseppla2026\/wp-json\/wp\/v2\/tags?post=56"}],"curies":[{"name":"wp","href":"https:\/\/api.w.org\/{rel}","templated":true}]}}