{"id":64,"date":"2026-01-21T10:59:23","date_gmt":"2026-01-21T08:59:23","guid":{"rendered":"\/joseppla2026\/?p=64"},"modified":"2026-01-21T10:59:23","modified_gmt":"2026-01-21T08:59:23","slug":"mirades-silencis-i-vergonya","status":"publish","type":"post","link":"\/joseppla2026\/mirades-silencis-i-vergonya\/","title":{"rendered":"Mirades, silencis i vergonya"},"content":{"rendered":"\n<figure class=\"wp-block-image size-large\"><img loading=\"lazy\" decoding=\"async\" width=\"1024\" height=\"768\" src=\"\/joseppla2026\/wp-content\/uploads\/2026\/01\/1000229787-1024x768.jpg\" alt=\"\" class=\"wp-image-76\" srcset=\"\/joseppla2026\/wp-content\/uploads\/2026\/01\/1000229787-1024x768.jpg 1024w, \/joseppla2026\/wp-content\/uploads\/2026\/01\/1000229787-300x225.jpg 300w, \/joseppla2026\/wp-content\/uploads\/2026\/01\/1000229787-768x576.jpg 768w, \/joseppla2026\/wp-content\/uploads\/2026\/01\/1000229787-1536x1152.jpg 1536w, \/joseppla2026\/wp-content\/uploads\/2026\/01\/1000229787.jpg 1600w\" sizes=\"auto, (max-width: 767px) 89vw, (max-width: 1000px) 54vw, (max-width: 1071px) 543px, 580px\" \/><\/figure>\n\n\n\n<p class=\"wp-block-paragraph\">El passat dijous 15 de gener, a la classe d\u2019Arts Esc\u00e8niques, vam comen\u00e7ar la sessi\u00f3 baixant al gimn\u00e0s, on la Mireia i el Pau ja ens estaven esperant. Poc despr\u00e9s va arribar la Marina i, com \u00e9s habitual, el Pau ens va preguntar qu\u00e8 hav\u00edem esmorzat.<br><br>La primera activitat va consistir a seguir unes l\u00ednies blanques del terra del gimn\u00e0s, sense sortir-ne ni coincidir de cara amb ning\u00fa, mentre imagin\u00e0vem situacions de vergonya que hagu\u00e9ssim viscut. A continuaci\u00f3, vam fer una activitat relacionada amb la vergonya corporal: en rotllana, amb els ulls tancats, hav\u00edem d\u2019assenyalar en quin punt del cos sent\u00edem la vergonya i despr\u00e9s vam crear una figura tocant-nos entre nosaltres aquests punts.<br><br>Seguidament, vam continuar treballant la vergonya amb una activitat de nivells. El Pau va col\u00b7locar cinc fileres de bancs que representaven el grau de vergonya, de l\u20191 (m\u00ednim) al 5 (m\u00e0xim). El Pau i la C\u00e8lia ens proposaven diferents situacions, com ara estar-nos canviant a la platja i que se\u2019ns caigu\u00e9s la tovallola davant de tothom, i cadasc\u00fa s\u2019havia de situar al nivell que sentia. La C\u00e8lia tamb\u00e9 va fer fotos de com ens distribu\u00edem a les fileres.<br><br>Despr\u00e9s, la C\u00e8lia ens va proposar una activitat de percussi\u00f3. Primer vam repetir paraules d\u2019un idioma desconegut, despr\u00e9s vam afegir una base r\u00edtmica amb percussi\u00f3 i, finalment, vam combinar la veu i el ritme, cosa que va quedar for\u00e7a b\u00e9.<br><br>Per acabar la sessi\u00f3, vam pujar a l\u2019escenari, un per un, i ens hav\u00edem de quedar quiets i en silenci durant un minut i mig mentre la resta del grup ens mirava fixament. Un cop passat el temps, els artistes ens van preguntar com ens hav\u00edem sentit durant l\u2019experi\u00e8ncia.<\/p>\n\n\n\n<figure class=\"wp-block-image size-large\"><img loading=\"lazy\" decoding=\"async\" width=\"1024\" height=\"768\" src=\"\/joseppla2026\/wp-content\/uploads\/2026\/01\/1000229788-1024x768.jpg\" alt=\"\" class=\"wp-image-77\" srcset=\"\/joseppla2026\/wp-content\/uploads\/2026\/01\/1000229788-1024x768.jpg 1024w, \/joseppla2026\/wp-content\/uploads\/2026\/01\/1000229788-300x225.jpg 300w, \/joseppla2026\/wp-content\/uploads\/2026\/01\/1000229788-768x576.jpg 768w, \/joseppla2026\/wp-content\/uploads\/2026\/01\/1000229788-1536x1152.jpg 1536w, \/joseppla2026\/wp-content\/uploads\/2026\/01\/1000229788.jpg 1600w\" sizes=\"auto, (max-width: 767px) 89vw, (max-width: 1000px) 54vw, (max-width: 1071px) 543px, 580px\" \/><\/figure>\n","protected":false},"excerpt":{"rendered":"<p>El passat dijous 15 de gener, a la classe d\u2019Arts Esc\u00e8niques, vam comen\u00e7ar la sessi\u00f3 baixant al gimn\u00e0s, on la Mireia i el Pau ja ens estaven esperant. Poc despr\u00e9s va arribar la Marina i, com \u00e9s habitual, el Pau ens va preguntar qu\u00e8 hav\u00edem esmorzat. La primera activitat va consistir a seguir unes l\u00ednies &hellip; <\/p>\n<p class=\"link-more\"><a href=\"\/joseppla2026\/mirades-silencis-i-vergonya\/\" class=\"more-link\">Continua llegint <span class=\"screen-reader-text\">\u00abMirades, silencis i vergonya\u00bb<\/span><\/a><\/p>\n","protected":false},"author":5,"featured_media":0,"comment_status":"closed","ping_status":"","sticky":false,"template":"","format":"standard","meta":{"footnotes":""},"categories":[1],"tags":[],"class_list":["post-64","post","type-post","status-publish","format-standard","hentry","category-general"],"_links":{"self":[{"href":"\/joseppla2026\/wp-json\/wp\/v2\/posts\/64","targetHints":{"allow":["GET"]}}],"collection":[{"href":"\/joseppla2026\/wp-json\/wp\/v2\/posts"}],"about":[{"href":"\/joseppla2026\/wp-json\/wp\/v2\/types\/post"}],"author":[{"embeddable":true,"href":"\/joseppla2026\/wp-json\/wp\/v2\/users\/5"}],"replies":[{"embeddable":true,"href":"\/joseppla2026\/wp-json\/wp\/v2\/comments?post=64"}],"version-history":[{"count":2,"href":"\/joseppla2026\/wp-json\/wp\/v2\/posts\/64\/revisions"}],"predecessor-version":[{"id":78,"href":"\/joseppla2026\/wp-json\/wp\/v2\/posts\/64\/revisions\/78"}],"wp:attachment":[{"href":"\/joseppla2026\/wp-json\/wp\/v2\/media?parent=64"}],"wp:term":[{"taxonomy":"category","embeddable":true,"href":"\/joseppla2026\/wp-json\/wp\/v2\/categories?post=64"},{"taxonomy":"post_tag","embeddable":true,"href":"\/joseppla2026\/wp-json\/wp\/v2\/tags?post=64"}],"curies":[{"name":"wp","href":"https:\/\/api.w.org\/{rel}","templated":true}]}}