{"id":79,"date":"2026-03-02T15:58:39","date_gmt":"2026-03-02T13:58:39","guid":{"rendered":"\/joseppla2026\/?p=79"},"modified":"2026-03-02T15:58:39","modified_gmt":"2026-03-02T13:58:39","slug":"la-preestrena","status":"publish","type":"post","link":"\/joseppla2026\/la-preestrena\/","title":{"rendered":"La preestrena!"},"content":{"rendered":"Vam comen\u00e7ar a les 15:15 o aix\u00ed. Per comen\u00e7ar, vam baixar al gimn\u00e0s i vam saludar a tothom i vam posar cadires, moltes cadires. Vam estar xerrant una mica, jo en el meu cas vaig aprofitar a fer-me una foto amb el Pau Matas. Vam fer un petit rep\u00e0s i  van arribar els profes. Tot el grup ens vam posar a l&#8217;entrada lateral de l&#8217;escenari.<br \/>Vam fer un \u201cCrit\u201d grupal. Van sortir tres companyes primer, i despr\u00e9s tota la resta. Ens vam plantar dalt de l\u2019escenari com estaquirots i vam mirar als profes. Seguidament, cadasc\u00fa va buscar el seu lloc per sentar-se i vam agafar els miralls, mirant als profes i dient si s\u00ed o no amb el cap per si creiem que tenien vergonya. Al cap d\u2019uns minuts vam llegir els mini poemes que vam fer amb l\u2019anagrama \u201cLa Vergonya\u201d. Una companya va ballar per acabar el \u201cshow\u201d i ens vam asseure tots a la platea. Els profes van preguntar-nos  coses sobre el que f\u00e8iem: com per exemple activitats, com ens hem sentit, i com han sigut els nostres inicis. Quan tots els profes vam marxar, tot el grup vam berenar. Segons la meva opini\u00f3 va ser una demostraci\u00f3 curta, per\u00f2 va fer que cada persona del grup s&#8217;adon\u00e9s dels petits errors que cometien, com jo amb la cama per exemple. En resum, va ser una bona experi\u00e8ncia. La sensaci\u00f3 en general va ser de nervis, en el meu cas no vaig sentir (molt curi\u00f3s, ja que fa dos anys jo no hagu\u00e9s pogut pujar a l&#8217;escenari ni de conya).<br \/>","protected":false},"excerpt":{"rendered":"<p>Vam comen\u00e7ar a les 15:15 o aix\u00ed. Per comen\u00e7ar, vam baixar al gimn\u00e0s i vam saludar a tothom i vam posar cadires, moltes cadires. Vam estar xerrant una mica, jo en el meu cas vaig aprofitar a fer-me una foto amb el Pau Matas. Vam fer un petit rep\u00e0s i van arribar els profes. Tot &hellip; <\/p>\n<p class=\"link-more\"><a href=\"\/joseppla2026\/la-preestrena\/\" class=\"more-link\">Continua llegint <span class=\"screen-reader-text\">\u00abLa preestrena!\u00bb<\/span><\/a><\/p>\n","protected":false},"author":5,"featured_media":0,"comment_status":"closed","ping_status":"","sticky":false,"template":"","format":"standard","meta":{"footnotes":""},"categories":[1],"tags":[],"class_list":["post-79","post","type-post","status-publish","format-standard","hentry","category-general"],"_links":{"self":[{"href":"\/joseppla2026\/wp-json\/wp\/v2\/posts\/79","targetHints":{"allow":["GET"]}}],"collection":[{"href":"\/joseppla2026\/wp-json\/wp\/v2\/posts"}],"about":[{"href":"\/joseppla2026\/wp-json\/wp\/v2\/types\/post"}],"author":[{"embeddable":true,"href":"\/joseppla2026\/wp-json\/wp\/v2\/users\/5"}],"replies":[{"embeddable":true,"href":"\/joseppla2026\/wp-json\/wp\/v2\/comments?post=79"}],"version-history":[{"count":1,"href":"\/joseppla2026\/wp-json\/wp\/v2\/posts\/79\/revisions"}],"predecessor-version":[{"id":80,"href":"\/joseppla2026\/wp-json\/wp\/v2\/posts\/79\/revisions\/80"}],"wp:attachment":[{"href":"\/joseppla2026\/wp-json\/wp\/v2\/media?parent=79"}],"wp:term":[{"taxonomy":"category","embeddable":true,"href":"\/joseppla2026\/wp-json\/wp\/v2\/categories?post=79"},{"taxonomy":"post_tag","embeddable":true,"href":"\/joseppla2026\/wp-json\/wp\/v2\/tags?post=79"}],"curies":[{"name":"wp","href":"https:\/\/api.w.org\/{rel}","templated":true}]}}