{"id":82,"date":"2026-03-10T10:27:36","date_gmt":"2026-03-10T08:27:36","guid":{"rendered":"\/joseppla2026\/?p=82"},"modified":"2026-03-10T10:27:36","modified_gmt":"2026-03-10T08:27:36","slug":"la-caixa-de-la-vergonya","status":"publish","type":"post","link":"\/joseppla2026\/la-caixa-de-la-vergonya\/","title":{"rendered":"La caixa de la vergonya"},"content":{"rendered":"Dijous 26 de febrer, el Pau ens tenia preparades dues activitats.<br \/>La primera era el joc de les pilotes, que consistia a passar-nos la pilota seguint un ordre que hav\u00edem creat al principi del joc i dir el nom de la persona a qui li passar\u00edem la pilota. Vam estar jugant-hi una bona estona.<br \/>Despr\u00e9s, a la segona activitat, el Pau ens va preguntar quins objectes representaven la vergonya per a nosaltres. Llavors hav\u00edem de representar-ho a l\u2019escenari. Al principi hav\u00edem pensat en fer com un despatx, per\u00f2 no ens va acabar de conv\u00e8ncer.<br \/>Finalment, vam decidir fer una caixa i, a dins, posar-hi com una taula, com si fos un regal sorpresa. M\u00e9s tard, el Pau va dir que la caixa era massa petita per a un escenari, aix\u00ed que vam acabar fent una caixa molt gran on hi cab\u00edem tots els alumnes que \u00e9rem a classe, \u00e9s a dir, nou persones.<br \/>La caixa era molt gran i estava feta amb matalassos. Com que per a nosaltres la vergonya \u00e9s de color vermell, ens anava b\u00e9 perqu\u00e8 els matalassos eren roses i, en veure-ho a l\u2019escenari, semblava que representessin la vergonya i quedava millor.<br \/>Quan va acabar la classe, vam haver de recollir tot. Ens va agradar molt la classe.<br \/>","protected":false},"excerpt":{"rendered":"<p>Dijous 26 de febrer, el Pau ens tenia preparades dues activitats.La primera era el joc de les pilotes, que consistia a passar-nos la pilota seguint un ordre que hav\u00edem creat al principi del joc i dir el nom de la persona a qui li passar\u00edem la pilota. Vam estar jugant-hi una bona estona.Despr\u00e9s, a la &hellip; <\/p>\n<p class=\"link-more\"><a href=\"\/joseppla2026\/la-caixa-de-la-vergonya\/\" class=\"more-link\">Continua llegint <span class=\"screen-reader-text\">\u00abLa caixa de la vergonya\u00bb<\/span><\/a><\/p>\n","protected":false},"author":5,"featured_media":0,"comment_status":"closed","ping_status":"","sticky":false,"template":"","format":"standard","meta":{"footnotes":""},"categories":[1],"tags":[],"class_list":["post-82","post","type-post","status-publish","format-standard","hentry","category-general"],"_links":{"self":[{"href":"\/joseppla2026\/wp-json\/wp\/v2\/posts\/82","targetHints":{"allow":["GET"]}}],"collection":[{"href":"\/joseppla2026\/wp-json\/wp\/v2\/posts"}],"about":[{"href":"\/joseppla2026\/wp-json\/wp\/v2\/types\/post"}],"author":[{"embeddable":true,"href":"\/joseppla2026\/wp-json\/wp\/v2\/users\/5"}],"replies":[{"embeddable":true,"href":"\/joseppla2026\/wp-json\/wp\/v2\/comments?post=82"}],"version-history":[{"count":1,"href":"\/joseppla2026\/wp-json\/wp\/v2\/posts\/82\/revisions"}],"predecessor-version":[{"id":83,"href":"\/joseppla2026\/wp-json\/wp\/v2\/posts\/82\/revisions\/83"}],"wp:attachment":[{"href":"\/joseppla2026\/wp-json\/wp\/v2\/media?parent=82"}],"wp:term":[{"taxonomy":"category","embeddable":true,"href":"\/joseppla2026\/wp-json\/wp\/v2\/categories?post=82"},{"taxonomy":"post_tag","embeddable":true,"href":"\/joseppla2026\/wp-json\/wp\/v2\/tags?post=82"}],"curies":[{"name":"wp","href":"https:\/\/api.w.org\/{rel}","templated":true}]}}