{"id":85,"date":"2026-04-29T19:34:28","date_gmt":"2026-04-29T17:34:28","guid":{"rendered":"\/joseppla2026\/?p=85"},"modified":"2026-04-29T19:34:28","modified_gmt":"2026-04-29T17:34:28","slug":"del-tren-escenic-a-la-representacio","status":"publish","type":"post","link":"\/joseppla2026\/del-tren-escenic-a-la-representacio\/","title":{"rendered":"Del tren esc\u00e8nic a la representaci\u00f3"},"content":{"rendered":"Vam comen\u00e7ar l\u2019activitat formant un tren de persones, on tots ens mov\u00edem coordinadament i la persona situada al final assumia el rol de direcci\u00f3 del grup. Durant el recorregut vam introduir obstacles, fet que va fer l\u2019experi\u00e8ncia m\u00e9s din\u00e0mica i divertida, i ens va ajudar a treballar la cohesi\u00f3 i l\u2019atenci\u00f3. Despr\u00e9s ens vam dividir en diferents grups amb tasques diverses: un grup es va centrar en el cant, un altre en el vestuari i tamb\u00e9 es van treballar textos com poemes. Progressivament, els grups es van animar a compartir les seves propostes amb la resta. Una persona va comen\u00e7ar a practicar de manera m\u00e9s individual, mostrant iniciativa. Finalment, vam posar en escena les diferents aportacions: dues companyes van cantar, un company va improvisar amb la guitarra i altres participants van llegir un conte, integrant aix\u00ed diverses formes d\u2019expressi\u00f3 dins del projecte, en una activitat que va ser divertida i enriquidora per a tothom.","protected":false},"excerpt":{"rendered":"<p>Vam comen\u00e7ar l\u2019activitat formant un tren de persones, on tots ens mov\u00edem coordinadament i la persona situada al final assumia el rol de direcci\u00f3 del grup. Durant el recorregut vam introduir obstacles, fet que va fer l\u2019experi\u00e8ncia m\u00e9s din\u00e0mica i divertida, i ens va ajudar a treballar la cohesi\u00f3 i l\u2019atenci\u00f3. Despr\u00e9s ens vam dividir &hellip; <\/p>\n<p class=\"link-more\"><a href=\"\/joseppla2026\/del-tren-escenic-a-la-representacio\/\" class=\"more-link\">Continua llegint <span class=\"screen-reader-text\">\u00abDel tren esc\u00e8nic a la representaci\u00f3\u00bb<\/span><\/a><\/p>\n","protected":false},"author":5,"featured_media":0,"comment_status":"closed","ping_status":"","sticky":false,"template":"","format":"standard","meta":{"footnotes":""},"categories":[1],"tags":[],"class_list":["post-85","post","type-post","status-publish","format-standard","hentry","category-general"],"_links":{"self":[{"href":"\/joseppla2026\/wp-json\/wp\/v2\/posts\/85","targetHints":{"allow":["GET"]}}],"collection":[{"href":"\/joseppla2026\/wp-json\/wp\/v2\/posts"}],"about":[{"href":"\/joseppla2026\/wp-json\/wp\/v2\/types\/post"}],"author":[{"embeddable":true,"href":"\/joseppla2026\/wp-json\/wp\/v2\/users\/5"}],"replies":[{"embeddable":true,"href":"\/joseppla2026\/wp-json\/wp\/v2\/comments?post=85"}],"version-history":[{"count":1,"href":"\/joseppla2026\/wp-json\/wp\/v2\/posts\/85\/revisions"}],"predecessor-version":[{"id":86,"href":"\/joseppla2026\/wp-json\/wp\/v2\/posts\/85\/revisions\/86"}],"wp:attachment":[{"href":"\/joseppla2026\/wp-json\/wp\/v2\/media?parent=85"}],"wp:term":[{"taxonomy":"category","embeddable":true,"href":"\/joseppla2026\/wp-json\/wp\/v2\/categories?post=85"},{"taxonomy":"post_tag","embeddable":true,"href":"\/joseppla2026\/wp-json\/wp\/v2\/tags?post=85"}],"curies":[{"name":"wp","href":"https:\/\/api.w.org\/{rel}","templated":true}]}}