{"id":88,"date":"2026-06-11T10:11:35","date_gmt":"2026-06-11T08:11:35","guid":{"rendered":"\/joseppla2026\/?p=88"},"modified":"2026-06-11T10:11:35","modified_gmt":"2026-06-11T08:11:35","slug":"el-darrer-dia-de-lobra","status":"publish","type":"post","link":"\/joseppla2026\/el-darrer-dia-de-lobra\/","title":{"rendered":"El darrer dia de l\u2019obra"},"content":{"rendered":"L\u2019\u00faltim dia de preparaci\u00f3 i representaci\u00f3 de l\u2019obra va ser una experi\u00e8ncia molt especial. Abans de comen\u00e7ar, em vaig sentir una mica avergonyit, per\u00f2 no tenia angoixa ni por, nom\u00e9s aquella sensaci\u00f3 t\u00edpica de saber que aviat actuar\u00edem davant de molta gent.<br \/><br \/>Al mat\u00ed vam anar al gimn\u00e0s del centre per recollir tot el material necessari. Un cop ho vam tenir preparat, el vam transportar fins al teatre on far\u00edem la representaci\u00f3. Quan vam arribar, vam dedicar un parell d\u2019hores a assajar i a deixar-ho tot a punt per a l\u2019actuaci\u00f3.<br \/><br \/>Durant els assajos, l\u2019Estharlin, l\u2019Ariadna i jo vam practicar diverses vegades amb els vestuaris per assegurar-nos que tot sort\u00eds b\u00e9. Mentrestant, l\u2019Stefan assajava el seu solo de guitarra, i jo tamb\u00e9 vaig revisar la meva disfressa i el maquillatge. Tots est\u00e0vem concentrats i intent\u00e0vem donar el millor de nosaltres mateixos.<br \/><br \/>Quan va arribar l\u2019hora de la funci\u00f3, van comen\u00e7ar a arribar les fam\u00edlies i els professors per veure l\u2019obra. Tots nosaltres est\u00e0vem una mica nerviosos perqu\u00e8 no sab\u00edem com sortiria, per\u00f2 tamb\u00e9 ten\u00edem moltes ganes de demostrar tot l\u2019esfor\u00e7 que hav\u00edem fet durant els assajos.<br \/><br \/>Finalment, vam fer l\u2019actuaci\u00f3 i tot va sortir molt b\u00e9. Va ser molt satisfactori veure que la feina de preparaci\u00f3 havia donat els seus fruits i que el p\u00fablic va poder gaudir de l\u2019espectacle. Sens dubte, va ser una experi\u00e8ncia que recordar\u00e9 amb molta il\u00b7lusi\u00f3.","protected":false},"excerpt":{"rendered":"<p>L\u2019\u00faltim dia de preparaci\u00f3 i representaci\u00f3 de l\u2019obra va ser una experi\u00e8ncia molt especial. Abans de comen\u00e7ar, em vaig sentir una mica avergonyit, per\u00f2 no tenia angoixa ni por, nom\u00e9s aquella sensaci\u00f3 t\u00edpica de saber que aviat actuar\u00edem davant de molta gent. Al mat\u00ed vam anar al gimn\u00e0s del centre per recollir tot el material &hellip; <\/p>\n<p class=\"link-more\"><a href=\"\/joseppla2026\/el-darrer-dia-de-lobra\/\" class=\"more-link\">Continua llegint <span class=\"screen-reader-text\">\u00abEl darrer dia de l\u2019obra\u00bb<\/span><\/a><\/p>\n","protected":false},"author":5,"featured_media":0,"comment_status":"closed","ping_status":"","sticky":false,"template":"","format":"standard","meta":{"footnotes":""},"categories":[1],"tags":[],"class_list":["post-88","post","type-post","status-publish","format-standard","hentry","category-general"],"_links":{"self":[{"href":"\/joseppla2026\/wp-json\/wp\/v2\/posts\/88","targetHints":{"allow":["GET"]}}],"collection":[{"href":"\/joseppla2026\/wp-json\/wp\/v2\/posts"}],"about":[{"href":"\/joseppla2026\/wp-json\/wp\/v2\/types\/post"}],"author":[{"embeddable":true,"href":"\/joseppla2026\/wp-json\/wp\/v2\/users\/5"}],"replies":[{"embeddable":true,"href":"\/joseppla2026\/wp-json\/wp\/v2\/comments?post=88"}],"version-history":[{"count":1,"href":"\/joseppla2026\/wp-json\/wp\/v2\/posts\/88\/revisions"}],"predecessor-version":[{"id":89,"href":"\/joseppla2026\/wp-json\/wp\/v2\/posts\/88\/revisions\/89"}],"wp:attachment":[{"href":"\/joseppla2026\/wp-json\/wp\/v2\/media?parent=88"}],"wp:term":[{"taxonomy":"category","embeddable":true,"href":"\/joseppla2026\/wp-json\/wp\/v2\/categories?post=88"},{"taxonomy":"post_tag","embeddable":true,"href":"\/joseppla2026\/wp-json\/wp\/v2\/tags?post=88"}],"curies":[{"name":"wp","href":"https:\/\/api.w.org\/{rel}","templated":true}]}}