{"id":1,"date":"2024-10-03T15:02:00","date_gmt":"2024-10-03T13:02:00","guid":{"rendered":"\/lamina2025\/?p=1"},"modified":"2024-10-07T15:45:01","modified_gmt":"2024-10-07T13:45:01","slug":"agnes-sales-i-hector-plaza-en-residencia-a-linstitut-escola-la-mina","status":"publish","type":"post","link":"\/lamina2025\/agnes-sales-i-hector-plaza-en-residencia-a-linstitut-escola-la-mina\/","title":{"rendered":"Agn\u00e8s Sales i H\u00e9ctor Plaza EN RESiD\u00c8NCiA a l&#8217;Institut Escola La Mina"},"content":{"rendered":"\n<p class=\"wp-block-paragraph\">Agn\u00e8s Sales i H\u00e9ctor Plaza ja ha iniciat el proc\u00e9s de creaci\u00f3 EN RESiD\u00c8NCiA a l&#8217;Institut Escola La Mina (La Mina, Sant Adri\u00e0 de Bes\u00f2s). En aquest blog podreu seguir els moments clau d\u2019un proc\u00e9s obert, amb un final no predefinit. Fins molt aviat!!<\/p>\n\n\n\n<p class=\"wp-block-paragraph\"><\/p>\n","protected":false},"excerpt":{"rendered":"<p>Agn\u00e8s Sales i H\u00e9ctor Plaza ja ha iniciat el proc\u00e9s de creaci\u00f3 EN RESiD\u00c8NCiA a l&#8217;Institut Escola La Mina (La Mina, Sant Adri\u00e0 de Bes\u00f2s). En aquest blog podreu seguir els moments clau d\u2019un proc\u00e9s obert, amb un final no predefinit. Fins molt aviat!!<\/p>\n","protected":false},"author":1,"featured_media":0,"comment_status":"closed","ping_status":"open","sticky":false,"template":"","format":"standard","meta":{"footnotes":""},"categories":[1],"tags":[],"class_list":["post-1","post","type-post","status-publish","format-standard","hentry","category-general"],"_links":{"self":[{"href":"\/lamina2025\/wp-json\/wp\/v2\/posts\/1","targetHints":{"allow":["GET"]}}],"collection":[{"href":"\/lamina2025\/wp-json\/wp\/v2\/posts"}],"about":[{"href":"\/lamina2025\/wp-json\/wp\/v2\/types\/post"}],"author":[{"embeddable":true,"href":"\/lamina2025\/wp-json\/wp\/v2\/users\/1"}],"replies":[{"embeddable":true,"href":"\/lamina2025\/wp-json\/wp\/v2\/comments?post=1"}],"version-history":[{"count":6,"href":"\/lamina2025\/wp-json\/wp\/v2\/posts\/1\/revisions"}],"predecessor-version":[{"id":366,"href":"\/lamina2025\/wp-json\/wp\/v2\/posts\/1\/revisions\/366"}],"wp:attachment":[{"href":"\/lamina2025\/wp-json\/wp\/v2\/media?parent=1"}],"wp:term":[{"taxonomy":"category","embeddable":true,"href":"\/lamina2025\/wp-json\/wp\/v2\/categories?post=1"},{"taxonomy":"post_tag","embeddable":true,"href":"\/lamina2025\/wp-json\/wp\/v2\/tags?post=1"}],"curies":[{"name":"wp","href":"https:\/\/api.w.org\/{rel}","templated":true}]}}